{"id":28242,"date":"2014-03-16T00:00:00","date_gmt":"2014-03-15T23:00:00","guid":{"rendered":"https:\/\/aspeninstitutece.softmedia.cz\/news-article\/art-business\/"},"modified":"2024-11-20T19:11:27","modified_gmt":"2024-11-20T18:11:27","slug":"art-business","status":"publish","type":"news-article","link":"https:\/\/www.aspeninstitutece.org\/cs\/news-article\/art-business\/","title":{"rendered":"Art &amp; Business"},"content":{"rendered":"<p>\n\tThe Aspen Institute Prague and The Chemistry Gallery organized the&nbsp;<em><strong>Art and Business<\/strong><\/em> public debate, which assessed the cooperation between artists and private companies in the Czech Republic.<\/p>\n<p>\n\tThe event was organized in cooperation with the American Chamber of Commerce in the Czech Republic within the 13th contemporary art fair Art Prague.<\/p>\n<p>\n\tPanelists:<\/p>\n<ul>\n<li>\n\t\t<strong>Radan Kubr<\/strong>, Partner, PRK Partners, attorneys at law<\/li>\n<li>\n\t\t<strong>Pasta Oner<\/strong>, artist<\/li>\n<li>\n\t\t<strong>Petr Plocek<\/strong>, Press Spokesperson, UniCredit Bank \u010cR&nbsp;<\/li>\n<li>\n\t\t<strong>Ji\u0159\u00ed R\u00e1kosn\u00edk<\/strong>, Marketing Director, Heineken \u010cR<\/li>\n<\/ul>\n<p>\n\tChairs:<\/p>\n<ul>\n<li>\n\t\t<strong>Petr H\u00e1jek<\/strong>, owner and Director, The Chemistry Gallery<\/li>\n<li>\n\t\t<strong>Maria Staszkiewicz<\/strong>, Deputy Executive Director, Aspen Institute Prague<\/li>\n<\/ul>\n","protected":false},"excerpt":{"rendered":"<p>Take a look at photos from the public debate organized with The Chemistry Gallery within the 2014 Art Prague.<\/p>\n","protected":false},"featured_media":0,"template":"","meta":{"_acf_changed":false},"news-tag":[17],"class_list":["post-28242","news-article","type-news-article","status-publish","hentry","news-tag-urban-culture-debates"],"acf":[],"_links":{"self":[{"href":"https:\/\/www.aspeninstitutece.org\/cs\/wp-json\/wp\/v2\/news-article\/28242","targetHints":{"allow":["GET"]}}],"collection":[{"href":"https:\/\/www.aspeninstitutece.org\/cs\/wp-json\/wp\/v2\/news-article"}],"about":[{"href":"https:\/\/www.aspeninstitutece.org\/cs\/wp-json\/wp\/v2\/types\/news-article"}],"wp:attachment":[{"href":"https:\/\/www.aspeninstitutece.org\/cs\/wp-json\/wp\/v2\/media?parent=28242"}],"wp:term":[{"taxonomy":"news-tag","embeddable":true,"href":"https:\/\/www.aspeninstitutece.org\/cs\/wp-json\/wp\/v2\/news-tag?post=28242"}],"curies":[{"name":"wp","href":"https:\/\/api.w.org\/{rel}","templated":true}]}}