{"id":28339,"date":"2016-01-12T00:00:00","date_gmt":"2016-01-11T23:00:00","guid":{"rendered":"https:\/\/aspeninstitutece.softmedia.cz\/news-article\/open-up-creative-placemaking-festival-2015-conference-materials-and-conclusions\/"},"modified":"2024-11-20T19:05:49","modified_gmt":"2024-11-20T18:05:49","slug":"open-up-creative-placemaking-festival-2015-conference-materials-and-conclusions","status":"publish","type":"news-article","link":"https:\/\/www.aspeninstitutece.org\/cs\/news-article\/open-up-creative-placemaking-festival-2015-conference-materials-and-conclusions\/","title":{"rendered":"Open Up! Creative Placemaking Festival 2015 | Conference Materials and Conclusions"},"content":{"rendered":"<p>\n\tThe second festival&#039;s edition took place on <strong>December 2-3, 2015<\/strong>&nbsp;in Pilsen and Prague and was co-organized with <strong>Pilsen 2015.<\/strong><\/p>\n<p>\n\tIts first part, the&nbsp;<strong>public conference<\/strong> in <a href=\"http:\/\/www.depo2015.cz\/\" target=\"_blank\" rel=\"noopener\">DEPO2015<\/a>, hosted a number of distinguished guests and experts, both from the Czech Republic and abroad, including <strong>Kim Tuin<\/strong> (NDSM Amsterdam), <strong>Agata Etmanowicz<\/strong> (Fabryka Sztuki, Poland), <strong>Michael Badics<\/strong> (Ars Electronica Solutions, Austria), <strong>Levente Poly\u00e1k<\/strong> (Hungarian Contemporary Architecture Center),&nbsp;<strong>Zora Jaurov\u00e1<\/strong> (Creative Industry Forum, Slovakia), <strong>Peter Radkoff<\/strong> (Taba\u010dka Kulturfabrik, Slovakia), <strong>Hana T\u0159e\u0161t\u00edkov\u00e1 <\/strong>(Prague 7 City Council), <strong>\u0160t\u011bp\u00e1n Kubi\u0161ta<\/strong> (Jatka78, Czech Republic). Participants discussed the reshaping of cities and places, engagement of local communities, and the use of modern technologies in urban development.&nbsp;<\/p>\n<p>\n\tThe program continued with <strong>presentations<\/strong> of the <a href=\"http:\/\/www.aspeninstitute.cz\/en\/news\/open-app-competition\/\" target=\"_blank\" rel=\"noopener\">Open App! competition<\/a> finalists. The project <a href=\"https:\/\/www.facebook.com\/naovoce\/?fref=ts\" target=\"_blank\" rel=\"noopener\">Na ovoce<\/a>&nbsp;won the first prize sponsored by MasterCard.<\/p>\n<p>\n\tOn the second day, some of the issues brought up at the public conference were further discussed at four parallel <strong>expert sessions<\/strong>. The workshops were attended by representatives of cultural institutions, members of the public administration, activists, and independent experts. &nbsp;<\/p>\n<p>\n\tFor a detailed agenda see the <a href=\"https:\/\/www.aspeninstitutece.org\/wp-content\/uploads\/aspen-media\/images_upload\/files\/Open%20Up!%202015\/Open%20Up!%20program.pdf\" target=\"_blank\" rel=\"noopener\">festival brochure<\/a>.&nbsp;<\/p>\n<p>\n\tThe <strong>CONCLUSIONS OF THE FESTIVAL<\/strong> are available under the following links:<\/p>\n<p>\n\t<a href=\"https:\/\/www.aspeninstitutece.org\/wp-content\/uploads\/aspen-media\/images_upload\/files\/Open%20Up!%202015\/Open%20Up!%20conclusions_EN.pdf\" target=\"_blank\" rel=\"noopener\">English version<\/a><br \/>\n\t<a href=\"https:\/\/www.aspeninstitutece.org\/wp-content\/uploads\/aspen-media\/images_upload\/files\/Open%20Up!%202015\/Open%20Up!%20shrnut%C3%AD_CS.pdf\" target=\"_blank\" rel=\"noopener\">Czech version<\/a><\/p>\n<p>\n\tPRESENTATIONS OF THE CONFERENCE SPEAKERS:<\/p>\n<p>\n\t<a href=\"https:\/\/www.aspeninstitutece.org\/wp-content\/uploads\/aspen-media\/images_upload\/files\/Open%20Up!%202015\/Kriszta%20Csala_presentation.pdf\" target=\"_blank\" rel=\"noopener\">Kriszta Csala, Design Terminal Budapest<\/a><\/p>\n<p>\n\t<a href=\"https:\/\/www.aspeninstitutece.org\/wp-content\/uploads\/aspen-media\/images_upload\/files\/Open%20Up!%202015\/Deml_Jakub_SkryteMesto.pdf\" target=\"_blank\" rel=\"noopener\">Jakub Deml, Skryt\u00e9 m\u011bsto (Hidden city)<\/a><\/p>\n<p>\n\t<a href=\"https:\/\/www.aspeninstitutece.org\/wp-content\/uploads\/aspen-media\/images_upload\/files\/Open%20Up!%202015\/Agata%20Etmanowicz_presentation.pdf\" target=\"_blank\" rel=\"noopener\">Agata Etmanowicz, Fabryka Sztuki&nbsp;\u0141\u00f3d\u017a<\/a><\/p>\n<p>\n\t<a href=\"https:\/\/www.aspeninstitutece.org\/wp-content\/uploads\/aspen-media\/images_upload\/files\/Open%20Up!%202015\/Polyak_Levente_URBACT.pdf\" target=\"_blank\" rel=\"noopener\">Levente Poly\u00e1k, Eutropian<\/a><\/p>\n<p>\n\t<a href=\"https:\/\/www.aspeninstitutece.org\/wp-content\/uploads\/aspen-media\/images_upload\/files\/Open%20Up!%202015\/Peter%20Radkoff_prezentace.pdf\" target=\"_blank\" rel=\"noopener\">Peter Radkoff, Taba\u010dka Kulturfabrik<\/a><\/p>\n<p>\n\t<a href=\"https:\/\/www.aspeninstitutece.org\/wp-content\/uploads\/aspen-media\/images_upload\/files\/Open%20Up!%202015\/Ji%C5%99%C3%AD%20Sul%C5%BEenko_DEPO2015.pdf\" target=\"_blank\" rel=\"noopener\">Ji\u0159\u00ed Sul\u017eenko, DEPO2015<\/a><\/p>\n<p>\n\t<a href=\"https:\/\/www.aspeninstitutece.org\/wp-content\/uploads\/aspen-media\/images_upload\/files\/Open%20Up!%202015\/Kim%20Tuin_presentation.pdf\" target=\"_blank\" rel=\"noopener\">Kim Tuin, NDSM Amsterdam<\/a><\/p>\n<p>\n\t<a href=\"https:\/\/www.aspeninstitutece.org\/wp-content\/uploads\/aspen-media\/images_upload\/files\/Open%20Up!%202015\/Jan%20Zbirovsky_Zonky_prezentace.pdf\" target=\"_blank\" rel=\"noopener\">Jan Zbirovsk\u00fd, Zonky<\/a><\/p>\n<p>\n\tPRESENTATIONS OF THE OPEN APP! COMPETITION FINALISTS:<\/p>\n<p>\n\t<a href=\"https:\/\/www.aspeninstitutece.org\/wp-content\/uploads\/aspen-media\/images_upload\/files\/Open%20Up!%202015\/01_myHometown.pdf\" target=\"_blank\" rel=\"noopener\">Vladim\u00edr Eli\u00e1\u0161, myHometown<\/a><\/p>\n<p>\n\t<a href=\"https:\/\/www.aspeninstitutece.org\/wp-content\/uploads\/aspen-media\/images_upload\/files\/Open%20Up!%202015\/02_na_ovoce_prezentace_depo2105.pdf\" target=\"_blank\" rel=\"noopener\">Kate\u0159ina Kub\u00e1nkov\u00e1, Ond\u0159ej Nejedl\u00fd, Na ovoce<\/a><\/p>\n<p>\n\t<a href=\"https:\/\/www.aspeninstitutece.org\/wp-content\/uploads\/aspen-media\/images_upload\/files\/Open%20Up!%202015\/03_Pointvent.pdf\" target=\"_blank\" rel=\"noopener\">Adam Slez\u00e1k, Michal Kab\u00ed\u010dek, Pointvent<\/a><\/p>\n<p>\n\t<a href=\"https:\/\/www.aspeninstitutece.org\/wp-content\/uploads\/aspen-media\/images_upload\/files\/Open%20Up!%202015\/04_SharyLator%20Open%20App!.pdf\" target=\"_blank\" rel=\"noopener\">Robert Johnson, Sharylator<\/a><\/p>\n<p>\n\t&nbsp;<\/p>\n<p>\n\tYou can check the photos from the festival on our <a href=\"https:\/\/www.facebook.com\/media\/set\/?set=a.1077975638899455.1073741871.453697017993990&amp;type=3\" target=\"_blank\" rel=\"noopener\">Facebook profile<\/a>.<\/p>\n<p>\n\tA short video report and a full recording of the public conference are available below.<\/p>\n","protected":false},"excerpt":{"rendered":"<p>Conclusions, presentations, photos, and videos from the 2nd edition of the festival.<\/p>\n","protected":false},"featured_media":14651,"template":"","meta":{"_acf_changed":false},"news-tag":[17],"class_list":["post-28339","news-article","type-news-article","status-publish","has-post-thumbnail","hentry","news-tag-urban-culture-debates"],"acf":[],"_links":{"self":[{"href":"https:\/\/www.aspeninstitutece.org\/cs\/wp-json\/wp\/v2\/news-article\/28339","targetHints":{"allow":["GET"]}}],"collection":[{"href":"https:\/\/www.aspeninstitutece.org\/cs\/wp-json\/wp\/v2\/news-article"}],"about":[{"href":"https:\/\/www.aspeninstitutece.org\/cs\/wp-json\/wp\/v2\/types\/news-article"}],"wp:featuredmedia":[{"embeddable":true,"href":"https:\/\/www.aspeninstitutece.org\/cs\/wp-json\/wp\/v2\/media\/14651"}],"wp:attachment":[{"href":"https:\/\/www.aspeninstitutece.org\/cs\/wp-json\/wp\/v2\/media?parent=28339"}],"wp:term":[{"taxonomy":"news-tag","embeddable":true,"href":"https:\/\/www.aspeninstitutece.org\/cs\/wp-json\/wp\/v2\/news-tag?post=28339"}],"curies":[{"name":"wp","href":"https:\/\/api.w.org\/{rel}","templated":true}]}}