{"id":28448,"date":"2018-09-19T00:00:00","date_gmt":"2018-09-18T22:00:00","guid":{"rendered":"https:\/\/aspeninstitutece.softmedia.cz\/news-article\/the-face-of-europe-new-aspen-review-is-out\/"},"modified":"2024-10-25T18:10:59","modified_gmt":"2024-10-25T16:10:59","slug":"the-face-of-europe-new-aspen-review-is-out","status":"publish","type":"news-article","link":"https:\/\/www.aspeninstitutece.org\/cs\/news-article\/the-face-of-europe-new-aspen-review-is-out\/","title":{"rendered":"The Face of Europe \u2013 New Aspen.Review is out!"},"content":{"rendered":"<p>We\u00a0release the <strong>3rd issue of 2018\u00a0<a href=\"http:\/\/aspen.review\" rel=\"noopener\">Aspen.Review<\/a><\/strong>,\u00a0this time\u00a0with the title\u00a0<strong>The Face of Europe<\/strong>. Look with us at the picture revealing the multiple faces of the past and today&#8217;s Europe \u2013\u00a0this time we\u00a0offer different views on Europe facing topical issues, such as liberal democracy, integration\u00a0or populism.<\/p>\n<p>We are happy to share with you this topic in the newest Aspen Review articles, interviews, and comments. We&#8217;re looking forward to your feedback!<\/p>\n<p><a href=\"http:\/\/aspen.review\" rel=\"noopener\"><img loading=\"lazy\" decoding=\"async\" class=\"aligncenter wp-image-7803 size-full\" src=\"https:\/\/www.aspeninstitutece.org\/wp-content\/uploads\/aspen-media\/2018\/08\/web_baner_aspen_review_413x575_origin.png\" alt=\"\" width=\"413\" height=\"575\" \/><\/a><\/p>\n<h1>The Face of Europe<\/h1>\n<p>Europe has been changing. How many faces and what kind of faces does\u00a0it have? Where does the border of European wealth and political culture lie? Should we expect deeper integration of the EU in the years to come? Get to know the real face(s) of Europe.<\/p>\n<blockquote><p>With the exit of Britain from the EU, many non-eurozone members feel that further integration could become solely dependent on the Franco-German axis.\u2014Eoin Drea<\/p><\/blockquote>\n<p>&nbsp;<\/p>\n<p><img loading=\"lazy\" decoding=\"async\" class=\"aligncenter wp-image-7746 size-full\" src=\"https:\/\/www.aspeninstitutece.org\/wp-content\/uploads\/aspen-media\/2018\/08\/cover_image_social_aspen_review_1200x6284.png\" alt=\"\" width=\"1200\" height=\"628\" \/><\/p>\n<blockquote><p>&nbsp;<\/p>\n<p>EU leaders need to be prepared to take courageous and timely decisions in areas they tried to avoid so far.\u2014Mikul\u00e1\u0161 Dzurinda<\/p><\/blockquote>\n<p><img loading=\"lazy\" decoding=\"async\" class=\"wp-image-7737 size-medium alignright\" src=\"https:\/\/www.aspeninstitutece.org\/wp-content\/uploads\/aspen-media\/2018\/08\/cover_image_social_aspen_review_1200x6282-300x157.png\" alt=\"\" width=\"300\" height=\"157\" \/>In his interview, the former Slovakian Prime Minister<strong>\u00a0Mikul\u00e1\u0161 Dzurinda<\/strong>\u00a0talks\u00a0about\u00a0<em>overpromising\u00a0and underdelivering<\/em> in\u00a0the current politics, while people worry about the rapidly changing conditions around them.\u00a0<a href=\"https:\/\/www.aspen.review\/article\/2018\/mikulas-dzurinda-european-union-needs-something-mere-face-lift\/\" rel=\"noopener\">The\u00a0EU\u00a0needs something more than a mere face-lift<\/a>, he says.<\/p>\n<p>According to\u00a0<strong>Philipp Bagus<\/strong>, Europe stands at a crossroads and it is the euro\u2019s future that will decide whether Europe\u00a0chooses\u00a0centralization or liberty. Read more in\u00a0the article <a href=\"https:\/\/www.aspen.review\/article\/2018\/dangerous-march-towards-european-superstate\/\" rel=\"noopener\">Dangerous March towards European Superstate<\/a>.<\/p>\n<p>And our AYLP\u00a0alumnus, an architect and urban activist\u00a0<strong>Mat\u00fa\u0161 Vallo<\/strong>,\u00a0will show you the <a href=\"https:\/\/www.aspen.review\/article\/2018\/matus-vallo-slovak-time-trial\/\" rel=\"noopener\">Slovak Time of Trial<\/a>. Let&#8217;s see what the future months will bring to us.<\/p>\n<blockquote><p>Building a proper European army, along with a relevant defensive strategy, would help persuade Central and Eastern Europe to support deeper EU integration.\u2014Jan Sowa<\/p><\/blockquote>\n<p>Besides the cover story read articles on other topics: the former Czech PM\u00a0<strong>Vladim\u00edr \u0160pidla<\/strong> wrote a <a href=\"https:\/\/www.aspen.review\/article\/2018\/notes-strategy-eu-budget\/\" rel=\"noopener\">Few Notes on a Strategy for the EU Budget<\/a>\u00a0and\u00a0<strong>Ilda G. T\u00f3th <\/strong>reports on\u00a0<a href=\"https:\/\/www.aspen.review\/article\/2018\/startups-in-hungary\/\" rel=\"noopener\">Startups in Hungary<\/a>.\u00a0You can also read about the book\u00a0<a href=\"https:\/\/www.aspen.review\/article\/2018\/guarantees-good-future-freedom\/\" rel=\"noopener\">The Future of Freedom<\/a>\u00a0by\u00a0<strong>Fareed Zakaria<\/strong>. Discover more in this issue!<\/p>\n<blockquote>\n<p dir=\"ltr\">The popularity of liberal governments never lasted long\u2014more often than not they were denounced for real or imagined corruption, lacking ideals, or being oblivious to the fate of \u201cthe common man.\u201d\u2014Krzysztof Stefan Iszkowski<\/p>\n<\/blockquote>\n<p dir=\"ltr\">Read the whole articles at the <a href=\"http:\/\/aspen.review\/?utm_source=mailing&amp;utm_campaign=mailing18-07\" rel=\"noopener\">Aspen.Review<\/a> website, download the eBook version or get a hard copy at one of our events.<\/p>\n<p style=\"text-align: center;\"><a class=\"btn view-secondary-text\" href=\"https:\/\/www.aspen.review\/issue\/the-face-of-europe\/\" rel=\"noopener\">Read Aspen.Review now!<\/a><\/p>\n<p>&nbsp;<\/p>\n<p dir=\"ltr\"><img loading=\"lazy\" decoding=\"async\" class=\"size-medium wp-image-7450 alignright\" src=\"https:\/\/www.aspeninstitutece.org\/wp-content\/uploads\/aspen-media\/2018\/06\/mg_6860-300x200.jpg\" alt=\"\" width=\"300\" height=\"200\" \/>And the next issue? You can already be looking forward to the Aspenian energy\u00a0of\u00a0the future, next time in the\u00a0cover story\u00a0<strong>Future of Energy<\/strong>. Stay tuned and enjoy the reading!<\/p>\n<p dir=\"ltr\">And don&#8217;t hesitate to share texts with your friends on Facebook and Twitter! Thank you.<\/p>\n<p>&nbsp;<\/p>\n<p dir=\"ltr\"><strong>Jenda<\/strong> <strong>\u017d\u00e1\u010dek<br \/>\n<\/strong>Publishing Editor of\u00a0Aspen.Review<\/p>\n","protected":false},"excerpt":{"rendered":"<p>We release the 3nd issue of 2018 Aspen.Review, now with the title The Face of Europe.<\/p>\n","protected":false},"featured_media":17769,"template":"","meta":{"_acf_changed":false},"news-tag":[],"class_list":["post-28448","news-article","type-news-article","status-publish","has-post-thumbnail","hentry"],"acf":[],"_links":{"self":[{"href":"https:\/\/www.aspeninstitutece.org\/cs\/wp-json\/wp\/v2\/news-article\/28448","targetHints":{"allow":["GET"]}}],"collection":[{"href":"https:\/\/www.aspeninstitutece.org\/cs\/wp-json\/wp\/v2\/news-article"}],"about":[{"href":"https:\/\/www.aspeninstitutece.org\/cs\/wp-json\/wp\/v2\/types\/news-article"}],"wp:featuredmedia":[{"embeddable":true,"href":"https:\/\/www.aspeninstitutece.org\/cs\/wp-json\/wp\/v2\/media\/17769"}],"wp:attachment":[{"href":"https:\/\/www.aspeninstitutece.org\/cs\/wp-json\/wp\/v2\/media?parent=28448"}],"wp:term":[{"taxonomy":"news-tag","embeddable":true,"href":"https:\/\/www.aspeninstitutece.org\/cs\/wp-json\/wp\/v2\/news-tag?post=28448"}],"curies":[{"name":"wp","href":"https:\/\/api.w.org\/{rel}","templated":true}]}}