{"id":28504,"date":"2020-01-02T00:00:00","date_gmt":"2020-01-01T23:00:00","guid":{"rendered":"https:\/\/aspeninstitutece.softmedia.cz\/news-article\/expertni-studie-umela-inteligence-a-prilezitosti-v-cr\/"},"modified":"2020-01-02T00:00:00","modified_gmt":"2020-01-01T23:00:00","slug":"expertni-studie-umela-inteligence-a-prilezitosti-v-cr","status":"publish","type":"news-article","link":"https:\/\/www.aspeninstitutece.org\/cs\/news-article\/expertni-studie-umela-inteligence-a-prilezitosti-v-cr\/","title":{"rendered":"Expertn\u00ed studie: <br>Um\u011bl\u00e1 inteligence <br>a p\u0159\u00edle\u017eitosti v \u010cR"},"content":{"rendered":"<p>Aspen Institute CE ve spolupr\u00e1ci s Microsoft \u010cesk\u00e1 republika a Slovensko vypracoval studii <em>Um\u011bl\u00e1 inteligence a p\u0159\u00edle\u017eitosti v \u010cesk\u00e9 republice<\/em>. Praha m\u00e1 ambice st\u00e1t se sv\u011btov\u00fdm centrem um\u011bl\u00e9 inteligence, m\u00e1 pro to skv\u011bl\u00e9 p\u0159edpoklady d\u00edky univerzitn\u00edmu intelektu\u00e1ln\u00edmu potenci\u00e1lu\u00a0pr\u00e1v\u011b v oblasti um\u011bl\u00e9 inteligence. Jak vypad\u00e1 vyu\u017e\u00edv\u00e1n\u00ed um\u011bl\u00e9 inteligence ve firemn\u00ed praxi, jak\u00e9 jsou na\u0161e siln\u00e9 a slab\u00e9 str\u00e1nky pro vytvo\u0159en\u00ed \u00fasp\u011b\u0161n\u00e9ho ekosyst\u00e9mu um\u011bl\u00e9 inteligence?<\/p>\n<p><a class=\"btn view-secondary-text\" href=\"https:\/\/www.aspeninstitutece.org\/wp-content\/uploads\/aspen-media\/2019\/12\/MS-AI-a-p\u0159\u00edle\u017eitosti-v-\u010cR.pdf\" target=\"_blank\" rel=\"noopener noreferrer\">Pln\u00e9 zn\u011bn\u00ed studie<\/a><\/p>\n<p>Studie Aspen Institute CE je kolektivn\u00edm d\u00edlem skupiny expert\u016f vypracovan\u00e1 ve spolupr\u00e1ci s Microsoft \u010cesk\u00e1 republika a Slovensko. Studie si klade za c\u00edl zhodnotit aktu\u00e1ln\u00ed situaci a ekonomick\u00e9 p\u0159\u00edle\u017eitosti spojen\u00e9 s rozvojem um\u011bl\u00e9 inteligence <em>(<a href=\"https:\/\/www.aspeninstitutece.org\/people-profile\/sara-boutall\/\">Sarah Boutall<\/a>, <a href=\"https:\/\/www.neuronsw.com\/\" rel=\"noopener\">Neuron Soundware<\/a>, absolventka Young Leaders Program)<\/em>. Na z\u00e1klad\u011b dat (p\u0159edev\u0161\u00edm z mezin\u00e1rodn\u00edch \u0161et\u0159en\u00ed <a href=\"https:\/\/ec.europa.eu\/eurostat\/cache\/metadata\/en\/isoc_e_esms.htm\" rel=\"noopener\"><em>ICT usage in enterprises<\/em><\/a>) studie analyzuje vyu\u017e\u00edv\u00e1n\u00ed ICT technologi\u00ed, automatizace a prvk\u016f potenci\u00e1ln\u011b\u00a0spojen\u00fdch s um\u011blou inteligenc\u00ed v\u00a0\u010desk\u00fdch firm\u00e1ch, a p\u0159in\u00e1\u0161\u00ed srovn\u00e1n\u00ed s\u00a0evropsk\u00fdmi st\u00e1ty.\u00a0Auto\u0159i se soust\u0159ed\u00ed p\u0159edev\u0161\u00edm na identifikaci aspekt\u016f, kde \u010cR v\u00fdrazn\u011bji vybo\u010duje z pr\u016fm\u011bru \u010dlensk\u00fdch st\u00e1t\u016f EU, p\u0159\u00edpadn\u011b podobn\u011b ekonomicky vysp\u011bl\u00fdch zem\u00ed, a kde se v\u00fdrazn\u011b li\u0161\u00ed v\u00a0dynamice zm\u011bn <em>(<a href=\"https:\/\/www.cerge-ei.cz\/people\/daniel-munich\" rel=\"noopener\">Daniel M\u00fcnich<\/a>, Daniil Kashkarov, think-tank <a href=\"https:\/\/idea.cerge-ei.cz\/\" rel=\"noopener\">IDEA p\u0159i CERGE-EI<\/a>)<\/em>. P\u0159\u00edslu\u0161n\u00e9 kapitoly se pak v\u011bnuj\u00ed pr\u00e1vn\u00edm ot\u00e1zk\u00e1m spojen\u00fdm s um\u011blou inteligenc\u00ed <em>(Veronika \u017dolner\u010d\u00edkov\u00e1, doktorandka \u00dastavu pr\u00e1va a technologi\u00ed, <a href=\"https:\/\/www.law.muni.cz\/content\/cs\/\" rel=\"noopener\">Pr\u00e1vnick\u00e1 fakulta MU<\/a>), <\/em>perspektiv\u00e1m\u00a0(celo\u017eivotn\u00edho) vzd\u011bl\u00e1v\u00e1n\u00ed s ohledem na dopady um\u011bl\u00e9 inteligence na pracovn\u00ed trh v \u010cesk\u00e9 republice\u00a0<em>(Luk\u00e1\u0161 Rejchrt, <a href=\"https:\/\/www.edhance.eu\/\" rel=\"noopener\">Edhance<\/a>)<\/em>, a dal\u0161\u00edm mo\u017enostem \u0159e\u0161it struktur\u00e1ln\u00ed nedostatky vysoce kvalifikovan\u00e9 s\u00edly v kontextu transformace hospod\u00e1\u0159stv\u00ed na znalostn\u00ed ekonomiku <em>(<a href=\"http:\/\/www.geomigrace.cz\/?q=cs\/node\/137\" rel=\"noopener\">Ond\u0159ej Valenta<\/a>, v\u00fdzkumn\u00e9 centrum <a href=\"http:\/\/www.geomigrace.cz\/\" rel=\"noopener\">GEOMIGRACE<\/a>)<\/em>.<\/p>\n<p>Vybran\u00e9 poznatky ze studie<em>\u00a0Um\u011bl\u00e1 inteligence a p\u0159\u00edle\u017eitosti v \u010cR<\/em>\u00a0p\u0159edstavil gener\u00e1ln\u00ed \u0159editel Microsoft \u010cesk\u00e1 republika a Slovensko <a href=\"https:\/\/www.aspeninstitutece.org\/people-profile\/rudolf-urbanek\/\">Rudolf Urb\u00e1nek<\/a> na v\u00fdro\u010dn\u00ed konferenci Aspen Insitute CE <em><a href=\"https:\/\/www.aspeninstitutece.org\/news-article\/kamkraciscesko2019\/\">Kam kr\u00e1\u010d\u00ed\u0161, \u010cesko<\/a>\u00a0<\/em>\u00a0(<a href=\"https:\/\/www.ceskatelevize.cz\/porady\/10000000308-kam-kracis-cesko\/21925400145-2019\/\" rel=\"noopener\">z\u00e1znam<\/a> 2.35:37).<\/p>\n","protected":false},"excerpt":{"rendered":"<p>Expertn\u00ed studie vypracovan\u00e1 ve spolupr\u00e1ci s Microsoft si klade za c\u00edl zhodnotit aktu\u00e1ln\u00ed situaci a ekonomick\u00e9 p\u0159\u00edle\u017eitosti spojen\u00e9 s rozvojem um\u011bl\u00e9 inteligence.<\/p>\n","protected":false},"featured_media":19802,"template":"","meta":{"_acf_changed":false},"news-tag":[],"class_list":["post-28504","news-article","type-news-article","status-publish","has-post-thumbnail","hentry"],"acf":[],"_links":{"self":[{"href":"https:\/\/www.aspeninstitutece.org\/cs\/wp-json\/wp\/v2\/news-article\/28504","targetHints":{"allow":["GET"]}}],"collection":[{"href":"https:\/\/www.aspeninstitutece.org\/cs\/wp-json\/wp\/v2\/news-article"}],"about":[{"href":"https:\/\/www.aspeninstitutece.org\/cs\/wp-json\/wp\/v2\/types\/news-article"}],"wp:featuredmedia":[{"embeddable":true,"href":"https:\/\/www.aspeninstitutece.org\/cs\/wp-json\/wp\/v2\/media\/19802"}],"wp:attachment":[{"href":"https:\/\/www.aspeninstitutece.org\/cs\/wp-json\/wp\/v2\/media?parent=28504"}],"wp:term":[{"taxonomy":"news-tag","embeddable":true,"href":"https:\/\/www.aspeninstitutece.org\/cs\/wp-json\/wp\/v2\/news-tag?post=28504"}],"curies":[{"name":"wp","href":"https:\/\/api.w.org\/{rel}","templated":true}]}}