{"id":28653,"date":"2022-02-04T00:00:00","date_gmt":"2022-02-03T23:00:00","guid":{"rendered":"https:\/\/aspeninstitutece.softmedia.cz\/news-article\/oznameni-pepper-de-callier\/"},"modified":"2022-01-17T00:00:00","modified_gmt":"2022-01-16T23:00:00","slug":"oznameni-pepper-de-callier","status":"publish","type":"news-article","link":"https:\/\/www.aspeninstitutece.org\/cs\/news-article\/oznameni-pepper-de-callier\/","title":{"rendered":"Ozn\u00e1men\u00ed Pepper de Callier"},"content":{"rendered":"<p><span style=\"font-weight: 400;\">S velk\u00fdm z\u00e1rmutkem oznamujeme, \u017ee v sobotu 29. ledna 2022, zem\u0159el Pepper de Callier.\u00a0<\/span><\/p>\n<p><span style=\"font-weight: 400;\">Pepper byl jedn\u00edm ze zakladatel\u016f Aspen Institute Central Europe, byl velmi v\u00fdjime\u010dn\u00fdm \u010dlov\u011bkem, kter\u00fd se v\u00fdznamn\u011b pod\u00edlel na jeho rozvoji v posledn\u00edch t\u00e9m\u011b\u0159 10 letech. Pepper se tak\u00e9 pod\u00edlel na v\u011bt\u0161in\u011b aktivit Institutu, zejm\u00e9na na programu Aspen Young Leaders.\u00a0<\/span><\/p>\n<p><span style=\"font-weight: 400;\">Pepper de Callier n\u00e1m bude chyb\u011bt a nav\u017edy z\u016fstane v na\u0161ich srdc\u00edch. R\u00e1di bychom vyj\u00e1d\u0159ili hlubokou soustrast jeho man\u017eelce Priscille a cel\u00e9 rodin\u011b.<\/span><\/p>\n<p><span style=\"font-weight: 400;\">*1946 &#8211; \u2020 2022<\/span><\/p>\n<p>&nbsp;<\/p>\n<div class=\"gmail_default\"><\/div>\n<div class=\"gmail_default\"><img loading=\"lazy\" decoding=\"async\" class=\"alignnone wp-image-21459\" src=\"https:\/\/www.aspeninstitutece.org\/wp-content\/uploads\/aspen-media\/2022\/02\/photo_vyska_bez.jpg\" alt=\"\" width=\"472\" height=\"619\" \/><\/div>\n<div class=\"gmail_default\"><\/div>\n","protected":false},"excerpt":{"rendered":"<p>S velk\u00fdm z\u00e1rmutkem oznamujeme, \u017ee v sobotu 29. ledna 2022, zem\u0159el Pepper de Callier.\u00a0 Pepper byl jedn\u00edm ze zakladatel\u016f Aspen Institute Central Europe, byl velmi v\u00fdjime\u010dn\u00fdm \u010dlov\u011bkem, kter\u00fd se v\u00fdznamn\u011b pod\u00edlel na jeho rozvoji v posledn\u00edch t\u00e9m\u011b\u0159 10 letech. Pepper se tak\u00e9 pod\u00edlel na v\u011bt\u0161in\u011b aktivit Institutu, zejm\u00e9na na programu Aspen Young Leaders.\u00a0 Pepper de [&hellip;]<\/p>\n","protected":false},"featured_media":12124,"template":"","meta":{"_acf_changed":false},"news-tag":[],"class_list":["post-28653","news-article","type-news-article","status-publish","has-post-thumbnail","hentry"],"acf":[],"_links":{"self":[{"href":"https:\/\/www.aspeninstitutece.org\/cs\/wp-json\/wp\/v2\/news-article\/28653","targetHints":{"allow":["GET"]}}],"collection":[{"href":"https:\/\/www.aspeninstitutece.org\/cs\/wp-json\/wp\/v2\/news-article"}],"about":[{"href":"https:\/\/www.aspeninstitutece.org\/cs\/wp-json\/wp\/v2\/types\/news-article"}],"wp:featuredmedia":[{"embeddable":true,"href":"https:\/\/www.aspeninstitutece.org\/cs\/wp-json\/wp\/v2\/media\/12124"}],"wp:attachment":[{"href":"https:\/\/www.aspeninstitutece.org\/cs\/wp-json\/wp\/v2\/media?parent=28653"}],"wp:term":[{"taxonomy":"news-tag","embeddable":true,"href":"https:\/\/www.aspeninstitutece.org\/cs\/wp-json\/wp\/v2\/news-tag?post=28653"}],"curies":[{"name":"wp","href":"https:\/\/api.w.org\/{rel}","templated":true}]}}