{"id":28661,"date":"2022-05-01T00:00:00","date_gmt":"2022-04-30T22:00:00","guid":{"rendered":"https:\/\/aspeninstitutece.softmedia.cz\/news-article\/diskuse-s-jacques-rupnik-visegradska-skupina-vedlejsi-obet-valky-na-ukrajine\/"},"modified":"2022-04-20T00:00:00","modified_gmt":"2022-04-19T22:00:00","slug":"diskuse-s-jacques-rupnik-visegradska-skupina-vedlejsi-obet-valky-na-ukrajine","status":"publish","type":"news-article","link":"https:\/\/www.aspeninstitutece.org\/cs\/news-article\/diskuse-s-jacques-rupnik-visegradska-skupina-vedlejsi-obet-valky-na-ukrajine\/","title":{"rendered":"Diskuse s Jacques Rupnik: Visegr\u00e1dsk\u00e1 skupina, vedlej\u0161\u00ed ob\u011b\u0165 v\u00e1lky na Ukrajin\u011b?"},"content":{"rendered":"<p><span style=\"font-weight: 400;\">Diskuse s Jacques Rupnik: Visegr\u00e1dsk\u00e1 skupina, vedlej\u0161\u00ed ob\u011b\u0165 v\u00e1lky na Ukrajin\u011b?<\/span><\/p>\n<p><span style=\"font-weight: 400;\">Dne 28. dubna 2022 prob\u011bhla online debata s n\u00e1zvem &#8222;Visegr\u00e1dsk\u00e1 skupina, vedlej\u0161\u00ed ob\u011b\u0165 v\u00e1lky na Ukrajin\u011b?&#8220;, kterou uspo\u0159\u00e1dal <a href=\"http:\/\/www.aspenfrance.org\/en\/\" rel=\"noopener\">Aspen Institute France<\/a> ve spolupr\u00e1ci s na\u0161\u00edm institutem. Geopolitick\u00e1 diskuse s <strong>Jacques Rupnik<\/strong>, politologem, emeritn\u00edm \u0159editelem v\u00fdzkumu na Sciences Po, se za<a id=\"post-preview\" class=\"preview button\" href=\"https:\/\/www.aspeninstitutece.org\/cs\/?post_type=m_news&amp;p=24976%2F&amp;preview=true\" target=\"wp-preview-24976\" rel=\"noopener\">Preview<\/a>m\u011b\u0159ila na r\u016fznorod\u00e9 vztahy mezi zem\u011bmi V4 a Ruskem, ale tak\u00e9 vysv\u011btlila roli Visegr\u00e1dsk\u00e9 skupiny v r\u00e1mci Evropsk\u00e9 unie.<\/span><\/p>\n<p><span style=\"font-weight: 400;\">T\u00e9matem diskuse byla Visegr\u00e1dsk\u00e1 skupina (Polsko, Ma\u010farsko, \u010cesk\u00e1 republika a Slovensko) a to, jak se v pr\u016fb\u011bhu let konsolidovala v reakci na technokratick\u00e9 a liber\u00e1ln\u00ed v\u00fdst\u0159elky Evropsk\u00e9 unie. Tyto zem\u011b vytvo\u0159ily v r\u00e1mci Unie vlivnou disidentskou skupinu. Spojuje je jejich n\u00e1rodn\u00ed suverenita podpo\u0159en\u00e1 konzervativn\u00edmi hodnotami a p\u0159eru\u0161ovan\u00e1 vertik\u00e1ln\u00ed prax\u00ed moci. Dnes je v\u0161ak jejich postoj v\u016f\u010di Putinovi rozd\u011bluje. Pom\u00e1h\u00e1 v\u00e1lka na Ukrajin\u011b evropsk\u00e9 jednot\u011b t\u00edm, \u017ee rozb\u00edj\u00ed Visegr\u00e1dskou skupinu?<\/span><\/p>\n<p><span style=\"font-weight: 400;\">Po uv\u00edtac\u00edch zdravic\u00edch pana <strong>Jean-Luc Allavena<\/strong>, p\u0159edsedy spr\u00e1vn\u00ed rady Aspen France, a pana <strong>Milana Va\u0161iny<\/strong>, v\u00fdkonn\u00e9ho \u0159editele Aspen Institute Central Europe, zah\u00e1jil diskusi moder\u00e1tor pan <strong>Jean-Christophe Bas<\/strong>.<\/span><\/p>\n<p><iframe loading=\"lazy\" title=\"Geopolitical Zoom with Jacques RUPNIK\" width=\"500\" height=\"281\" src=\"https:\/\/www.youtube.com\/embed\/moem4JM9Dr0?feature=oembed\" frameborder=\"0\" allow=\"accelerometer; autoplay; clipboard-write; encrypted-media; gyroscope; picture-in-picture; web-share\" referrerpolicy=\"strict-origin-when-cross-origin\" allowfullscreen><\/iframe><\/p>\n<p><span style=\"font-weight: 400;\">Jacques Rupnik sezn\u00e1mil p\u0159\u00edtomn\u00e9 s pov\u011bst\u00ed V4 z posledn\u00edch letech a s jej\u00ed tendenc\u00ed distancovat se od Evropsk\u00e9 unie v ot\u00e1zk\u00e1ch, jako je pr\u00e1vo EU, LGBT a migrace. Pouk\u00e1zal na vztah Orb\u00e1na a Kaczynsk\u00e9ho, kte\u0159\u00ed oba zast\u00e1vaj\u00ed n\u00e1zor, \u017ee Evropsk\u00e1 unie je p\u0159\u00edli\u0161 liber\u00e1ln\u00ed a dekadentn\u00ed, a proto by se m\u011bla vr\u00e1tit ke konzervativn\u00edm hodnot\u00e1m. Podle n\u011bj V4 neslou\u017e\u00ed sv\u00e9mu p\u016fvodn\u00edmu \u00fa\u010delu &#8211; demokratick\u00fdm hodnot\u00e1m, odstra\u0148ov\u00e1n\u00ed n\u00e1sledk\u016f komunistick\u00e9 diktatury, spolupr\u00e1ci na evropsk\u00e9 integraci &#8211; a je v obr\u00e1cen\u00e9m gardu.<\/span><\/p>\n<p><span style=\"font-weight: 400;\">Na druhou stranu Jacques Rupnik o\u010dek\u00e1v\u00e1, \u017ee vypjat\u00e9 spory mezi Evropskou uni\u00ed, Polskem a Ma\u010farskem budou do\u010dasn\u011b odsunuty do pozad\u00ed a bude se prim\u00e1rn\u011b \u0159e\u0161it spole\u010dn\u00e1 agenda. Polsko v\u0161ak st\u00e1le zast\u00e1v\u00e1 radik\u00e1ln\u00ed euroskeptick\u00fd postoj a v p\u0159\u00edpad\u011b t\u0159et\u00ed sv\u011btov\u00e9 v\u00e1lky se bude br\u00e1nit. P\u0159esto\u017ee Polsko prosazuje urychlen\u00fd vstup Ukrajiny do EU, p\u0159irovn\u00e1v\u00e1 EU k Sov\u011btsk\u00e9mu svazu.<\/span><\/p>\n<p><span style=\"font-weight: 400;\">B\u011bhem diskuse m\u011bli poslucha\u010di mo\u017enost polo\u017eit sv\u00e9 dotazy, z nich\u017e se jeden se t\u00fdkal vstupu Ukrajiny do EU. Jacques Rupnik p\u0159ipustil, \u017ee Rusko br\u00e1n\u00edc\u00ed svou agres\u00ed totalitn\u00ed re\u017eim, pom\u00e1h\u00e1 Ukrajin\u011b identifikovat stejn\u00e9 hodnoty jako m\u00e1 Z\u00e1pad a postoj zbytku sv\u011bta k Ukrajin\u011b se m\u011bn\u00ed. I kdy\u017e Ukrajina z\u00edsk\u00e1 status kandid\u00e1ta, nestane se \u010dlenem hned, s postupnou obnovou se nask\u00fdt\u00e1 p\u0159\u00edle\u017eitost p\u0159ehodnotit proces roz\u0161i\u0159ov\u00e1n\u00ed EU. Ten by se li\u0161il od krit\u00e9ri\u00ed platn\u00fdch pro st\u0159edn\u00ed Evropu. Existovaly by politick\u00e9 z\u00e1vazky, kter\u00e9 by vy\u017eadovaly okam\u017eitou reakci, po n\u00ed\u017e by n\u00e1sledovaly etapy integrace. Pr\u00e1ce na r\u016fzn\u00fdch \u00farovn\u00edch p\u0159edpokl\u00e1d\u00e1 diverzifikovanou Evropu.<\/span><\/p>\n<p>&nbsp;<\/p>\n<p><span style=\"font-weight: 400;\">\u00a0Podrobn\u011bji v z\u00e1znamu rozhovoru N\u00cd\u017dE:<\/span><\/p>\n","protected":false},"excerpt":{"rendered":"<p>Hlavn\u00edm t\u00e9matem t\u00e9to debaty, organizovan\u00e9 ve spolupr\u00e1ci s Aspen Institute France, byla Visegr\u00e1dsk\u00e1 skupina a jej\u00ed rostouc\u00ed divize.<\/p>\n","protected":false},"featured_media":12151,"template":"","meta":{"_acf_changed":false},"news-tag":[593],"class_list":["post-28661","news-article","type-news-article","status-publish","has-post-thumbnail","hentry","news-tag-transatlanticke-eu-aktivity"],"acf":[],"_links":{"self":[{"href":"https:\/\/www.aspeninstitutece.org\/cs\/wp-json\/wp\/v2\/news-article\/28661","targetHints":{"allow":["GET"]}}],"collection":[{"href":"https:\/\/www.aspeninstitutece.org\/cs\/wp-json\/wp\/v2\/news-article"}],"about":[{"href":"https:\/\/www.aspeninstitutece.org\/cs\/wp-json\/wp\/v2\/types\/news-article"}],"wp:featuredmedia":[{"embeddable":true,"href":"https:\/\/www.aspeninstitutece.org\/cs\/wp-json\/wp\/v2\/media\/12151"}],"wp:attachment":[{"href":"https:\/\/www.aspeninstitutece.org\/cs\/wp-json\/wp\/v2\/media?parent=28661"}],"wp:term":[{"taxonomy":"news-tag","embeddable":true,"href":"https:\/\/www.aspeninstitutece.org\/cs\/wp-json\/wp\/v2\/news-tag?post=28661"}],"curies":[{"name":"wp","href":"https:\/\/api.w.org\/{rel}","templated":true}]}}