{"id":28663,"date":"2022-05-11T00:00:00","date_gmt":"2022-05-10T22:00:00","guid":{"rendered":"https:\/\/aspeninstitutece.softmedia.cz\/news-article\/obrana-proti-ruske-agresi-na-ukrajine-rozhovor-s-nasim-partnerem-aspen-institute-kyjev\/"},"modified":"2022-05-27T00:00:00","modified_gmt":"2022-05-26T22:00:00","slug":"obrana-proti-ruske-agresi-na-ukrajine-rozhovor-s-nasim-partnerem-aspen-institute-kyjev","status":"publish","type":"news-article","link":"https:\/\/www.aspeninstitutece.org\/cs\/news-article\/obrana-proti-ruske-agresi-na-ukrajine-rozhovor-s-nasim-partnerem-aspen-institute-kyjev\/","title":{"rendered":"Obrana proti Rusk\u00e9 agresi na Ukrajin\u011b: rozhovor s na\u0161\u00edm partnerem Aspen Institute Kyjev"},"content":{"rendered":"<p>Aspen Institute CE uspo\u0159\u00e1dal se sv\u00fdm partnerem Aspen Institute Kyjev mezin\u00e1rodn\u00ed diskusi <a href=\"https:\/\/www.facebook.com\/hashtag\/ukrainiandialogue?__eep__=6&amp;__cft__[0]=AZUrV48ivBcVWhsyf5ivw1rppK46chxhBT6gDGg25M3CbfW-s-7t2saoNOstLWaWOHkarkFiqs85KpXFP7zy0Y1qNj9ulqkiGSFmZR5y5-PpHX1ypjVtb2Jvn2MjB9UFYgHiT5qzqIEBwcq_8T3OAJg6uYujjk9CGj2_vt_Qcq_XJg-cTfxneusHpplLaEXeUQU&amp;__tn__=*NK-R\" rel=\"noopener\">#UkrainianDialogue<\/a>, osmou debatu ze s\u00e9rie debat s <a href=\"https:\/\/www.aspeninstitute.org\/international-partners\/\" rel=\"noopener\">Aspen International Partners<\/a>. Diskusi moderoval <strong>Ivan Hod\u00e1\u010d<\/strong>, zakladatel a p\u0159edseda dozor\u010d\u00ed rady Aspen Institute Central Europe. V \u00favodu vystoupili se sv\u00fdm projevem <strong>Yuliya Tychkivska<\/strong>, v\u00fdkonn\u00e1 \u0159editelka Aspen Institute Kyiv, a <strong>Pavel \u0158eh\u00e1k<\/strong>, prezident Aspen Institute Central Europe.\u00a0 Hlavn\u00edm c\u00edlem projektu <a href=\"https:\/\/www.facebook.com\/hashtag\/ukrainiandialogue?__eep__=6&amp;__cft__[0]=AZUrV48ivBcVWhsyf5ivw1rppK46chxhBT6gDGg25M3CbfW-s-7t2saoNOstLWaWOHkarkFiqs85KpXFP7zy0Y1qNj9ulqkiGSFmZR5y5-PpHX1ypjVtb2Jvn2MjB9UFYgHiT5qzqIEBwcq_8T3OAJg6uYujjk9CGj2_vt_Qcq_XJg-cTfxneusHpplLaEXeUQU&amp;__tn__=*NK-R\" rel=\"noopener\">#UkrainianDialogue<\/a> je vytvo\u0159it platformu pro dialog mezi ukrajinsk\u00fdmi p\u0159edstaviteli a z\u00e1stupci mezin\u00e1rodn\u00edho prost\u0159ed\u00ed za \u00fa\u010delem sd\u00edlen\u00ed pravdiv\u00fdch informac\u00ed o rusko-ukrajinsk\u00e9 v\u00e1lce a diskuse o zp\u016fsobech, jak podpo\u0159it Ukrajinu v boji o v\u00edt\u011bzstv\u00ed.<\/p>\n<blockquote><p><strong>Pod\u00edvejte se na celou debatu:<\/strong><\/p><\/blockquote>\n<p><iframe loading=\"lazy\" title=\"Ukraine\u2019s Defense of Freedom: a conversation with our partner Aspen Institute Kyiv\" width=\"500\" height=\"281\" src=\"https:\/\/www.youtube.com\/embed\/Vd5Kv1zIW68?feature=oembed\" frameborder=\"0\" allow=\"accelerometer; autoplay; clipboard-write; encrypted-media; gyroscope; picture-in-picture; web-share\" referrerpolicy=\"strict-origin-when-cross-origin\" allowfullscreen><\/iframe><\/p>\n<p><strong>Natalie Jaresko: Jaresko: &#8222;Mus\u00edme neust\u00e1le posilovat na\u0161i osobn\u00ed anga\u017eovanost.&#8220;<\/strong><\/p>\n<p><span style=\"font-weight: 400;\">Natalie Jaresko je p\u0159edsedkyn\u00ed dozor\u010d\u00ed rady Aspen Institute Kyjev a v letech 2014-2016 byla ministryn\u00ed financ\u00ed Ukrajiny. Natalie je p\u0159esv\u011bd\u010dena, \u017ee rusk\u00e1 v\u00e1lka na Ukrajin\u011b p\u0159edstavuje existen\u010dn\u00ed riziko pro demokratick\u00fd sv\u011bt a ka\u017ed\u00fd nyn\u00ed stoj\u00ed p\u0159ed volbou:<\/span><\/p>\n<p><span style=\"font-weight: 400;\">&#8211; <em>Bu\u010f tuto v\u00e1lku vyhrajeme, a na Ukrajin\u011b zv\u00edt\u011bz\u00edme, nebo d\u00e1me Ukrajin\u011b to, co pot\u0159ebuje, aby v\u00e1lku vyhr\u00e1la. Anebo budeme \u010delit budoucnosti, kdy autokracie poraz\u00ed demokracii, nebo bude \u0161\u00ed\u0159en\u00ed jadern\u00fdch zbran\u00ed norm\u00e1ln\u00ed a jadern\u00e9 mocnosti si budou diktovat podm\u00ednky m\u00edru.<\/em><\/span><\/p>\n<p><span style=\"font-weight: 400;\">Natalie zd\u016fraznila, \u017ee v demokratick\u00e9m sv\u011bt\u011b se lid\u00e9 mus\u00ed sami rozhodovat a po\u017eadovat od sv\u00fdch volen\u00fdch z\u00e1stupc\u016f a spole\u010dnost\u00ed, aby jednali tak, jak od nich o\u010dek\u00e1vaj\u00ed:<\/span><\/p>\n<p><span style=\"font-weight: 400;\">&#8211; <em>Mus\u00edme neust\u00e1le zvy\u0161ovat svou osobn\u00ed anga\u017eovanost. Z m\u00e9ho pohledu to vych\u00e1z\u00ed z v\u00edce \u010d\u00e1st\u00ed. Za prv\u00e9, mus\u00edme nad\u00e1le nal\u00e9hat na na\u0161e zvolen\u00e9 p\u0159edstavitele, aby poskytli Ukrajin\u011b v\u011bt\u0161\u00ed vojenskou a finan\u010dn\u00ed podporu, a mus\u00ed to ud\u011blat urychlen\u011b. Za druh\u00e9, mus\u00edme v\u011bnovat pozornost tomu, co podnikatelsk\u00e1 komunita v Rusku d\u011bl\u00e1. M\u011bli bychom ud\u011blat v\u0161e pro izolaci rusk\u00e9 ekonomiky. Pokud uvid\u00edme n\u011bjakou spole\u010dnost, kter\u00e1 v Rusku nad\u00e1le podnik\u00e1, mus\u00edme bojkotovat jej\u00ed v\u00fdrobky a slu\u017eby.\u00a0<\/em><\/span><\/p>\n<p><strong>Ivanna Klympush-Tsintsadze: &#8222;Rusko takov\u00e9, jak\u00e9 je, je t\u0159eba zni\u010dit. Ne fyzicky, ale ekonomicky.&#8220;\u00a0<\/strong><\/p>\n<p><span style=\"font-weight: 400;\">Ivanna Klympush-Tsintsadze je p\u0159edsedkyn\u00ed parlamentn\u00edho v\u00fdboru pro integraci Ukrajiny do Evropsk\u00e9 unie. Byla m\u00edstop\u0159edsedkyn\u00ed ukrajinsk\u00e9 vl\u00e1dy pro evropskou a euroatlantickou integraci (2016-2019). Ivanna zd\u016fraz\u0148uje, \u017ee je d\u016fle\u017eit\u00e9 pochopit, \u017ee Putin a Rusko nevyhl\u00e1sili v\u00e1lku v\u00fdhradn\u011b Ukrajin\u011b. Tato v\u00e1lka je nam\u00ed\u0159ena proti spole\u010dn\u00e9mu Z\u00e1padu a svobodn\u00fdm hodnot\u00e1m, kter\u00e9 h\u00e1j\u00edme.\u00a0<\/span><\/p>\n<p><span style=\"font-weight: 400;\">Tak\u00e9 zd\u016fraznila, \u017ee a\u0165 se rusk\u00e9 \u00fazem\u00ed jmenuje jakkoli &#8211; bu\u010f carsk\u00e9 Rusko, nebo SSSR, nebo Rusk\u00e1 federace &#8211; v\u017edy produkuje despocii, diktaturu a v\u017edy se sna\u017e\u00ed bojovat a dob\u00fdvat ve v\u00e1lk\u00e1ch.<\/span><\/p>\n<p><em>&#8211; Mus\u00edme si p\u0159iznat, \u017ee sm\u00ed\u0159liv\u00e1 politika nebo navazov\u00e1n\u00ed obchodn\u00edch vztah\u016f s Ruskou federac\u00ed po skon\u010den\u00ed studen\u00e9 v\u00e1lky v domn\u011bn\u00ed, \u017ee se Rusk\u00e1 federace zm\u011bn\u00ed, byla v\u00e1\u017enou chybou. Nyn\u00ed je d\u016fle\u017eit\u00e9 pochopit, \u017ee \u201cKart\u00e1go\u201d je t\u0159eba zni\u010dit. Rusko, takov\u00e9, jak\u00e9 je, je t\u0159eba zni\u010dit. Ne fyzicky, ale ekonomicky. Je t\u0159eba, aby benz\u00ednov\u00e1 stanice z\u016fstala bez zdroj\u016f, a d\u00edky tomu se nepokou\u0161ela znovu opakovat v\u00e1lku. Ne nutn\u011b proti Ukrajin\u011b, ale proti dal\u0161\u00edm zem\u00edm st\u0159edn\u00ed Evropy, st\u0159edn\u00ed Asie a tak d\u00e1le.<\/em><\/p>\n<p><strong>Andrey Stavnitser: &#8222;Nadn\u00e1rodn\u00ed humanit\u00e1rn\u00ed organizace by m\u011bly p\u0159estat \u0159e\u010dnit a kone\u010dn\u011b za\u010d\u00edt jednat.&#8220;\u00a0<\/strong><\/p>\n<p><span style=\"font-weight: 400;\">Andrey Stavnitser je majitelem a gener\u00e1ln\u00edm \u0159editelem skupiny termin\u00e1l\u016f TIS a \u010dlenem dozor\u010d\u00ed rady Aspen Institute Kyiv. Druh\u00fd den v\u00e1lky se za\u010dal zab\u00fdvat logistikou a otev\u0159el humanit\u00e1rn\u00ed centrum v Helmu (Polsko). Pot\u00e9 v Lublinu a Rumunsku. Andrey upozornil na probl\u00e9m pozastaven\u00ed v\u011bt\u0161iny humanit\u00e1rn\u00ed pomoci, kter\u00e1 p\u0159ich\u00e1z\u00ed na Ukrajinu.\u00a0<\/span><\/p>\n<p><em>&#8211; Po 6-8 t\u00fddnech v\u00e1lky p\u0159ich\u00e1zela velk\u00e1 \u010d\u00e1st humanit\u00e1rn\u00ed pomoci od fyzick\u00fdch osob, jednotlivc\u016f a korporac\u00ed z cel\u00e9ho sv\u011bta. Uskute\u010dnily se mo\u017en\u00e1 a\u017e 4 z\u00e1silky a pak byly jejich zdroje zjevn\u011b vy\u010derp\u00e1ny. Velk\u00e9 nadn\u00e1rodn\u00ed humanit\u00e1rn\u00ed organizace m\u011bly v t\u00e9to dob\u011b zas\u00e1hnout, ale neud\u011blaly to, proto\u017ee jsou super byrokratick\u00e9. Tyto organizace by m\u011bly p\u0159estat \u0159e\u010dnit a kone\u010dn\u011b za\u010d\u00edt jednat a poskytovat pomoc tam, kde je j\u00ed t\u0159eba.<\/em><\/p>\n<p><span style=\"font-weight: 400;\">Andrej tak\u00e9 \u0159ekl, \u017ee byznys, kter\u00fd pom\u00e1h\u00e1 p\u0159i obnov\u011b Ukrajiny, je v jist\u00e9m smyslu tak\u00e9 soci\u00e1ln\u00edm byznysem.<\/span><\/p>\n<p><strong>Volodymyr Yermolenko: &#8222;\u010cel\u00edme n\u00e1vratu zla a probl\u00e9m je, \u017ee ve v\u00fdchodn\u00ed Evrop\u011b nebylo toto zlo nikdy odsouzeno.&#8220;<\/strong><\/p>\n<p><span style=\"font-weight: 400;\">Volodymyr Yermolenko je ukrajinsk\u00fd filozof, novin\u00e1\u0159 a publicista. Je tak\u00e9 \u0159editelem analytick\u00e9 spole\u010dnosti Interviews Ukraine. Volodymyr je p\u0159esv\u011bd\u010den, \u017ee mezi dal\u0161\u00ed hodnoty, kter\u00e9 m\u016f\u017ee Ukrajina p\u0159in\u00e9st sv\u011btu, pat\u0159\u00ed vysoce decentralizovan\u00fd duch jej\u00ed spole\u010dnosti:\u00a0<\/span><\/p>\n<p><span style=\"font-weight: 400;\"><em>&#8211; Pro\u010d jsou Ukrajinci tak efektivn\u00ed v dobrovolnick\u00e9m horizont\u00e1ln\u00edm hnut\u00ed? Jeliko\u017e to m\u00e1me veps\u00e1no v na\u0161\u00ed politick\u00e9 tradici. Tato tradice byla zcela smaz\u00e1na minul\u00fdmi stalet\u00edmi. Byla vymaz\u00e1na rusk\u00fdm imperi\u00e1ln\u00edm narativem, a pokud se pod\u00edv\u00e1te na diskurz 19. stolet\u00ed, uvid\u00edte, \u017ee koncept v\u00fdchodn\u00ed Evropy byl zrovnopr\u00e1vn\u011bn s konceptem rusk\u00e9ho imp\u00e9ria. Ukrajinci poukazuj\u00ed na to, \u017ee je mo\u017en\u00e9 vytvo\u0159it jinou v\u00fdchodn\u00ed Evropu. A to n\u00e1s p\u0159iv\u00e1d\u00ed k d\u016fle\u017eit\u011bj\u0161\u00ed ot\u00e1zce &#8211; kdo je v t\u00e9to glob\u00e1ln\u00ed ekonomice 21. stolet\u00ed \u00fa\u010dinn\u011bj\u0161\u00ed? Velk\u00e1 nadn\u00e1rodn\u00ed byrokratick\u00e1 struktura, nebo naopak pro n\u00e1s p\u0159irozen\u00e1 kultura, je\u017e m\u00e1 pr\u00e1vo komunikace nap\u0159\u00ed\u010d horizont\u00e1ln\u00edm spektrem?<\/em>\u00a0<\/span><\/p>\n<p><span style=\"font-weight: 400;\">Volodymyr zd\u016fraznil, \u017ee na rozd\u00edl od jin\u00fdch evropsk\u00fdch imp\u00e9ri\u00ed, kter\u00e1 byla ve 20. stolet\u00ed zni\u010dena, rusk\u00e9 imp\u00e9rium st\u00e1le existuje. Nikdy nebylo odsouzeno za sv\u00e9 chyby. Proto by glob\u00e1ln\u00ed spole\u010denstv\u00ed m\u011blo usilovat o boj proti Putinovi a jeho posledn\u00edmu imp\u00e9riu v Evrop\u011b.<\/span><\/p>\n<p><em>&#8211; \u010casto si klademe ot\u00e1zku: Jak je to v\u0161echno ve 21. stolet\u00ed mo\u017en\u00e9? Moje odpov\u011b\u010f zn\u00ed: v\u017edy \u010del\u00edme n\u00e1vratu zla a probl\u00e9m je v tom, \u017ee ve v\u00fdchodn\u00ed Evrop\u011b nebylo toto zlo nikdy odsouzeno. Kdy\u017e se sna\u017e\u00edme popsat dne\u0161n\u00ed Rusko, mluv\u00edme o fa\u0161ismu, neonacismu atd. Ale mus\u00edme pochopit, \u017ee tato kultura n\u00e1sil\u00ed, kter\u00e1 je v dne\u0161n\u00edm Rusku zn\u00e1m\u00e1, se vrac\u00ed stalet\u00ed a stalet\u00ed hluboko do historie. Nepochop\u00edme Putina bez Stalina, Stalina bez rusk\u00e9ho imp\u00e9ria, rusk\u00e9 imp\u00e9rium 19. stolet\u00ed bez Petra Velik\u00e9ho atd.\u00a0<\/em><\/p>\n<p><span style=\"font-weight: 400;\">Volodymyr zd\u016fraznil, \u017ee rusk\u00e9 imp\u00e9rium dominuje jak kolonizac\u00ed, tak asimilac\u00ed. Proto je kl\u00ed\u010dov\u00fdm rusk\u00fdm narativem, \u017ee Ukrajinci neexistuj\u00ed. D\u00e1le podotkl, \u017ee jsou vd\u011b\u010dni Aspen Institute Central Europe za podporu a mo\u017enost v\u00e9st dialog s ukrajinskou komunitou.<\/span><\/p>\n","protected":false},"excerpt":{"rendered":"<p>Mezin\u00e1rodn\u00ed diskuse #UkrainianDialogue s Aspen Institute Kyjev o konfliktu na Ukrajin\u011b.<\/p>\n","protected":false},"featured_media":12158,"template":"","meta":{"_acf_changed":false},"news-tag":[593],"class_list":["post-28663","news-article","type-news-article","status-publish","has-post-thumbnail","hentry","news-tag-transatlanticke-eu-aktivity"],"acf":[],"_links":{"self":[{"href":"https:\/\/www.aspeninstitutece.org\/cs\/wp-json\/wp\/v2\/news-article\/28663","targetHints":{"allow":["GET"]}}],"collection":[{"href":"https:\/\/www.aspeninstitutece.org\/cs\/wp-json\/wp\/v2\/news-article"}],"about":[{"href":"https:\/\/www.aspeninstitutece.org\/cs\/wp-json\/wp\/v2\/types\/news-article"}],"wp:featuredmedia":[{"embeddable":true,"href":"https:\/\/www.aspeninstitutece.org\/cs\/wp-json\/wp\/v2\/media\/12158"}],"wp:attachment":[{"href":"https:\/\/www.aspeninstitutece.org\/cs\/wp-json\/wp\/v2\/media?parent=28663"}],"wp:term":[{"taxonomy":"news-tag","embeddable":true,"href":"https:\/\/www.aspeninstitutece.org\/cs\/wp-json\/wp\/v2\/news-tag?post=28663"}],"curies":[{"name":"wp","href":"https:\/\/api.w.org\/{rel}","templated":true}]}}