{"id":28669,"date":"2019-09-04T00:00:00","date_gmt":"2019-09-03T22:00:00","guid":{"rendered":"https:\/\/aspeninstitutece.softmedia.cz\/news-article\/report-aspen-young-leaders-program-2019-ii\/"},"modified":"2019-09-04T00:00:00","modified_gmt":"2019-09-03T22:00:00","slug":"report-aspen-young-leaders-program-2019-ii","status":"publish","type":"news-article","link":"https:\/\/www.aspeninstitutece.org\/cs\/news-article\/report-aspen-young-leaders-program-2019-ii\/","title":{"rendered":"Report: Aspen Young Leaders <br>Program 2019 II."},"content":{"rendered":"<p><strong>The ninth edition of the Aspen Young Leaders Program took place on August 29 &#8211;<br \/>\nSeptember 1, 2019. Thirty three\u00a0 young Central European leaders from business, public administration, arts, academia, science, media and NGO sectors gathered in the Beskid Mountains in Poland. For four days the group engaged in interactive workshops, experience sharing, personal stories and moderated discussions about challenges today\u00b4s society is facing and the role they play in them.<\/strong><\/p>\n<p>The participants\u00a0appreciated <strong>respectful discussions<\/strong>, <strong>diversity<\/strong> among the\u00a0speakers and\u00a0the young leaders\u00a0as well as an <strong>exposure to new topics<\/strong>, which challenged and pushed them to self-reflection.\u00a0We included <strong>empowerment workshops<\/strong> focused on developing leadership skills. The participants\u00b4 workshops provided a platform for <strong>sharing experience<\/strong>,\u00a0which was a highlight of the program, allowing\u00a0the young leaders to dive into <strong>meaningful conversations<\/strong> about their jobs, mission and values. The\u00a0<strong>informal activities<\/strong>\u00a0contributed to\u00a0<strong>networking<\/strong> and recognizing the value of dialogue among the peers that are facing similar challenges in their jobs and personal lives.<\/p>\n<blockquote><p>&#8222;This event and participants are a big impuls for my next steps. And my network gets bigger and more diverse. I am glad that something like Aspen Institute exists. In today&#8217;s world you need to know people and build your connection based on the same values. According to me, that is what Aspen does.&#8220;<\/p><\/blockquote>\n<p>The welcome remarks\u00a0by <strong><a href=\"https:\/\/www.aspeninstitutece.org\/people-profile\/jiri-schneider\/\">Ji\u0159\u00ed Schneider<\/a><\/strong>, Executive Director of \u00a0Aspen Institute CE, were\u00a0followed by an\u00a0introductory session moderated by\u00a0<strong><a href=\"https:\/\/www.aspeninstitutece.org\/people-profile\/pavel-rehak\/\">Pavel \u0158eh\u00e1k<\/a><\/strong>, Vice President of the Aspen Institute CE and CEO at Vigo Investments, and\u00a0<strong><a href=\"https:\/\/www.aspeninstitutece.org\/people-profile\/pepper-de-callier\/\">Pepper de Callier<\/a><\/strong>, Chair of the\u00a0Supervisory Board &amp; Founder of the Aspen Institute CE.<\/p>\n<p>The first session of the program was led\u00a0by <strong><a href=\"https:\/\/www.aspeninstitutece.org\/people-profile\/jan-olbrycht\/\">Jan Olbrycht<\/a><\/strong>, Member of the European Parliament, who was speaking about the V4 common topics, the\u00a0issues of\u00a0Brexit, and about values politicians should have.<\/p>\n<blockquote class=\"twitter-tweet\" data-width=\"500\" data-dnt=\"true\">\n<p lang=\"en\" dir=\"ltr\">&quot;Politician should be professional and have values. Their cheating should NOT be tolerated by general public.&quot;<br \/>Jan Olbrycht, member of EU parliament<a href=\"https:\/\/twitter.com\/hashtag\/AYLP?src=hash&amp;ref_src=twsrc%5Etfw\" rel=\"noopener\">#AYLP<\/a> <a href=\"https:\/\/twitter.com\/hashtag\/ASPENYOUNGLEADERSHIP?src=hash&amp;ref_src=twsrc%5Etfw\" rel=\"noopener\">#ASPENYOUNGLEADERSHIP<\/a> <a href=\"https:\/\/t.co\/dwimiCC71E\">pic.twitter.com\/dwimiCC71E<\/a><\/p>\n<p>&mdash; Jozef (Dodo) VODICKA (@jozefvodicka) <a href=\"https:\/\/twitter.com\/jozefvodicka\/status\/1167357878640041984?ref_src=twsrc%5Etfw\" rel=\"noopener\">August 30, 2019<\/a><\/p><\/blockquote>\n<p><script async src=\"https:\/\/platform.twitter.com\/widgets.js\" charset=\"utf-8\"><\/script><\/p>\n<p><strong><a href=\"https:\/\/www.aspeninstitutece.org\/people-profile\/branislav-klesken\/\">Branislav Kleske\u0148<\/a><\/strong>, Director at LEAF,\u00a0a Slovak\u00a0NGO focusing on the development of young people with the potential to grow into the shapers of Slovakia and Central Europe, engaged\u00a0participants in\u00a0a conversation\u00a0about modern\u00a0educational system based on respect and other values.<\/p>\n<blockquote class=\"twitter-tweet\" data-width=\"500\" data-dnt=\"true\">\n<p lang=\"en\" dir=\"ltr\">&quot;Our core value should be respect. But we&#39;re not wired for respect, we&#39;re wired for dominance.&quot;<\/p>\n<p>Agree? Disagree? What are your thoughts? <a href=\"https:\/\/twitter.com\/hashtag\/aylp?src=hash&amp;ref_src=twsrc%5Etfw\" rel=\"noopener\">#aylp<\/a> <a href=\"https:\/\/twitter.com\/hashtag\/leadership?src=hash&amp;ref_src=twsrc%5Etfw\" rel=\"noopener\">#leadership<\/a> <a href=\"https:\/\/twitter.com\/hashtag\/Values?src=hash&amp;ref_src=twsrc%5Etfw\" rel=\"noopener\">#Values<\/a> <a href=\"https:\/\/twitter.com\/AspenInstCE?ref_src=twsrc%5Etfw\" rel=\"noopener\">@AspenInstCE<\/a> Thank you for sharing, Branislav Kleske\u0148 <a href=\"https:\/\/t.co\/ivtGvs0t1h\">pic.twitter.com\/ivtGvs0t1h<\/a><\/p>\n<p>&mdash; DOtsMORE (@dotsmore_) <a href=\"https:\/\/twitter.com\/dotsmore_\/status\/1167465546570510336?ref_src=twsrc%5Etfw\" rel=\"noopener\">August 30, 2019<\/a><\/p><\/blockquote>\n<p><script async src=\"https:\/\/platform.twitter.com\/widgets.js\" charset=\"utf-8\"><\/script><\/p>\n<p>The <strong>workshop part<\/strong> of the program developing the leadership skills was organized by <strong>Institute Euroschola<\/strong>. It aimed to promote knowledge of effective leadership skills through practicing effective management behavior. The participants were supposed to take on different group roles (being a leaders \/ being led) and\u00a0train crucial skills, such as communicating properly to be understood, giving up the leading role if necessary, relying on the others, taking responsibility for the success of the mission as well as engaging all team members in the activity.<\/p>\n<blockquote class=\"twitter-tweet\" data-width=\"500\" data-dnt=\"true\">\n<p lang=\"en\" dir=\"ltr\">Yesterday afternoon, <a href=\"https:\/\/twitter.com\/hashtag\/aylp?src=hash&amp;ref_src=twsrc%5Etfw\" rel=\"noopener\">#aylp<\/a> participants tested their leadership and teamwork skills in three workshops.\ud83c\udff9\ud83e\udd1d\ud83e\udded  And they all did great!\ud83c\udfc6 <a href=\"https:\/\/t.co\/sYabzBvTUX\">pic.twitter.com\/sYabzBvTUX<\/a><\/p>\n<p>&mdash; Aspen Institute CE (@AspenInstCE) <a href=\"https:\/\/twitter.com\/AspenInstCE\/status\/1167713571758903296?ref_src=twsrc%5Etfw\" rel=\"noopener\">August 31, 2019<\/a><\/p><\/blockquote>\n<p><script async src=\"https:\/\/platform.twitter.com\/widgets.js\" charset=\"utf-8\"><\/script><\/p>\n<p>A new feature of this program edition was screening of a\u00a0documentary movie followed by a discussion with the author. The movie\u00a0<em><strong>When the War Comes<\/strong><\/em>\u00a0about a Slovak right-wing paramilitary group made by <strong><a href=\"https:\/\/www.aspeninstitutece.org\/people-profile\/jan-gebert\/\">Jan Gebert<\/a><\/strong>, Journalist and Film-Maker, offered a convenient starting point for discussion about\u00a0the key issue\u00a0of rising populism and nationalism in Central Europe. The participants were searching the answer on the\u00a0fundamental\u00a0 question: Why is extremism appealing to decent people?<\/p>\n<blockquote><p>&#8222;I had a chance to stop my regular job and interact with other peers. New ideas and perspectives were inspirational.&#8220;<\/p><\/blockquote>\n<p>The Aspen Young Leaders Alumna <strong><a href=\"https:\/\/www.aspeninstitutece.org\/people-profile\/katerina-vackova\/\">Kate\u0159ina Vackov\u00e1<\/a>\u00a0<\/strong>founded Loono after being diagnosed with a malign ovarian cancer at the age of 22. Thanks to the fact that she listened to the warning signals of her body, everything was detected in the early stage. As she cured, Kate\u0159ina has decided to\u00a0run creative educational campaigns and workshops to spread awareness about breast and testicular cancer as well as other diseases. Besides sharing her personal story with the participants, she spoke about her way of leading\u00a0people and\u00a0the obstacles she\u00a0had to overcome. Of course, a\u00a0practical prevention workshop was part of her presentation too!<\/p>\n<blockquote class=\"twitter-tweet\" data-width=\"500\" data-dnt=\"true\">\n<p lang=\"en\" dir=\"ltr\">30 young leaders from <a href=\"https:\/\/twitter.com\/hashtag\/V4?src=hash&amp;ref_src=twsrc%5Etfw\" rel=\"noopener\">#V4<\/a><br \/>start discussion around health issues prevention<a href=\"https:\/\/twitter.com\/hashtag\/AYLP?src=hash&amp;ref_src=twsrc%5Etfw\" rel=\"noopener\">#AYLP<\/a> <a href=\"https:\/\/twitter.com\/hashtag\/ASPEN?src=hash&amp;ref_src=twsrc%5Etfw\" rel=\"noopener\">#ASPEN<\/a> <a href=\"https:\/\/t.co\/96Uap4C5ue\">pic.twitter.com\/96Uap4C5ue<\/a><\/p>\n<p>&mdash; Jozef (Dodo) VODICKA (@jozefvodicka) <a href=\"https:\/\/twitter.com\/jozefvodicka\/status\/1167727016998780928?ref_src=twsrc%5Etfw\" rel=\"noopener\">August 31, 2019<\/a><\/p><\/blockquote>\n<p><script async src=\"https:\/\/platform.twitter.com\/widgets.js\" charset=\"utf-8\"><\/script><\/p>\n<p>The young leaders also got the chance to facilitate themselves and share their projects\u00a0during <strong>5\u00a0participants\u00b4 workshops<\/strong>. Every group was chaired by one of the participants\u00a0who presented their\u00a0specific project highlighting the challenges they have to face. The objective of the workshop was to engage in dialogue and\u00a0<span lang=\"EN-US\">generate a set of actionable<\/span>\u00a0ideas and suggestion.<\/p>\n<blockquote><p>&#8222;I created some relationships that might be useful for my work. In terms of personal development I learned a lot new frameworks that will help me expand my perspective.&#8220;<\/p><\/blockquote>\n<p><a href=\"https:\/\/www.aspenreview.com\/people-profile\/ruth-krcmarova\/\" rel=\"noopener\"><strong>Ruth Kr\u010dm\u00e1\u0159ov\u00e1<\/strong><\/a>, an expert on international migration, migrant protection and assistance, helped to clarify misuses of the terms in migration and focused on myth-busting in the\u00a0\u00a0practical part of her\u00a0presentation.<\/p>\n<blockquote class=\"twitter-tweet\" data-width=\"500\" data-dnt=\"true\">\n<p lang=\"en\" dir=\"ltr\">The final session of day three of <a href=\"https:\/\/twitter.com\/hashtag\/AYLP?src=hash&amp;ref_src=twsrc%5Etfw\" rel=\"noopener\">#AYLP<\/a> 2019 II. was in the hands of Ruth Kr\u010dm\u00e1\u0159ov\u00e1 who led an interactive workshop entitled &quot;<a href=\"https:\/\/twitter.com\/hashtag\/Migration?src=hash&amp;ref_src=twsrc%5Etfw\" rel=\"noopener\">#Migration<\/a>, <a href=\"https:\/\/twitter.com\/hashtag\/Development?src=hash&amp;ref_src=twsrc%5Etfw\" rel=\"noopener\">#Development<\/a> and <a href=\"https:\/\/twitter.com\/hashtag\/Governance?src=hash&amp;ref_src=twsrc%5Etfw\" rel=\"noopener\">#Governance<\/a> &#8211; Myths and Realities in <a href=\"https:\/\/twitter.com\/hashtag\/Europe?src=hash&amp;ref_src=twsrc%5Etfw\" rel=\"noopener\">#Europe<\/a> and Beyond&quot;. <a href=\"https:\/\/t.co\/iQ4B2iRkQw\">pic.twitter.com\/iQ4B2iRkQw<\/a><\/p>\n<p>&mdash; Aspen Institute CE (@AspenInstCE) <a href=\"https:\/\/twitter.com\/AspenInstCE\/status\/1168511880324943872?ref_src=twsrc%5Etfw\" rel=\"noopener\">September 2, 2019<\/a><\/p><\/blockquote>\n<p><script async src=\"https:\/\/platform.twitter.com\/widgets.js\" charset=\"utf-8\"><\/script><\/p>\n<p><a href=\"https:\/\/www.aspeninstitutece.org\/people-profile\/balazs-vinnai\/\"><strong>Balazs Vinnai<\/strong><\/a>, President of W.U.P., a strong entrepreneurship professional skilled in Digital Transformation, Retail Banking, Financial Software Business and EdTech explained how the financial start-ups disrupt banking system, what the role and the responsibility of the largest digital companies is, and how difficult it is\u00a0to predict the digital market.<\/p>\n<div class=\"basic\">\n<p>See more<\/p>\n<ul>\n<li><a href=\"https:\/\/www.aspeninstitutece.org\/wp-content\/uploads\/aspen-media\/2019\/08\/AYLP-2019-II.-Brochure.pdf\">Program<\/a><\/li>\n<li><a href=\"https:\/\/www.aspeninstitutece.org\/people_tags\/aylp-2019-ii\/\">Participants<\/a><\/li>\n<\/ul>\n<p>&nbsp;<\/p>\n<h2>The program is financially supported by<\/h2>\n<h2><img loading=\"lazy\" decoding=\"async\" class=\"alignnone size-medium wp-image-2913\" src=\"https:\/\/www.aspeninstitutece.org\/wp-content\/uploads\/aspen-media\/2017\/03\/vigo-logo-300x150.jpg\" sizes=\"auto, (max-width: 300px) 100vw, 300px\" srcset=\"https:\/\/www.aspeninstitutece.org\/wp-content\/uploads\/aspen-media\/2017\/03\/vigo-logo-300x150.jpg 300w, https:\/\/www.aspeninstitutece.org\/wp-content\/uploads\/aspen-media\/2017\/03\/vigo-logo.jpg 473w\" alt=\"\" width=\"300\" height=\"150\" \/><img loading=\"lazy\" decoding=\"async\" class=\"alignnone size-medium wp-image-2904\" src=\"https:\/\/www.aspeninstitutece.org\/wp-content\/uploads\/aspen-media\/2017\/03\/direct-logo-300x150.jpg\" sizes=\"auto, (max-width: 300px) 100vw, 300px\" srcset=\"https:\/\/www.aspeninstitutece.org\/wp-content\/uploads\/aspen-media\/2017\/03\/direct-logo-300x150.jpg 300w, https:\/\/www.aspeninstitutece.org\/wp-content\/uploads\/aspen-media\/2017\/03\/direct-logo.jpg 473w\" alt=\"\" width=\"300\" height=\"150\" \/><\/h2>\n<h2><img loading=\"lazy\" decoding=\"async\" class=\"wp-image-10014 alignnone\" src=\"https:\/\/www.aspeninstitutece.org\/wp-content\/uploads\/aspen-media\/2019\/03\/bakala_phil_red-cmyk-300x94.jpg\" sizes=\"auto, (max-width: 210px) 100vw, 210px\" srcset=\"https:\/\/www.aspeninstitutece.org\/wp-content\/uploads\/aspen-media\/2019\/03\/bakala_phil_red-cmyk-300x94.jpg 300w, https:\/\/www.aspeninstitutece.org\/wp-content\/uploads\/aspen-media\/2019\/03\/bakala_phil_red-cmyk-768x240.jpg 768w, https:\/\/www.aspeninstitutece.org\/wp-content\/uploads\/aspen-media\/2019\/03\/bakala_phil_red-cmyk.jpg 936w\" alt=\"\" width=\"210\" height=\"66\" \/><\/h2>\n<h2><\/h2>\n<\/div>\n<div class=\"gallery-article\"><\/div>\n","protected":false},"excerpt":{"rendered":"<p>The ninth edition of the Aspen Young Leaders Program took place on August 29 &#8211; September 1, 2019.<\/p>\n","protected":false},"featured_media":19127,"template":"","meta":{"_acf_changed":false},"news-tag":[581],"class_list":["post-28669","news-article","type-news-article","status-publish","has-post-thumbnail","hentry","news-tag-aspen-young-leaders-program-cz"],"acf":[],"_links":{"self":[{"href":"https:\/\/www.aspeninstitutece.org\/cs\/wp-json\/wp\/v2\/news-article\/28669","targetHints":{"allow":["GET"]}}],"collection":[{"href":"https:\/\/www.aspeninstitutece.org\/cs\/wp-json\/wp\/v2\/news-article"}],"about":[{"href":"https:\/\/www.aspeninstitutece.org\/cs\/wp-json\/wp\/v2\/types\/news-article"}],"wp:featuredmedia":[{"embeddable":true,"href":"https:\/\/www.aspeninstitutece.org\/cs\/wp-json\/wp\/v2\/media\/19127"}],"wp:attachment":[{"href":"https:\/\/www.aspeninstitutece.org\/cs\/wp-json\/wp\/v2\/media?parent=28669"}],"wp:term":[{"taxonomy":"news-tag","embeddable":true,"href":"https:\/\/www.aspeninstitutece.org\/cs\/wp-json\/wp\/v2\/news-tag?post=28669"}],"curies":[{"name":"wp","href":"https:\/\/api.w.org\/{rel}","templated":true}]}}