{"id":28675,"date":"2015-03-16T00:00:00","date_gmt":"2015-03-15T23:00:00","guid":{"rendered":"https:\/\/aspeninstitutece.softmedia.cz\/news-article\/aspen-young-leaders-program-2015\/"},"modified":"2015-03-16T00:00:00","modified_gmt":"2015-03-15T23:00:00","slug":"aspen-young-leaders-program-2015","status":"publish","type":"news-article","link":"https:\/\/www.aspeninstitutece.org\/cs\/news-article\/aspen-young-leaders-program-2015\/","title":{"rendered":"Aspen Young Leaders Program 2015"},"content":{"rendered":"<p>\n\t<em>On March 12-15, in the remote reaches of the Slovak Tatra mountains, thirty young leaders in business, public administration, arts and science from Central Europe and Ukraine reflected on the challenges of leadership in today&#039;s world.<\/em><\/p>\n<p>\n\tThe&nbsp;Aspen Young Leaders Program is among the highlights of the Aspen Institute Prague&#039;s activities. For the third time we gathered young professionals from completely different backgrounds, such as entrepreneur Tom\u00e1\u0161 \u010cupr, fashion designer MiMi Lan, GE Manager Piotr Podsiadlo, economist Ale\u0161 Michl, architect Mat\u00fa\u0161 Vallo or Ukrainian MP Olena Sotnyk.<\/p>\n<p>\n\tFor three days the group engaged in interactive workshops and discussions with experienced experts from various fields. Speakers included VIGO Investments CEO Pavel \u0158eh\u00e1k or the former Slovak Minister of Finance Ivan Miklo\u0161, who shared his views on leadership in politics. &quot;The biggest enemy of politics is populism,&quot; said Miklo\u0161, who steered the country through challenging economic reforms.<\/p>\n<p>\n\tAnother guest, Va\u0161ek Pecha, spoke about leadership in crisis situations, based on his experience as the Head of Provincial Reconstruction Team in Logar, Afghanistan. Looking at leadership from a creative perspective, Yemi A.D., who started as an AYLP 2013 participant, described how he became a world-acknowledged dancer and choreographer.&nbsp;&quot;Every human being is an artist. I always try to involve people I work with into the creative process,&quot; highlighted Yemi.<\/p>\n<p>\n\tNetworking, teambuilding and self-reflection are also inseparable parts of the Program. One of this year&#039;s highlights was an empowerment workshop that included firewalking challenge. The heat accompanied us also during another informal part, a visit at the local steel factory.<\/p>\n<p>\n\tFor information about the next edition of the Aspen Young Leaders Program and other activities of Aspen Institute Prague, follow us on <a href=\"https:\/\/www.facebook.com\/AspenInstitutePrague?fref=ts\" rel=\"noopener\">Facebook<\/a> and <a href=\"https:\/\/twitter.com\/aspen_prague\" rel=\"noopener\">Twitter<\/a>.<\/p>\n<p>\n\t<img decoding=\"async\" alt=\"\" src=\"https:\/\/www.aspeninstitutece.org\/wp-content\/uploads\/aspen-media\/images_upload\/images\/ikony\/pdf.png\" style=\"width: 16px;height: 16px\" \/>&nbsp;See the <a href=\"https:\/\/www.aspeninstitutece.org\/wp-content\/uploads\/aspen-media\/images_upload\/files\/AYLP\/AYLP%202015%20Program_split(1).pdf\" target=\"_blank\" rel=\"noopener\">agenda of the event<\/a>.<\/p>\n<p>\n\tThe Program is financially supported by VIGO Investments, RSJ Foundation and RSJ a.s. and organized in cooperation with the NEURON Fund for Support of Science.<\/p>\n<p>\n\t<a href=\"http:\/\/www.vigoinvestments.com\/\" target=\"_blank\" rel=\"noopener\"><img decoding=\"async\" alt=\"\" src=\"https:\/\/www.aspeninstitutece.org\/wp-content\/uploads\/aspen-media\/images_upload\/images\/loga\/VIGO%20Investments%20new.png\" style=\"width: 200px;height: 31px\" \/><\/a><\/p>\n<p>\n\t&nbsp;<a href=\"http:\/\/www.nfneuron.cz\/cs\/\" target=\"_blank\" rel=\"noopener\"><img decoding=\"async\" alt=\"\" src=\"https:\/\/www.aspeninstitutece.org\/wp-content\/uploads\/aspen-media\/images_upload\/images\/loga\/NEURON.png\" style=\"width: 120px;height: 42px\" \/><\/a><\/p>\n<p>\n\t<a href=\"http:\/\/www.rsj.com\/en\/\" target=\"_blank\" rel=\"noopener\"><img decoding=\"async\" alt=\"\" src=\"https:\/\/www.aspeninstitutece.org\/wp-content\/uploads\/aspen-media\/images_upload\/images\/loga\/RSJ.png\" style=\"width: 50px;height: 50px\" \/><\/a><\/p>\n<p>\n\t&nbsp;<\/p>\n<p>\n\t&nbsp;<\/p>\n","protected":false},"excerpt":{"rendered":"<p>We successfully concluded the third edition of the Aspen Young Leaders Program! Find out more about the event.<\/p>\n","protected":false},"featured_media":13898,"template":"","meta":{"_acf_changed":false},"news-tag":[581],"class_list":["post-28675","news-article","type-news-article","status-publish","has-post-thumbnail","hentry","news-tag-aspen-young-leaders-program-cz"],"acf":[],"_links":{"self":[{"href":"https:\/\/www.aspeninstitutece.org\/cs\/wp-json\/wp\/v2\/news-article\/28675","targetHints":{"allow":["GET"]}}],"collection":[{"href":"https:\/\/www.aspeninstitutece.org\/cs\/wp-json\/wp\/v2\/news-article"}],"about":[{"href":"https:\/\/www.aspeninstitutece.org\/cs\/wp-json\/wp\/v2\/types\/news-article"}],"wp:featuredmedia":[{"embeddable":true,"href":"https:\/\/www.aspeninstitutece.org\/cs\/wp-json\/wp\/v2\/media\/13898"}],"wp:attachment":[{"href":"https:\/\/www.aspeninstitutece.org\/cs\/wp-json\/wp\/v2\/media?parent=28675"}],"wp:term":[{"taxonomy":"news-tag","embeddable":true,"href":"https:\/\/www.aspeninstitutece.org\/cs\/wp-json\/wp\/v2\/news-tag?post=28675"}],"curies":[{"name":"wp","href":"https:\/\/api.w.org\/{rel}","templated":true}]}}