{"id":28680,"date":"2020-11-22T00:00:00","date_gmt":"2020-11-21T23:00:00","guid":{"rendered":"https:\/\/aspeninstitutece.softmedia.cz\/news-article\/kam-kracis-cesko-2020\/"},"modified":"2020-11-22T00:00:00","modified_gmt":"2020-11-21T23:00:00","slug":"kam-kracis-cesko-2020","status":"publish","type":"news-article","link":"https:\/\/www.aspeninstitutece.org\/cs\/news-article\/kam-kracis-cesko-2020\/","title":{"rendered":"Kam kr\u00e1\u010d\u00ed\u0161, \u010cesko 2020"},"content":{"rendered":"<p><strong>V\u00fdro\u010dn\u00ed konference<\/strong> Aspen Institute Central Europe <strong><em>Kam kr\u00e1\u010d\u00ed\u0161, \u010cesko<\/em><\/strong>, kterou jsme po\u0159\u00e1dali ve spolupr\u00e1ci s\u00a0medi\u00e1ln\u00edm domem Economia, se konala <strong>19. listopadu 2020 online.<\/strong><\/p>\n<p><a class=\"btn view-secondary-text\" href=\"https:\/\/www.aspeninstitutece.org\/wp-content\/uploads\/aspen-media\/2020\/11\/Kam-kr\u00e1\u010d%C3%AD\u0161-\u010cesko-2020_-program.pdf\">Program<\/a><\/p>\n<p>Hlavn\u00edm t\u00e9matem leto\u0161n\u00ed konference byl\u00a0<strong>RESTART ST\u0158EDN\u00cd EVROPY. <\/strong>C\u00edlem konference bylo naj\u00edt recept na zvl\u00e1dnut\u00ed pandemick\u00e9 krize a ekonomickou obnovu zem\u00ed st\u0159edoevropsk\u00e9ho regionu.\u00a0V\u00fdchoz\u00edm bodem diskuse se staly odborn\u00e9 studie\u00a0vypracovan\u00e9 spole\u010dnost\u00ed McKinsey a expertn\u00edmi skupinami Aspen Institute Central Europe, kter\u00e9 se v leto\u0161n\u00edm roce detailn\u011bji zam\u011b\u0159ily na:<\/p>\n<blockquote><p><em>\u27a1 Jak pandemie m\u011bn\u00ed Evropu?<\/em><\/p>\n<p><em>\u27a1 Restart st\u0159edn\u00ed Evropy<\/em><\/p>\n<p><em>\u27a1 Strategie velkom\u011bst &#8211; cesta k nov\u00e9mu norm\u00e1lu<\/em><\/p>\n<p><em>\u27a1\u00a0Obrana a vesm\u00edr: P\u0159\u00edle\u017eitost pro v\u011bdu i pr\u016fmysl<\/em><\/p>\n<p><em>\u27a1\u00a0Kontext \u0161koln\u00edho ne\u00fasp\u011bchu: Soci\u00e1ln\u00ed probl\u00e9my a financov\u00e1n\u00ed\u00a0<\/em><\/p><\/blockquote>\n<p><a class=\"btn view-secondary-text\" href=\"https:\/\/www.aspeninstitutece.org\/wp-content\/uploads\/aspen-media\/2020\/11\/Konferen\u010dn%C3%AD-bro\u017eura_Kam-kr\u00e1\u010d%C3%AD\u0161\u010cesko-2020.pdf\" target=\"_blank\" rel=\"noopener noreferrer\">Souhrnn\u00e1 studie na\u0161ich expertn\u00edch skupin<\/a><\/p>\n<p>Krom\u011b anal\u00fdzy sou\u010dasn\u00e9 situace\u00a0zazn\u011bla i konkr\u00e9tn\u00ed\u00a0<strong>doporu\u010den\u00ed\u00a0<\/strong>ke zlep\u0161en\u00ed adresovan\u00e1 politick\u00e9 reprezentaci. Na panelech konference vystoupili\u00a0vedle\u00a0<strong>p\u0159edstavitel\u016f\u00a0vl\u00e1d a prim\u00e1tor\u016f hlavn\u00edch m\u011bst zem\u00ed st\u0159edn\u00ed Evropy tak\u00e9 z\u00e1stupci<\/strong>\u00a0<strong>st\u00e1tn\u00ed spr\u00e1vy,<\/strong>\u00a0<strong>odborn\u00edci z byznysu, akademick\u00e9ho i neziskov\u00e9ho sektoru. <\/strong>Jednotliv\u00e9 oblasti tak byly nahl\u00ed\u017eeny z rozli\u010dn\u00fdch \u00fahl\u016f pohledu.\u00a0V pr\u016fb\u011bhu konference mohli \u00fa\u010dastn\u00edci kl\u00e1st dotazy \u0159e\u010dn\u00edk\u016fm\u00a0prost\u0159ednictv\u00edm aplikace Sli.do.<\/p>\n<p><strong>Studie k jednotliv\u00fdm panel\u016fm:<\/strong><\/p>\n<p style=\"text-align: center;\"><a class=\"btn view-secondary-text\" href=\"https:\/\/www.aspeninstitutece.org\/wp-content\/uploads\/aspen-media\/2020\/11\/KKC-Restart-st\u0159edn\u00ed-Evropy.pdf\" target=\"_blank\" rel=\"noopener noreferrer\">Restart st\u0159edn\u00ed Evropy<\/a>\u00a0|\u00a0<a class=\"btn view-secondary-text\" href=\"https:\/\/www.aspeninstitutece.org\/wp-content\/uploads\/aspen-media\/2020\/11\/KKC-Strategie-velkom\u011bst-cesta-k-nov\u00e9mu-norm\u00e1lu.pdf\" target=\"_blank\" rel=\"noopener noreferrer\">Strategie velkom\u011bst<\/a>\u00a0|\u00a0<a class=\"btn view-secondary-text\" href=\"https:\/\/www.aspeninstitutece.org\/wp-content\/uploads\/aspen-media\/2020\/11\/KKC-Kontext-\u0161koln\u00edho-ne\u00fasp\u011bchu-soci\u00e1ln\u00ed-probl\u00e9my-a-financov\u00e1n\u00ed.pdf\" target=\"_blank\" rel=\"noopener noreferrer\">Region\u00e1ln\u00ed rozd\u00edly &#8211; vzd\u011bl\u00e1v\u00e1n\u00ed<\/a>\u00a0|\u00a0<a class=\"btn view-secondary-text\" href=\"https:\/\/www.aspeninstitutece.org\/wp-content\/uploads\/aspen-media\/2020\/11\/KKC-Obrana-a-vesm\u00edr-P\u0159\u00edle\u017eitost-pro-v\u011bdu-i-pr\u016fmysl.pdf\" target=\"_blank\" rel=\"noopener noreferrer\">Obrana a vesm\u00edr<\/a><\/p>\n<h3>Zah\u00e1jen\u00ed (<a href=\"https:\/\/www.ceskatelevize.cz\/porady\/10000000308-kam-kracis-cesko\/22025400145-2020\" target=\"_blank\" rel=\"noopener noreferrer\">z\u00e1znam<\/a>\u00a00:41\u201312:43)<\/h3>\n<p>Konferenci, letos poprv\u00e9 v digit\u00e1ln\u00ed podob\u011b, zah\u00e1jil p\u0159edseda spr\u00e1vn\u00ed rady\u00a0Aspen Institute Central Europe <strong><a href=\"https:\/\/www.aspeninstitutece.org\/people-profile\/ivan-hodac\/\">Ivan Hod\u00e1\u010d<\/a><\/strong>,\u00a0p\u0159edsedkyn\u011b p\u0159edstavenstva medi\u00e1ln\u00edho domu\u00a0Economia\u00a0<a href=\"https:\/\/www.aspeninstitutece.org\/people-profile\/zuzana-reznickova\/\"><strong>Zuzana \u0158ezn\u00ed\u010dkov\u00e1<\/strong><\/a>\u00a0a\u00a0v\u00fdkonn\u00fd \u0159editel Aspen Institute CE\u00a0<strong><a href=\"https:\/\/www.aspeninstitutece.org\/people-profile\/milan-vasina\/\">Milan Va\u0161ina<\/a>, <\/strong>kte\u0159\u00ed zd\u016fraznili v\u00fdznam liber\u00e1ln\u011b demokratick\u00e9 spole\u010dnosti, nutnost sd\u00edlen\u00fdch hodnot a dialogu p\u0159i hled\u00e1n\u00ed spole\u010dn\u00e9ho \u0159e\u0161en\u00ed probl\u00e9m\u016f v\u00a0tomto obt\u00ed\u017en\u00e9m obdob\u00ed.<\/p>\n<h3>I. Restart\u00a0st\u0159edn\u00ed Evropy (<a href=\"https:\/\/www.ceskatelevize.cz\/porady\/10000000308-kam-kracis-cesko\/22025400145-2020\" target=\"_blank\" rel=\"noopener noreferrer\">z\u00e1znam<\/a>\u00a012:55\u201354:40)<\/h3>\n<p><a class=\"btn view-secondary-text\" href=\"https:\/\/youtu.be\/o1MW-bS4Zrk\" target=\"_blank\" rel=\"noopener noreferrer\">Prezenta\u010dn\u00ed video: Restart st\u0159edn\u00ed Evropy<\/a><\/p>\n<p>Na panelu v\u011bnovan\u00e9mu ot\u00e1zce restartu st\u0159edn\u00ed Evropy po skon\u010den\u00ed pandemie jsme se zam\u011b\u0159ili na oblasti, ve kter\u00fdch mohou st\u0159edoevropsk\u00e9 st\u00e1ty nejen zvl\u00e1dnout sou\u010dasnou krizi, ale nav\u00edc i vyu\u017e\u00edt p\u0159\u00edle\u017eitosti, kterou pandemie nab\u00edz\u00ed, a dos\u00e1hnout tak pokroku nap\u0159\u00edklad v\u00a0oblastech digitalizace nebo zlep\u0161en\u00ed ve\u0159ejn\u00e9ho zdrav\u00ed.<\/p>\n<blockquote class=\"twitter-tweet\" data-width=\"500\" data-dnt=\"true\">\n<p lang=\"cs\" dir=\"ltr\">\ud83d\udcbb CESTA Z KRIZE VEDE P\u0158ES DIGITALIZACI<\/p>\n<p>Podle studie poradensk\u00e9 firmy McKinsey m\u016f\u017ee b\u00fdt hlavn\u00edm motorem o\u017eiven\u00ed \u010desk\u00e9 ekonomiky s\u00e1zka na digit\u00e1ln\u00ed produkty a slu\u017eby.<a href=\"https:\/\/t.co\/PQvNWh3uP6\">https:\/\/t.co\/PQvNWh3uP6<\/a><\/p>\n<p>&mdash; Hospod\u00e1\u0159sk\u00e9 noviny (@hospodarky) <a href=\"https:\/\/twitter.com\/hospodarky\/status\/1329301066194821121?ref_src=twsrc%5Etfw\" rel=\"noopener\">November 19, 2020<\/a><\/p><\/blockquote>\n<p><script async src=\"https:\/\/platform.twitter.com\/widgets.js\" charset=\"utf-8\"><\/script><\/p>\n<p>Premi\u00e9r \u010cesk\u00e9 republiky <a href=\"https:\/\/www.aspeninstitutece.org\/people-profile\/andrej-babis\/\"><strong>Andrej Babi\u0161<\/strong><\/a> ve sv\u00e9m p\u0159\u00edsp\u011bvku vyzdvihl nutnost debaty o kroc\u00edch, kter\u00e9 je pot\u0159eba pro restart ekonomiky podniknout, tedy krom\u011b podpory vnit\u0159n\u00edho evropsk\u00e9ho trhu i vyu\u017eit\u00ed nov\u00fdch n\u00e1stroj\u016f EU pro podporu digit\u00e1ln\u00ed a zelen\u00e9 transformace a evropsk\u00e9 obnovy. Pandemie technologickou transformaci urychlila, a zd\u016fraznila tak v\u00fdznam digit\u00e1ln\u00edho vzd\u011bl\u00e1v\u00e1n\u00ed a digitalizace st\u00e1tn\u00ed spr\u00e1vy a zdravotnictv\u00ed, v\u010detn\u011b spolupr\u00e1ce se soukrom\u00fdm sektorem v\u00a0t\u00e9to oblasti.<\/p>\n<p>Rakousk\u00fd kancl\u00e9\u0159 <a href=\"https:\/\/www.aspeninstitutece.org\/people-profile\/sebastian-kurz\/\"><strong>Sebastian Kurz<\/strong><\/a> pouk\u00e1zal na v\u00fdjime\u010dnost roku 2020 a ocenil bl\u00edzkou spolupr\u00e1ci mezi \u010ceskem a Rakouskem, nejen v dob\u011b pandemie. Spole\u010dnost je u\u017e ze striktn\u00edch opat\u0159en\u00ed\u00a0aktu\u00e1ln\u00edho lockdownu pochopiteln\u011b unaven\u00e1,\u00a0nicm\u00e9n\u011b je nezbytn\u011b nutn\u00e9\u00a0sna\u017eit se \u201ezplo\u0161tit k\u0159ivku\u201c siln\u00e9 druh\u00e9 vlny a ochr\u00e1nit tak zdravotnictv\u00ed a ohro\u017een\u00e9 skupiny. Budoucnost Evropy kancl\u00e9\u0159 vid\u00ed p\u0159edev\u0161\u00edm v\u00a0nutnosti dosa\u017een\u00ed vy\u0161\u0161\u00ed sob\u011bsta\u010dnosti a pos\u00edlen\u00ed konkurenceschopnosti evropsk\u00fdch firem.<\/p>\n<p>Rakousk\u00e1 spolkov\u00e1 ministryn\u011b pro EU a \u00fastavu <a href=\"https:\/\/www.aspeninstitutece.org\/people-profile\/karoline-edtstadler\/\"><strong>Karoline Edtstadler<\/strong><\/a> uvedla jako d\u016fle\u017eitou prioritu sv\u00e9 zem\u011b snahu o budov\u00e1n\u00ed zelen\u00e9 ekonomiky, a vyu\u017eit\u00ed p\u0159\u00edle\u017eitosti, kterou ekonomick\u00fd restart po pandemii nab\u00eddne. Vyj\u00e1d\u0159ila tak\u00e9 p\u0159ipravenost Rakouska projevit solidaritu se st\u00e1ty, kter\u00e9 jsou nejv\u00edce zasa\u017eeny covidovou kriz\u00ed, p\u0159i\u010dem\u017e je t\u0159eba db\u00e1t na smyslupln\u00e9 vynakl\u00e1d\u00e1n\u00ed finan\u010dn\u00edch prost\u0159edk\u016f.<\/p>\n<p>M\u00edstop\u0159edseda vl\u00e1dy \u010cR <a href=\"https:\/\/www.aspeninstitutece.org\/people-profile\/karel-havlicek\/\"><strong>Karel Havl\u00ed\u010dek<\/strong><\/a> vid\u00ed budoucnost st\u00e1tu v\u00a0akcentaci nov\u00fdch technologi\u00ed a procesu digitalizace. Oba vystupuj\u00edc\u00ed se shodli nejen na pot\u0159eb\u011b vzd\u011bl\u00e1v\u00e1n\u00ed, kter\u00e9 bude reflektovat prob\u00edhaj\u00edc\u00ed transformaci, ale i v\u00a0oblasti podpory ve\u0159ejn\u00e9 hromadn\u00e9 dopravy a elektromobility, zejm\u00e9na prost\u0159ednictv\u00edm zlep\u0161en\u00ed dosa\u017eitelnosti elektromobil\u016f nebo dostupnosti nab\u00edjec\u00edch stanic. Kl\u00ed\u010dov\u00e9 c\u00edle pro budoucnost po pandemii\u00a0spat\u0159uj\u00ed v oblasti digitalizace a budov\u00e1n\u00ed chytr\u00fdch instituc\u00ed ve spolupr\u00e1ce se soukrom\u00fdm sektorem.<\/p>\n<h3>II.\u00a0Strategie velkom\u011bst \u2014\u00a0cesta k nov\u00e9mu norm\u00e1lu\u00a0(<a href=\"https:\/\/www.ceskatelevize.cz\/porady\/10000000308-kam-kracis-cesko\/22025400145-2020\" target=\"_blank\" rel=\"noopener noreferrer\">z\u00e1znam<\/a>\u00a055:25\u20131:55:20)<\/h3>\n<p><a class=\"btn view-secondary-text\" href=\"https:\/\/youtu.be\/pkYPTXhwGtg\" target=\"_blank\" rel=\"noopener noreferrer\">Prezenta\u010dn\u00ed video: Strategie velkom\u011bst \u2014\u00a0cesta k nov\u00e9mu norm\u00e1lu<\/a><\/p>\n<p>Na t\u00e9ma budoucnosti \u010dty\u0159 st\u0159edoevropsk\u00fdch metropol\u00ed jako\u017eto p\u0159irozen\u00fdch l\u00eddr\u016f v\u00a0oblastech v\u00fdvoje digit\u00e1ln\u00edch technologi\u00ed, rozvoje multimod\u00e1ln\u00ed ve\u0159ejn\u00e9 dopravy nebo podpory ve\u0159ejn\u00e9ho zdrav\u00ed a \u017eivotn\u00edho prost\u0159ed\u00ed se soust\u0159edil panel prim\u00e1tor\u016f hlavn\u00edch m\u011bst zem\u00ed V4, kter\u00fdmi jsou\u00a0<a href=\"https:\/\/www.aspeninstitutece.org\/people-profile\/zdenek-hrib\/\"><strong>Zden\u011bk H\u0159ib<\/strong><\/a> <em>(Praha),<\/em> <a href=\"https:\/\/www.aspeninstitutece.org\/people-profile\/gergely-karacsony\/\"><strong>Gergely Kar\u00e1csony<\/strong><\/a> (<em>Budape\u0161\u0165<\/em>), <a href=\"https:\/\/www.aspeninstitutece.org\/people-profile\/rafal-trzaskowski\/\"><strong>Rafa\u0142 Trzaskowski<\/strong><\/a> (<em>Var\u0161ava<\/em>) a <a href=\"https:\/\/www.aspeninstitutece.org\/people-profile\/matus-vallo\/\"><strong>Mat\u00fa\u0161 Vallo<\/strong><\/a> (<em>Bratislava).<\/em><\/p>\n<blockquote class=\"twitter-tweet\" data-width=\"500\" data-dnt=\"true\">\n<p lang=\"en\" dir=\"ltr\">Digitalization of services, fighting climate change, improving public transport, dealing with economic crisis &#8211; these are the challenges we have to address to improve the quality of life in our cities in the Next Normal. Thank you <a href=\"https:\/\/twitter.com\/AspenInstCE?ref_src=twsrc%5Etfw\" rel=\"noopener\">@AspenInstCE<\/a> for inviting me to <a href=\"https:\/\/twitter.com\/hashtag\/AspenAnnual?src=hash&amp;ref_src=twsrc%5Etfw\" rel=\"noopener\">#AspenAnnual<\/a>! <a href=\"https:\/\/t.co\/KLk5WC1ZJl\">pic.twitter.com\/KLk5WC1ZJl<\/a><\/p>\n<p>&mdash; Rafa\u0142 Trzaskowski (@trzaskowski_) <a href=\"https:\/\/twitter.com\/trzaskowski_\/status\/1329438692428156936?ref_src=twsrc%5Etfw\" rel=\"noopener\">November 19, 2020<\/a><\/p><\/blockquote>\n<p><script async src=\"https:\/\/platform.twitter.com\/widgets.js\" charset=\"utf-8\"><\/script><\/p>\n<div class=\"page\" title=\"Page 1\">\n<div class=\"layoutArea\">\n<div class=\"column\">\n<p>Jedn\u00edm z \u00fast\u0159edn\u00edch t\u00e9mat diskuse byla doprava a \u017eivotn\u00ed prost\u0159ed\u00ed. Pandemie negativn\u011b ovlivnila postoj lid\u00ed k\u00a0hromadn\u00e9 doprav\u011b, a vedla tak k\u00a0n\u00e1r\u016fstu popularity individu\u00e1ln\u00ed dopravy, p\u0159edev\u0161\u00edm ch\u016fze a cyklistiky. Do\u0161lo v\u0161ak i k n\u00e1r\u016fstu automobilov\u00e9 dopravy, kter\u00e1 je p\u0159\u00ed\u010dinou \u0159ady probl\u00e9m\u016f v\u0161ech \u010dty\u0159 m\u011bst, a\u0165 u\u017e se jedn\u00e1 o zhor\u0161ov\u00e1n\u00ed ovzdu\u0161\u00ed nebo ot\u00e1zku parkovac\u00edch m\u00edst a z\u00f3n. M\u011bsta se proto sna\u017e\u00ed ve\u0159ejnou dopravu nejen podporovat, ale i zlep\u0161ovat.<\/p>\n<p>V\u00a0p\u0159\u00edpad\u011b Bratislavy prim\u00e1tor <strong>Mat\u00fa\u0161 Vallo<\/strong> zm\u00ednil nap\u0159\u00edklad rekonstrukci tramvajov\u00e9 trati a n\u00e1kup nov\u00fdch vozidel \u010di budov\u00e1n\u00ed nov\u00fdch cyklostezek. V oblasti \u017eivotn\u00edho prost\u0159ed\u00ed to mus\u00ed b\u00fdt i kv\u016fli konzervativn\u00edmu postoji vl\u00e1d V4 pr\u00e1v\u011b m\u011bsta, kter\u00e1 se chop\u00ed iniciativy.<\/p>\n<p>Pro prim\u00e1tora Var\u0161avy <strong>Rafa\u0142a Trzaskowskiho<\/strong> jsou prioritami pr\u00e1v\u011b boj s klimatickou zm\u011bnou a \u010din\u011bn\u00ed m\u011bst zelen\u011bj\u0161\u00edmi, a to ve spolupr\u00e1ci nejen s\u00a0dal\u0161\u00edmi m\u011bsty, ale i s\u00a0evropsk\u00fdmi institucemi.<\/p>\n<p>Pandemie znateln\u011b dopadla i na m\u011bstsk\u00e9 rozpo\u010dty. Prim\u00e1tor Budape\u0161ti <strong>Gergely Kar\u00e1csony <\/strong>upozornil na restrikce ze strany ma\u010farsk\u00e9 vl\u00e1dy, nap\u0159\u00edklad na veto evropsk\u00e9ho rekonstruk\u010dn\u00edho bal\u00ed\u010dku, kter\u00e9 dopadne zejm\u00e9na na rozpo\u010det hlavn\u00edho m\u011bsta.<\/p>\n<blockquote class=\"twitter-tweet\" data-width=\"500\" data-dnt=\"true\">\n<p lang=\"cs\" dir=\"ltr\">Opozice mus\u00ed Ma\u010far\u016fm nab\u00eddnout pozitivn\u00ed vizi, aby Orb\u00e1na porazila. Tvrd\u00ed to Gergely Kar\u00e1csony, prim\u00e1tor Budape\u0161ti, kter\u00fd bude ji\u017e dnes spolu s prim\u00e1tory dal\u0161\u00edch hlavn\u00edch m\u011bst <a href=\"https:\/\/twitter.com\/hashtag\/V4?src=hash&amp;ref_src=twsrc%5Etfw\" rel=\"noopener\">#V4<\/a> hostem on-line konference Kam kr\u00e1\u010d\u00ed\u0161, \u010cesko 2020.<a href=\"https:\/\/t.co\/dTIBNIPFJg\">https:\/\/t.co\/dTIBNIPFJg<\/a> <a href=\"https:\/\/t.co\/Ktm51k2GAo\">https:\/\/t.co\/Ktm51k2GAo<\/a><\/p>\n<p>&mdash; Hospod\u00e1\u0159sk\u00e9 noviny (@hospodarky) <a href=\"https:\/\/twitter.com\/hospodarky\/status\/1329318493645271040?ref_src=twsrc%5Etfw\" rel=\"noopener\">November 19, 2020<\/a><\/p><\/blockquote>\n<p><script async src=\"https:\/\/platform.twitter.com\/widgets.js\" charset=\"utf-8\"><\/script><\/p>\n<p>Sn\u00ed\u017een\u00ed rozpo\u010dt\u016f vy\u017eaduje i sn\u00ed\u017een\u00ed v\u00fddaj\u016f a efektivn\u011bj\u0161\u00ed zp\u016fsoby investic. I p\u0159esto v\u0161ak m\u011bsta nad\u00e1le pokra\u010duj\u00ed v\u00a0rozvoji nejen na poli dopravy, ochrany \u017eivotn\u00edho prost\u0159ed\u00ed nebo \u00faspory energie, ale nap\u0159\u00edklad i na poli digitalizace a technologie. V\u00a0t\u00e9to sf\u00e9\u0159e je d\u016fle\u017eit\u00fd v\u00fdvoj aplikac\u00ed a port\u00e1l\u016f nebo podpora platforem v\u00a0oblasti vzd\u011bl\u00e1v\u00e1n\u00ed. Jak v\u0161ak doplnil prim\u00e1tor Prahy <strong>Zden\u011bk H\u0159ib<\/strong>, i chytr\u00e1 m\u011bsta mohou b\u00fdt soci\u00e1ln\u011b inkluzivn\u00ed, a mus\u00ed proto v\u017edy existovat mo\u017enost \u017e\u00edt v\u00a0nich i bez chytr\u00e9ho telefonu. Prim\u00e1to\u0159i se shodli i na d\u016fle\u017eitosti propagace demokratick\u00fdch princip\u016f a hodnot, nebo zlep\u0161ov\u00e1n\u00ed komunikace s\u00a0ob\u010dany a zaji\u0161t\u011bn\u00ed jejich participace.<\/p>\n<h3>III. Zamy\u0161len\u00ed Ivana Krasteva: Jak pandemie m\u011bn\u00ed Evropu?\u00a0(<a href=\"https:\/\/www.ceskatelevize.cz\/porady\/10000000308-kam-kracis-cesko\/22025400145-2020\" target=\"_blank\" rel=\"noopener noreferrer\">z\u00e1znam<\/a>\u00a01:56:03\u20132:21:26)<\/h3>\n<p>Nad zp\u016fsobem, jak\u00fdm pandemie m\u011bn\u00ed Evropu, se zamyslel <a href=\"https:\/\/www.aspeninstitutece.org\/people-profile\/ivan-krastev\/\"><strong>Ivan Krastev<\/strong><\/a>\u00a0z\u00a0Centra liber\u00e1ln\u00edch studi\u00ed \/ Institutu nauk o \u010dlov\u011bku. Podle n\u011bj je nyn\u011bj\u0161\u00ed situace v\u00a0ur\u010dit\u00e9m smyslu kombinac\u00ed 3 p\u0159edchoz\u00edch evropsk\u00fdch kriz\u00ed. Tou prvn\u00ed je ot\u00e1zka v\u00fdjime\u010dn\u00e9ho roz\u0161\u00ed\u0159en\u00ed vl\u00e1dn\u00edch pravomoc\u00ed, jako tomu bylo v\u00a0souvislosti s\u00a0v\u00e1lkou s\u00a0terorismem, druhou je nutnost \u0159e\u0161en\u00ed ne\u010dekan\u00fdch ekonomick\u00fdch probl\u00e9m\u016f podobn\u011b jako v\u00a0roce 2008, a t\u0159et\u00ed je fenom\u00e9n uzav\u00edr\u00e1n\u00ed vnit\u0159n\u00edch evropsk\u00fdch hranic, kop\u00edruj\u00edc\u00ed diskuze b\u011bhem uprchlick\u00e9 krize p\u0159ed p\u011bti lety. Upozor\u0148uje p\u0159itom na to, \u017ee odpov\u011b\u010f na tyto ot\u00e1zky je nyn\u00ed \u010dasto zcela odli\u0161n\u00e1, ne\u017e kdy\u017e se objevily poprv\u00e9.<\/p>\n<\/div>\n<\/div>\n<\/div>\n<blockquote class=\"twitter-tweet\" data-width=\"500\" data-dnt=\"true\">\n<p lang=\"cs\" dir=\"ltr\">Covid sjednotil Evropskou unii a pandemie oslabila nacionalisty a populisty, \u0159\u00edk\u00e1 politolog Ivan Krastev z <a href=\"https:\/\/twitter.com\/IWM_Vienna?ref_src=twsrc%5Etfw\" rel=\"noopener\">@IWM_Vienna<\/a> ve speci\u00e1lu <a href=\"https:\/\/twitter.com\/hospodarky?ref_src=twsrc%5Etfw\" rel=\"noopener\">@Hospodarky<\/a> a <a href=\"https:\/\/twitter.com\/AspenInstCE?ref_src=twsrc%5Etfw\" rel=\"noopener\">@AspenInstCE<\/a> <a href=\"https:\/\/t.co\/U791wrwQ9E\">https:\/\/t.co\/U791wrwQ9E<\/a> prost\u0159ednictv\u00edm u\u017eivatele <a href=\"https:\/\/twitter.com\/hospodarky?ref_src=twsrc%5Etfw\" rel=\"noopener\">@hospodarky<\/a><\/p>\n<p>&mdash; Martin Ehl (also @martinehl.bsky.social) (@MartinCZV4EU) <a href=\"https:\/\/twitter.com\/MartinCZV4EU\/status\/1329310836045787137?ref_src=twsrc%5Etfw\" rel=\"noopener\">November 19, 2020<\/a><\/p><\/blockquote>\n<p><script async src=\"https:\/\/platform.twitter.com\/widgets.js\" charset=\"utf-8\"><\/script><\/p>\n<p>S\u00a0pandemi\u00ed je podle n\u011bj spojena \u0159ada negativn\u00edch v\u00fdvoj\u016f. N\u011bkter\u00e9 vl\u00e1dn\u00ed politiky, v\u00a0prvn\u00ed vln\u011b ve\u0159ejnost\u00ed p\u0159ijaty, jsou nyn\u00ed vn\u00edm\u00e1ny jako problematick\u00e9 a jejich nepopularita tak m\u016f\u017ee pos\u00edlit populistick\u00e9 strany. Ve srovn\u00e1n\u00ed s\u00a0prvn\u00ed vlnou se prohloubil i mezigenera\u010dn\u00ed kontrast \u2013 zat\u00edmco lid\u00e9 v\u00a0rizikov\u00e9 skupin\u011b z\u00a0p\u0159\u00edsn\u00fdch opat\u0159en\u00ed v\u00a0d\u016fsledku sv\u00e9 zdravotn\u00ed zranitelnosti benefituj\u00ed, mlad\u0161\u00ed lid\u00e9 jsou naopak zraniteln\u00ed ekonomicky a striktn\u011bj\u0161\u00ed opat\u0159en\u00ed jim tak mohou ubl\u00ed\u017eit. Pandemie nav\u00edc odhalila i \u201etemnou str\u00e1nku globalizace\u201c a prohloubila tak fragmentaci a soupe\u0159en\u00ed mezi velmocemi. Na z\u00e1v\u011br Ivan Krastev varuje p\u0159ed n\u00e1stroji protekcionismu, kter\u00e9 sice mohou slou\u017eit pro podporu demokratick\u00fdch a progresivn\u00edch hodnot, ale pouze na \u00farovni evropsk\u00e9, nikoliv n\u00e1rodn\u00ed. Pokud chce Evropa v\u00a0tomto nov\u00e9m sv\u011bt\u011b obst\u00e1t, je podle n\u011bj pot\u0159eba sm\u011b\u0159ovat k\u00a0v\u011bt\u0161\u00ed konsolidaci a integraci evropsk\u00e9ho projektu.<\/p>\n<h3>IV. Bezpe\u010dnost \u2013 inovace<\/h3>\n<h3>Obrana a vesm\u00edr &#8211; p\u0159\u00edle\u017eitost pro v\u011bdu i pr\u016fmysl\u00a0(<a href=\"https:\/\/www.ceskatelevize.cz\/porady\/10000000308-kam-kracis-cesko\/22025400145-2020\" target=\"_blank\" rel=\"noopener noreferrer\">z\u00e1znam<\/a>\u00a02:22:10\u20133:22:16)<\/h3>\n<p><a class=\"btn view-secondary-text\" href=\"https:\/\/youtu.be\/L37wPzJSotk\" target=\"_blank\" rel=\"noopener noreferrer\">Prezenta\u010dn\u00ed video: Obrana a vesm\u00edr: P\u0159\u00edle\u017eitost pro v\u011bdu i pr\u016fmysl<\/a><\/p>\n<p>V\u00a0n\u00e1vaznosti na lo\u0148sk\u00e9 zam\u011b\u0159en\u00ed na vztah mezi civiln\u00edm a vojensk\u00fdm v\u00fdzkumem a v\u00fdvojem a inovacemi jsme se letos v\u011bnovali vesm\u00edrn\u00fdm technologi\u00edm. Host\u00e9 debatovali hlavn\u011b o d\u016fle\u017eitosti a p\u0159ek\u00e1\u017ek\u00e1ch pro spolupr\u00e1ci mezi st\u00e1tn\u00edm a soukrom\u00fdm sektorem a akademickou sf\u00e9rou.<\/p>\n<blockquote class=\"twitter-tweet\" data-width=\"500\" data-dnt=\"true\">\n<p lang=\"cs\" dir=\"ltr\">Obrann\u00e9 a pr\u016fmyslov\u00e9 p\u0159\u00edle\u017eitosti ve vesm\u00edrn\u00e9m sektoru byly tak\u00e9 jedn\u00edm z t\u00e9mat leto\u0161n\u00ed konference <a href=\"https:\/\/twitter.com\/AspenInstCE?ref_src=twsrc%5Etfw\" rel=\"noopener\">@AspenInstCE<\/a> \ud83d\udc47<a href=\"https:\/\/t.co\/C8Kk0vwdqR\">https:\/\/t.co\/C8Kk0vwdqR<\/a><\/p>\n<p>&mdash; Tom\u00e1\u0161 Kope\u010dn\u00fd (@TomasKopecny_CZ) <a href=\"https:\/\/twitter.com\/TomasKopecny_CZ\/status\/1329448491966468098?ref_src=twsrc%5Etfw\" rel=\"noopener\">November 19, 2020<\/a><\/p><\/blockquote>\n<p><script async src=\"https:\/\/platform.twitter.com\/widgets.js\" charset=\"utf-8\"><\/script><\/p>\n<p><strong><a href=\"https:\/\/www.aspeninstitutece.org\/people-profile\/petr-bares\/\">Petr Bare\u0161<\/a>\u00a0<\/strong>(\u010cesk\u00e1 vesm\u00edrn\u00e1 aliance, Iguassu Software Systems) vyzdvihl pod\u00edl \u010desk\u00fdch akt\u00e9r\u016f na v\u00fdvoji \u0161pi\u010dkov\u00fdch vesm\u00edrn\u00fdch technologi\u00ed. Technologick\u00fd pokrok je v\u0161ak daleko rychlej\u0161\u00ed ne\u017e navazov\u00e1n\u00ed nov\u00fdch spoluprac\u00ed. Je tak tedy st\u00e1le na \u010dem pracovat.<\/p>\n<p>Vedouc\u00ed expertn\u00ed studie Aspen Institute CE <strong><a href=\"https:\/\/www.aspeninstitutece.org\/people-profile\/tomas-pojar\/\">Tom\u00e1\u0161 Pojar<\/a>\u00a0<\/strong>(CEVRO Institut) zhodnotil, \u017ee bez spolupr\u00e1ce nap\u0159\u00ed\u010d sektory nen\u00ed mo\u017en\u00e9, aby \u010cesk\u00e1 republika jako celek dos\u00e1hla v\u00a0oblasti vesm\u00edrn\u00fdch technologi\u00ed takov\u00fdch \u00fasp\u011bch\u016f. I p\u0159esto, \u017ee se situace za posledn\u00edch deset let zlep\u0161ila, lze st\u00e1le vn\u00edmat \u201ezapouzd\u0159enost\u201c jednotliv\u00fdch skupin a vz\u00e1jemn\u00e9 p\u0159edsudky.<\/p>\n<p>Jako \u0159e\u0161en\u00ed zapouzd\u0159en\u00fdch sektor\u016f navrhl <strong><a href=\"https:\/\/www.aspeninstitutece.org\/people-profile\/ladislav-stahl\/\">Ladislav Stahl<\/a>\u00a0<\/strong>(SATCEN, Vojensk\u00e9 zpravodajstv\u00ed) zapojen\u00ed v\u0161ech akt\u00e9r\u016f do jednoho velk\u00e9ho projektu, jako je nap\u0159\u00edklad stavba dru\u017eice GOLEM, na kter\u00e9m by se pod\u00edlela jen \u010desk\u00e1 pracovi\u0161t\u011b. D\u00edky tomu by byla zaji\u0161t\u011bna lep\u0161\u00ed komunikace a integrace jednotliv\u00fdch sektor\u016f.<\/p>\n<p>Podle\u00a0<strong><a href=\"https:\/\/www.aspeninstitutece.org\/people-profile\/patricie-ondriasova\/\">Patricie Ondri\u00e1\u0161ov\u00e9<\/a>\u00a0<\/strong>(OHB System) je v\u00a0za\u010d\u00e1tc\u00edch projekt\u016f v\u017edy d\u016fle\u017eit\u00e9 zapojen\u00ed v\u011bdeck\u00fdch instituc\u00ed, p\u0159i\u010dem\u017e n\u00e1sledn\u00e9 in\u017een\u00fdrsk\u00e9 pr\u00e1ce pot\u00e9 obstar\u00e1vaj\u00ed firmy. Pro dal\u0161\u00ed rozvoj v\u00a0oblasti vesm\u00edrn\u00fdch technologi\u00ed je tak\u00e9 d\u016fle\u017eit\u00e9 m\u00edt k\u00a0dispozici lidi se zku\u0161enostmi s\u00a0\u0159\u00edzen\u00edm vesm\u00edrn\u00fdch projekt\u016f.<\/p>\n<p><strong><a href=\"https:\/\/www.aspeninstitutece.org\/people-profile\/jan-soucek\/\">Jan Sou\u010dek<\/a>\u00a0<\/strong>(\u00dastav fyziky atmosf\u00e9ry AV \u010cR) p\u0159inesl na problematiku spolupr\u00e1ce pohled z\u00a0akademick\u00e9ho prost\u0159ed\u00ed. Jako jedno z \u00faskal\u00ed pro nav\u00e1z\u00e1n\u00ed hlub\u0161\u00ed spolupr\u00e1ce vn\u00edm\u00e1 neochotu n\u011bkter\u00fdch akt\u00e9r\u016f sd\u00edlet sv\u00e9 know-how. Z\u00e1rove\u0148 je tak\u00e9 d\u016fle\u017eit\u00e9 p\u0159i spolupr\u00e1ci spr\u00e1vn\u011b a vyv\u00e1\u017een\u011b rozd\u011blit role zapojen\u00fdch pracovi\u0161\u0165, aby byl syst\u00e9m flexibiln\u00ed a mohl snadno reagovat na mo\u017en\u00e9 zm\u011bny v\u00a0pr\u016fb\u011bhu v\u00fdvoje technologi\u00ed.<\/p>\n<h3><strong>V. Digitalizace: Nov\u00fd impulz pro ekonomiky st\u0159edn\u00ed Evropy\u00a0<\/strong>(<a href=\"https:\/\/www.ceskatelevize.cz\/porady\/10000000308-kam-kracis-cesko\/22025400145-2020\" target=\"_blank\" rel=\"noopener noreferrer\">z\u00e1znam<\/a>\u00a03:23:12\u20133:33:13)<\/h3>\n<p>Mo\u017en\u00fdm zm\u011bn\u00e1m zp\u016fsoben\u00fdm n\u00e1r\u016fstem vyu\u017e\u00edv\u00e1n\u00ed digit\u00e1ln\u00edch technologi\u00ed b\u011bhem pandemie se v\u011bnoval <a href=\"https:\/\/www.aspeninstitutece.org\/people-profile\/petr-smid\/\"><strong>Petr \u0160m\u00edd\u00a0<\/strong><\/a>(Google). Nutnost digitalizace byla patrn\u00e1 ji\u017e p\u0159ed pandemi\u00ed, ta ji v\u0161ak u\u010dinila je\u0161t\u011b o\u010dividn\u011bj\u0161\u00ed. Velk\u00e9 mno\u017estv\u00ed aktivit se p\u0159esunulo do virtu\u00e1ln\u00edho prost\u0159ed\u00ed, a do\u0161lo tak ke zna\u010dn\u00e9mu n\u00e1r\u016fstu nov\u00fdch u\u017eivatel\u016f. D\u016fle\u017eit\u00fd je v\u0161ak tak\u00e9 rozvoj digit\u00e1ln\u00edch dovednost\u00ed. P\u0159izp\u016fsobit se musely i samotn\u00e9 firmy. Nov\u00fd ekonomick\u00fd norm\u00e1l bude jin\u00fd ne\u017e doba p\u0159ed pandemi\u00ed, zvl\u00e1\u0161t\u011b v\u00a0oblasti pr\u00e1ce z\u00a0domova \u010di chov\u00e1n\u00ed z\u00e1kazn\u00edk\u016f. Ti budou pravd\u011bpodobn\u011b i nad\u00e1le ve v\u011bt\u0161\u00ed m\u00ed\u0159e vyu\u017e\u00edvat slu\u017eeb, jako je don\u00e1\u0161ka potravin \u010di bezkontaktn\u00ed placen\u00ed.<\/p>\n<h3>VI.\u00a0Region\u00e1ln\u00ed rozd\u00edly\u2014vzd\u011bl\u00e1v\u00e1n\u00ed<\/h3>\n<h3>Kontext \u0161koln\u00edho ne\u00fasp\u011bchu: Soci\u00e1ln\u00ed probl\u00e9my a financov\u00e1n\u00ed (<a href=\"https:\/\/www.ceskatelevize.cz\/porady\/10000000308-kam-kracis-cesko\/22025400145-2020\" target=\"_blank\" rel=\"noopener noreferrer\">z\u00e1znam<\/a>\u00a03:33:58\u20134:35:00)<\/h3>\n<p><a class=\"btn view-secondary-text\" href=\"https:\/\/www.youtube.com\/watch?v=TgrCMBLbMd4\" target=\"_blank\" rel=\"noopener noreferrer\">Prezenta\u010dn\u00ed video: Kontext \u0161koln\u00edho ne\u00fasp\u011bchu<\/a><\/p>\n<p>Posledn\u00ed panel v\u00fdro\u010dn\u00ed konference se zam\u011b\u0159il na vliv socioekonomick\u00e9ho z\u00e1zem\u00ed na \u0161koln\u00ed ne\u00fasp\u011bch \u017e\u00e1k\u016f. Host\u00e9 se shodli na tom, \u017ee na probl\u00e9mech ve \u0161kolstv\u00ed se pod\u00edl\u00ed velk\u00e9 mno\u017estv\u00ed faktor\u016f a je nutn\u00e9 komplexn\u00ed \u0159e\u0161en\u00ed na n\u011bkolika \u00farovn\u00edch.<\/p>\n<p>Odborn\u00fd poradce expertn\u00ed skupiny Aspen Institute CE <strong><a href=\"https:\/\/www.aspeninstitutece.org\/people-profile\/daniel-munich\/\">Daniel M\u00fcnich<\/a>\u00a0<\/strong>(IDEA p\u0159i CERGE-EI) se zam\u011b\u0159il mimo jin\u00e9 tak\u00e9 na vliv pandemie. Ta jen prohlubuje rozd\u00edly a zv\u011bt\u0161uje probl\u00e9my u \u017e\u00e1k\u016f ze \u0161patn\u00fdch socioekonomick\u00fdch pom\u011br\u016f. Aby virtu\u00e1ln\u00ed v\u00fduka efektivn\u011b fungovala, je pot\u0159eba splnit \u010dty\u0159i podm\u00ednky \u2013 dobr\u00e9 technick\u00e9 z\u00e1zem\u00ed d\u011bt\u00ed, lidsk\u00fd kapit\u00e1l rodin, technick\u00e9 vybaven\u00ed \u0161kol a schopnost u\u010ditel\u016f zvl\u00e1dat nov\u00e9 metody. Ve v\u011bt\u0161in\u011b p\u0159\u00edpad\u016f v\u0161ak nedoch\u00e1z\u00ed ke spln\u011bn\u00ed v\u0161ech najednou.<\/p>\n<p><strong><a href=\"https:\/\/www.aspeninstitutece.org\/people-profile\/libor-witassek\/\">Libor Witassek<\/a>\u00a0<\/strong>(nez\u00e1visl\u00fd podnikatel a zastupitel m\u011bsta Opavy) se v\u011bnoval dopadu pandemie na u\u010d\u0148ovsk\u00e9 \u0161koly. Odborn\u00e9 vzd\u011bl\u00e1v\u00e1n\u00ed je v\u00a0online prost\u0159ed\u00ed velmi slo\u017eit\u00e9 a praktickou v\u00fduku je nutn\u00e9 vykon\u00e1vat osobn\u011b. Vliv na \u0161kolstv\u00ed bude m\u00edt pravd\u011bpodobn\u011b tak\u00e9 sn\u00ed\u017een\u00ed rozpo\u010dt\u016f obc\u00ed v\u00a0d\u016fsledku pandemie.<\/p>\n<p><strong><a href=\"https:\/\/www.aspeninstitutece.org\/people-profile\/zuzana-ramajzlova\/\">Zuzana Ramajzlov\u00e1<\/a>\u00a0<\/strong>(\u010clov\u011bk v\u00a0t\u00edsni) vyzdvihla chyb\u011bj\u00edc\u00ed sd\u00edlen\u00ed dobr\u00e9 praxe mezi obcemi, jako\u017eto z\u0159izovateli \u0161kol. Na obecn\u00edch \u00farovn\u00edch \u010dasto doch\u00e1z\u00ed k\u00a0vyt\u011bsn\u011bn\u00ed probl\u00e9m\u016f ve \u0161kolstv\u00ed a v\u00a0p\u0159\u00edkladn\u00e9m chov\u00e1n\u00ed obc\u00ed hraje velkou roli prvek n\u00e1hody. V\u00a0praxi tak z\u00e1le\u017e\u00ed hlavn\u011b na konkr\u00e9tn\u00edch osob\u00e1ch v\u00a0zastupitelstvu.<\/p>\n<p>Dle\u00a0<strong><a href=\"https:\/\/www.aspeninstitutece.org\/people-profile\/jan-straka\/\">Jana Straky<\/a>\u00a0<\/strong>(U\u010ditel na\u017eivo) je d\u016fle\u017eit\u00e9 stanoven\u00ed spole\u010dn\u00e9 vize, kam by m\u011bla p\u0159em\u011bna \u0161kolstv\u00ed sm\u011b\u0159ovat. Z\u00e1sadn\u00ed je tak\u00e9 v\u00edce investovat do lid\u00ed. A\u0165 u\u017e jsou to \u0159editel\u00e9, na kter\u00e9 jsou kladeny n\u00e1ro\u010dn\u00e9 po\u017eadavky, \u010di u\u010ditel\u00e9, kter\u00fdm se nedost\u00e1v\u00e1 dostate\u010dn\u00e9 podpory, a\u0165 u\u017e metodick\u00e9 \u010di technick\u00e9.<\/p>\n<p>Jako jeden z\u00a0aspekt\u016f d\u016fle\u017eit\u00fdch pro \u0159e\u0161en\u00ed rozd\u00edl\u016f zd\u016fraznil <strong><a href=\"https:\/\/www.aspeninstitutece.org\/people-profile\/jaromir-beran\/\">Jarom\u00edr Beran<\/a>\u00a0<\/strong>(M\u0160MT) podporu \u0159editel\u016f \u0161kol. Pro kvalitn\u00ed \u0161kolstv\u00ed, jsou pot\u0159eba tak\u00e9 kvalitn\u00ed \u0159editel\u00e9. Ti jsou v\u0161ak \u010dasto p\u0159ehlcen\u00ed. Ministerstvo tak pl\u00e1nuje zapojit model st\u0159edn\u00edho \u010dl\u00e1nku podpory, kter\u00fd by \u0159editel\u016fm uleh\u010dil v\u00a0oblasti nepedagogick\u00e9 pr\u00e1ce. Probl\u00e9mem v\u0161ak nad\u00e1le z\u016fst\u00e1v\u00e1 i nedostatek uchaze\u010d\u016f o pozice \u0159editel\u016f.<\/p>\n<h3><strong>Aspen\u00a0Central Europe Leadership Award<\/strong> (<a href=\"https:\/\/www.ceskatelevize.cz\/porady\/10000000308-kam-kracis-cesko\/22025400145-2020\" target=\"_blank\" rel=\"noopener noreferrer\">z\u00e1znam<\/a>\u00a04:35:45\u20134:48:55)<\/h3>\n<p>V\u00fdro\u010dn\u00ed konference byla uzav\u0159ena druh\u00fdm ro\u010dn\u00edkem slavnostn\u00edho ud\u00edlen\u00ed <strong>Aspen Central Europe Leadership Award.\u00a0<\/strong>Toto ocen\u011bn\u00ed je ud\u00edleno mlad\u00fdm \u00fasp\u011b\u0161n\u00fdm profesion\u00e1l\u016fm za vynikaj\u00edc\u00ed v\u00fdsledky v jejich oboru a z\u00e1rove\u0148 v jedn\u00e9 z n\u00e1sleduj\u00edc\u00edch oblast\u00ed: veden\u00ed zalo\u017een\u00e9 na principech a hodnot\u00e1ch, aktivn\u00ed prosazovan\u00ed odpov\u011bdn\u00e9ho ob\u010dansk\u00e9ho postoje, a inovativn\u00ed politika s\u00a0pozitivn\u00edm soci\u00e1ln\u00edm dopadem ve st\u0159edn\u00ed Evrop\u011b.<\/p>\n<p>Ud\u00edlen\u00ed ceny uvedla filantropka <strong><a href=\"https:\/\/www.aspeninstitutece.org\/people-profile\/michaela-bakala\/\">Michaela Bakala<\/a>\u00a0<\/strong>(Bakala Philanthropy), kter\u00e1 vyzdvihla d\u016fle\u017eitost veden\u00ed zalo\u017een\u00e9ho na hodnot\u00e1ch. \u010clov\u011bk se nerod\u00ed dobr\u00fdm l\u00eddrem, ale st\u00e1v\u00e1 se j\u00edm d\u00edky rozv\u00edjen\u00ed t\u011bch spr\u00e1vn\u00fdch hodnot. D\u016fle\u017eit\u00e9 je tak veden\u00ed, kter\u00e9 sm\u011b\u0159uje k\u00a0vy\u0161\u0161\u00edmu dobru a ne jen vlastn\u00edmu obohacen\u00ed. Cenu slavnostn\u011b p\u0159edal p\u0159edseda spr\u00e1vn\u00ed rady Aspen Institute CE <strong><a href=\"https:\/\/www.aspeninstitutece.org\/people-profile\/ivan-hodac\/\">Ivan Hod\u00e1\u010d<\/a><\/strong>.<\/p>\n<p>Leto\u0161n\u00edmi laure\u00e1ty ocen\u011bn\u00ed jsou <strong>Tereza Kalouskov\u00e1<\/strong>, zahrani\u010dn\u00ed koordin\u00e1torka UPOL, kter\u00e1 se pod\u00edl\u00ed na velk\u00e9m mno\u017estv\u00ed dobrovolnick\u00fdch aktivit, kter\u00e9 pom\u00e1haj\u00ed zahrani\u010dn\u00edm student\u016fm na Univerzit\u011b Palack\u00e9ho v Olomouci, a kter\u00e9 mnoh\u00fdm z nich usnadnily p\u0159ekon\u00e1n\u00ed obdob\u00ed nejistoty zp\u016fsoben\u00e9 pandemi\u00ed a karant\u00e9nou, a <strong>Michal Tarnowski<\/strong>, spoluzakladatel Akademie ob\u010dansk\u00fdch znalost\u00ed a dvou vzd\u011bl\u00e1vac\u00edch start-up\u016f Nativated a Nauczeni.pl, kter\u00fd se ve sv\u00fdch aktivit\u00e1ch mimo jin\u00e9 zam\u011b\u0159uje tak\u00e9 na p\u0159\u00edstup \u017e\u00e1k\u016f ze znev\u00fdhodn\u011bn\u00e9ho prost\u0159ed\u00ed ke vzd\u011bl\u00e1v\u00e1n\u00ed.<\/p>\n<p><img loading=\"lazy\" decoding=\"async\" class=\"alignnone size-medium wp-image-15784\" src=\"https:\/\/www.aspeninstitutece.org\/wp-content\/uploads\/aspen-media\/2020\/11\/ob_2885_wtm-300x200.jpg\" alt=\"\" width=\"300\" height=\"200\" \/> <img loading=\"lazy\" decoding=\"async\" class=\"alignnone size-medium wp-image-15783\" src=\"https:\/\/www.aspeninstitutece.org\/wp-content\/uploads\/aspen-media\/2020\/11\/ob_2878_wtm-300x200.jpg\" alt=\"\" width=\"300\" height=\"200\" \/><\/p>\n<p>Foto: Ond\u0159ej Besper\u00e1t<\/p>\n","protected":false},"excerpt":{"rendered":"<p>Z\u00e1pis z v\u00fdro\u010dn\u00ed konference Aspen Institute Central Europe 2020 k restartu st\u0159edn\u00ed Evropy.<\/p>\n","protected":false},"featured_media":12220,"template":"","meta":{"_acf_changed":false},"news-tag":[],"class_list":["post-28680","news-article","type-news-article","status-publish","has-post-thumbnail","hentry"],"acf":[],"_links":{"self":[{"href":"https:\/\/www.aspeninstitutece.org\/cs\/wp-json\/wp\/v2\/news-article\/28680","targetHints":{"allow":["GET"]}}],"collection":[{"href":"https:\/\/www.aspeninstitutece.org\/cs\/wp-json\/wp\/v2\/news-article"}],"about":[{"href":"https:\/\/www.aspeninstitutece.org\/cs\/wp-json\/wp\/v2\/types\/news-article"}],"wp:featuredmedia":[{"embeddable":true,"href":"https:\/\/www.aspeninstitutece.org\/cs\/wp-json\/wp\/v2\/media\/12220"}],"wp:attachment":[{"href":"https:\/\/www.aspeninstitutece.org\/cs\/wp-json\/wp\/v2\/media?parent=28680"}],"wp:term":[{"taxonomy":"news-tag","embeddable":true,"href":"https:\/\/www.aspeninstitutece.org\/cs\/wp-json\/wp\/v2\/news-tag?post=28680"}],"curies":[{"name":"wp","href":"https:\/\/api.w.org\/{rel}","templated":true}]}}