{"id":28683,"date":"2018-11-29T00:00:00","date_gmt":"2018-11-28T23:00:00","guid":{"rendered":"https:\/\/aspeninstitutece.softmedia.cz\/news-article\/kam-kracis-cesko-2018\/"},"modified":"2018-11-29T00:00:00","modified_gmt":"2018-11-28T23:00:00","slug":"kam-kracis-cesko-2018","status":"publish","type":"news-article","link":"https:\/\/www.aspeninstitutece.org\/cs\/news-article\/kam-kracis-cesko-2018\/","title":{"rendered":"Kam kr\u00e1\u010d\u00ed\u0161, \u010cesko 2018"},"content":{"rendered":"<p>Leto\u0161n\u00ed v\u00fdro\u010dn\u00ed konference Aspen Institute Central Europe\u00a0<strong><a href=\"https:\/\/www.aspeninstitutece.org\/wp-content\/uploads\/aspen-media\/2018\/11\/Aspen_2018_Progam_Electronic-CZ-1.pdf\" target=\"_blank\" rel=\"noopener noreferrer\"><em>Kam kr\u00e1\u010d\u00ed\u0161, \u010cesko?<\/em><\/a>\u00a0<\/strong>2018, kterou jsme po\u0159\u00e1dali ve spolupr\u00e1ci\u00a0s\u00a0medi\u00e1ln\u00edm domem Economia, se konala\u00a0<strong>22. listopadu\u00a0v\u00a0<a href=\"https:\/\/www.google.cz\/maps\/place\/Pra%C5%BEsk%C3%A1+k%C5%99i%C5%BEovatka+(kostel+sv.+Anny).\/@50.084969,14.4137592,17z\/data=!3m1!4b1!4m5!3m4!1s0x470b94ef1a867e63:0x76707fea57060b97!8m2!3d50.084969!4d14.415948\" target=\"_blank\" rel=\"noopener noreferrer\">Pra\u017esk\u00e9 k\u0159i\u017eovatce<\/a>.<\/strong><\/p>\n<p><a class=\"btn view-secondary-text\" href=\"https:\/\/www.aspeninstitutece.org\/wp-content\/uploads\/aspen-media\/2019\/07\/Aspen_2018_Progam_Electronic-CZ.pdf\" target=\"_blank\" rel=\"noopener noreferrer\">Program<\/a><\/p>\n<p>C\u00edlem konference bylo\u00a0<strong>komplexn\u011b zhodnotit politick\u00fd, hospod\u00e1\u0159sk\u00fd a spole\u010densk\u00fd v\u00fdvoj \u010cesk\u00e9 republiky v kontextu st\u0159edn\u00ed Evropy<\/strong>. Nav\u00e1zali jsme na \u00fasp\u011b\u0161n\u00e9 p\u0159edchoz\u00ed ro\u010dn\u00edky\u00a0a op\u011bt jsme se zam\u011b\u0159ili na anal\u00fdzu p\u011bti z\u00e1kladn\u00edch oblast\u00ed:\u00a0<strong>konkurenceschopnost, kvalita vl\u00e1dnut\u00ed, vzd\u011bl\u00e1v\u00e1n\u00ed, kvalita \u017eivota, obrana a bezpe\u010dnost.<\/strong><\/p>\n<p><a class=\"btn view-secondary-text\" href=\"https:\/\/www.aspeninstitutece.org\/wp-content\/uploads\/aspen-media\/2018\/11\/KKC_2018_Brochure_CZ_Final.pdf\" target=\"_blank\" rel=\"noopener noreferrer\">Souhrnn\u00e1 studie na\u0161ich expertn\u00edch skupin<\/a> tradi\u010dn\u011b pouk\u00e1zala na nejz\u00e1va\u017en\u011bj\u0161\u00ed probl\u00e9my v jednotliv\u00fdch oblastech. O v\u00fdsledc\u00edch b\u00e1d\u00e1n\u00ed\u00a0 v r\u00e1mci p\u011bti panel\u016f diskutovali z\u00e1stupci politiky, byznysu \u00a0nebo akademick\u00e9 sf\u00e9ry.\u00a0Na z\u00e1v\u011br konference jsme jako v\u017edy p\u0159ipravili souhrn nejpal\u010div\u011bj\u0161\u00edch probl\u00e9m\u016f v dan\u00fdch oblastech a n\u00e1vrh doporu\u010den\u00ed adresovan\u00fdch t\u011bm, kte\u0159\u00ed o budoucnosti \u010cR rozhoduj\u00ed.<\/p>\n<p><strong>Ucelen\u00e9 informace k jednotliv\u00fdm oblastem:<\/strong><\/p>\n<p style=\"text-align: center;\"><a class=\"btn view-secondary-text\" href=\"https:\/\/www.aspeninstitutece.org\/news-article\/konkurenceschopnost-expertni-studie-za-rok-2018\/\" target=\"_blank\" rel=\"noopener noreferrer\">Konkurenceschopnost<\/a>\u00a0| \u00a0<a class=\"btn view-secondary-text\" href=\"https:\/\/www.aspeninstitutece.org\/news-article\/kvalita-vladnuti-expertni-studie-za-rok-2018\/\">Kvalita vl\u00e1dnut\u00ed<\/a>\u00a0|\u00a0<a class=\"btn view-secondary-text\" href=\"https:\/\/www.aspeninstitutece.org\/news-article\/vzdelavani-expertni-studie-za-rok-2018\/\" target=\"_blank\" rel=\"noopener noreferrer\">Vzd\u011bl\u00e1v\u00e1n\u00ed<\/a>\u00a0|\u00a0<a class=\"btn view-secondary-text\" href=\"https:\/\/www.aspeninstitutece.org\/news-article\/obrana-bezpecnost-expertni-studie-za-rok-2018\/\" target=\"_blank\" rel=\"noopener noreferrer\">Obrana a bezpe\u010dnost<\/a>\u00a0|\u00a0<a class=\"btn view-secondary-text\" href=\"https:\/\/www.aspeninstitutece.org\/news-article\/kvalita-zivota-expertni-studie-za-rok-2018\/\" target=\"_blank\" rel=\"noopener noreferrer\">Kvalita \u017eivota<\/a><\/p>\n<p><strong>Z\u00e1znamy z panel\u016f\u00a0zde:<\/strong><\/p>\n<p style=\"text-align: center;\"><a class=\"btn view-secondary-text\" href=\"https:\/\/youtu.be\/m0_Y4Uf6xYU\" target=\"_blank\" rel=\"noopener noreferrer\">Zah\u00e1jen\u00ed<\/a>\u00a0| <a class=\"btn view-secondary-text\" href=\"https:\/\/youtu.be\/wFmPAy0bwxY\" target=\"_blank\" rel=\"noopener noreferrer\">Konkurenceschopnost<\/a>\u00a0| \u00a0<a class=\"btn view-secondary-text\" href=\"https:\/\/youtu.be\/2-OdLns2iQo\" target=\"_blank\" rel=\"noopener noreferrer\">Kvalita vl\u00e1dnut\u00ed<\/a>\u00a0|\u00a0<a class=\"btn view-secondary-text\" href=\"https:\/\/youtu.be\/K54H3dmNctI\" target=\"_blank\" rel=\"noopener noreferrer\">Vzd\u011bl\u00e1v\u00e1n\u00ed<\/a>\u00a0\u00a0<a class=\"btn view-secondary-text\" href=\"https:\/\/youtu.be\/f4AlZ7gZKtA\" target=\"_blank\" rel=\"noopener noreferrer\">Obrana a bezpe\u010dnost<\/a>\u00a0|\u00a0<a class=\"btn view-secondary-text\" href=\"https:\/\/youtu.be\/zUqMWr-4yVc\" target=\"_blank\" rel=\"noopener noreferrer\">Kvalita \u017eivota<\/a>\u00a0|\u00a0<a class=\"btn view-secondary-text\" href=\"https:\/\/youtu.be\/-i28_lajezQ\" target=\"_blank\" rel=\"noopener noreferrer\">Z\u00e1v\u011bre\u010dn\u00e1 doporu\u010den\u00ed<\/a><\/p>\n<p style=\"text-align: left;\"><strong>Doporu\u010den\u00ed vl\u00e1d\u011b vypl\u00fdvaj\u00edc\u00ed z hlasov\u00e1n\u00ed \u00fa\u010dastn\u00edk\u016f konference:<\/strong><\/p>\n<p><img loading=\"lazy\" decoding=\"async\" class=\"alignnone wp-image-9141\" src=\"https:\/\/www.aspeninstitutece.org\/wp-content\/uploads\/aspen-media\/2018\/11\/doporuceni-1024x689.png\" alt=\"\" width=\"600\" height=\"404\" \/><\/p>\n<h3>\u00davodn\u00ed slovo<\/h3>\n<p>Konferenci zah\u00e1jil <strong>Ji\u0159\u00ed Schneider<\/strong> (Aspen Institute Central Europe), kter\u00fd \u00fast\u0159edn\u00ed t\u00e9mata konference uchopil v kontextu cel\u00e9 st\u0159edn\u00ed Evropy. \u00da\u010dastn\u00edky konference za organiz\u00e1tory p\u0159iv\u00edtali <strong>Zuzana \u0158ezn\u00ed\u010dkov\u00e1<\/strong> (Economia) a\u00a0 <strong>Ivan Hod\u00e1\u010d<\/strong> (Aspen Institute Central Europe). N\u00e1sledn\u011b vystoupil <strong>Dan Porterfield<\/strong> (Aspen Institute), kter\u00fd ozna\u010dil funguj\u00edc\u00ed spole\u010dnost a podn\u011bcov\u00e1n\u00ed mezin\u00e1rodn\u00edch dialog\u016f o z\u00e1sadn\u00edch t\u00e9matech za st\u011b\u017eejn\u00ed c\u00edle Aspen Institutu. Za kl\u00ed\u010dov\u00e9 ozna\u010dil\u00a0d\u016fsledn\u00e9 dodr\u017eov\u00e1n\u00ed demokratick\u00fdch princip\u016f.<\/p>\n<blockquote class=\"twitter-tweet\" data-width=\"500\" data-dnt=\"true\">\n<p lang=\"en\" dir=\"ltr\">Honored to join <a href=\"https:\/\/twitter.com\/AspenInstCE?ref_src=twsrc%5Etfw\" rel=\"noopener\">@AspenInstCE<\/a> for a terrific <a href=\"https:\/\/twitter.com\/hashtag\/AspenAnnual?src=hash&amp;ref_src=twsrc%5Etfw\" rel=\"noopener\">#AspenAnnual<\/a> conference which is framing problems and proposing solutions to promote economic opportunity, good governance, education, security, &amp; high quality of life <a href=\"https:\/\/t.co\/6wcLML6Kh6\">pic.twitter.com\/6wcLML6Kh6<\/a><\/p>\n<p>&mdash; Dan Porterfield (@DanPorterfield) <a href=\"https:\/\/twitter.com\/DanPorterfield\/status\/1065530858650636288?ref_src=twsrc%5Etfw\" rel=\"noopener\">November 22, 2018<\/a><\/p><\/blockquote>\n<p><script async src=\"https:\/\/platform.twitter.com\/widgets.js\" charset=\"utf-8\"><\/script><\/p>\n<h3>I. Konkurenceschopnost<\/h3>\n<p><strong>Nicklas Lundblad<\/strong>\u00a0(Google) otev\u0159el panel na t\u00e9ma Konkurenceschopnost my\u0161lenkou, \u017ee \u201e<em>u\u010den\u00ed je nov\u00fdm fitness<\/em>\u201c. Vyzdvihl t\u00edm d\u016fle\u017eitost lidsk\u00e9ho kapit\u00e1lu a dodal, \u017ee \u201e<em>v\u017edycky z\u016fstanou oblasti, kde po\u010d\u00edta\u010de \u010dlov\u011bka nezastoup\u00ed.<\/em>\u201d V digitalizaci tak vid\u00ed nejen ekonomickou p\u0159\u00edle\u017eitost, ale tak\u00e9 mo\u017enost zcela zm\u011bnit kvalitu \u017eivota.<\/p>\n<blockquote class=\"twitter-tweet\" data-width=\"500\" data-dnt=\"true\">\n<p lang=\"en\" dir=\"ltr\">&quot; Learning is a new fitness&quot;. Success of digital transformation depends on 1. our ability to measure it properly 2. reskilling and life long learning and education 3. experimenting 4. let go of old systems 5. strong ethics and humanity. <a href=\"https:\/\/twitter.com\/hashtag\/AspenAnnual?src=hash&amp;ref_src=twsrc%5Etfw\" rel=\"noopener\">#AspenAnnual<\/a> <a href=\"https:\/\/t.co\/l8Dxq5zGZX\">pic.twitter.com\/l8Dxq5zGZX<\/a><\/p>\n<p>&mdash; Tania le Moigne (@tanialemoigne) <a href=\"https:\/\/twitter.com\/tanialemoigne\/status\/1065527114894594048?ref_src=twsrc%5Etfw\" rel=\"noopener\">November 22, 2018<\/a><\/p><\/blockquote>\n<p><script async src=\"https:\/\/platform.twitter.com\/widgets.js\" charset=\"utf-8\"><\/script><\/p>\n<p><strong>David V\u00e1vra<\/strong>\u00a0(OG Research), koordin\u00e1tor aspensk\u00e9 expertn\u00ed skupiny pro konkurenceschopnost v\u00a0\u00favodn\u00edm prezenta\u010dn\u00edm videu\u00a0zhodnotil celkov\u00fd stav hospod\u00e1\u0159stv\u00ed a konkurenceschopnosti \u010cesk\u00e9 republiky<b>\u00a0<\/b>n\u00e1sledovn\u011b<b>:\u00a0<\/b><\/p>\n<blockquote><p>\u201e<em>Hlavn\u00edmi brzdami ekonomick\u00e9ho r\u016fstu jsou n\u00edzk\u00e1 kvalita vzd\u011bl\u00e1vac\u00edho syst\u00e9mu, neefektivn\u00ed institucion\u00e1ln\u00ed prost\u0159ed\u00ed a st\u00e1tn\u00ed spr\u00e1va i nepru\u017en\u00fd trh pr\u00e1ce. Na\u0161e budoucnost spo\u010d\u00edv\u00e1 v kvalifikovan\u00e9 pracovn\u00ed s\u00edle, kterou mus\u00edme um\u011bt kultivovat, p\u0159it\u00e1hnout a udr\u017eet. A to se n\u00e1m zat\u00edm neda\u0159\u00ed<\/em>.\u201d<\/p><\/blockquote>\n<p><strong>Vladim\u00edr B\u00e4rtl<\/strong>\u00a0(n\u00e1m\u011bstek ministra pr\u016fmyslu a obchodu \u010cR) hovo\u0159il o nezbytnosti nasm\u011brov\u00e1n\u00ed investi\u010dn\u00edch pob\u00eddek tak, aby podpo\u0159ily p\u0159\u00edliv kvalitn\u00edch technologi\u00ed a prosperuj\u00edc\u00edch zahrani\u010dn\u00edch firem.\u00a0<strong>Ond\u0159ej Vl\u010dek<\/strong>\u00a0(Avast) je p\u0159esv\u011bd\u010den, \u017ee v\u011bt\u0161ina absolvent\u016f vysok\u00fdch \u0161kol nen\u00ed p\u0159ipravena na praktick\u00e9 uplatn\u011bn\u00ed sv\u00fdch znalost\u00ed a vyz\u00fdval k\u00a0inspiraci zahrani\u010d\u00edm.<\/p>\n<blockquote class=\"twitter-tweet\" data-width=\"500\" data-dnt=\"true\">\n<p lang=\"cs\" dir=\"ltr\">Viceprezident <a href=\"https:\/\/twitter.com\/avast_security?ref_src=twsrc%5Etfw\" rel=\"noopener\">@avast_security<\/a> Ondrej Vlcek: &quot;Neni duvod, aby pomer zen a muzu v IT profesich nebyl 50:50. To neni rubani uhli, pro IT nejsou zadne zvlastni predispozice.&quot; Avast zamestnava 28 % zen v IT. \ud83d\udc4d\ud83d\udc4d\ud83d\udc4d <a href=\"https:\/\/twitter.com\/hashtag\/AspenAnnual?src=hash&amp;ref_src=twsrc%5Etfw\" rel=\"noopener\">#AspenAnnual<\/a> <a href=\"https:\/\/t.co\/JnBeu9Qw2K\">pic.twitter.com\/JnBeu9Qw2K<\/a><\/p>\n<p>&mdash; Dita Charanzov\u00e1 (@charanzova) <a href=\"https:\/\/twitter.com\/charanzova\/status\/1065537756414263301?ref_src=twsrc%5Etfw\" rel=\"noopener\">November 22, 2018<\/a><\/p><\/blockquote>\n<p><script async src=\"https:\/\/platform.twitter.com\/widgets.js\" charset=\"utf-8\"><\/script><\/p>\n<p><strong>Tom\u00e1\u0161 Karakolev<\/strong> (McKinsey) uvedl, \u017ee lid\u00e9 ve v\u011bku od 35 let v\u00fd\u0161e z\u00e1sadn\u00edm zp\u016fsobem zaost\u00e1vaj\u00ed v pr\u00e1ci s technologiemi a pokud tyto nedovzd\u011bl\u00e1me, nezbude ne\u017e \u010dekat na dal\u0161\u00ed generaci. Dle <strong>Michala Sko\u0159epy<\/strong> (\u010cesk\u00e1 spo\u0159itelna) je \u010cesko a\u017e p\u0159\u00edli\u0161 konkurenceschopn\u00e9, nebo\u0165 \u010desk\u00e9 firmy jsou mezi odb\u011brateli velice \u017e\u00e1dan\u00e9 a m\u00edvaj\u00ed mnohdy nedostatek zam\u011bstnanc\u016f. Nastolil proto ot\u00e1zku, zda nen\u00ed \u201e<em>\u010cesko p\u0159\u00edli\u0161 levn\u00e9\u201c<\/em>?<\/p>\n<h3>II.\u00a0Kvalita vl\u00e1dnut\u00ed<\/h3>\n<p><strong>Karel \u0160imka<\/strong>\u00a0(soudce Nejvy\u0161\u0161\u00edho spr\u00e1vn\u00edho soudu \u010cR), koordin\u00e1tor aspensk\u00e9 expertn\u00ed skupiny pro Kvalitu vl\u00e1dnut\u00ed, pouk\u00e1zal na nejpal\u010div\u011bj\u0161\u00ed probl\u00e9my t\u00e9to oblasti. T\u011bmi jsou dluhov\u00e9 pasti, bytov\u00e1 situace ve velk\u00fdch m\u011bstech, digitalizace st\u00e1tn\u00ed spr\u00e1vy a nedostate\u010dn\u00e1 s\u00ed\u0165ov\u00e1 infrastruktura.<\/p>\n<blockquote><p>\u201e<em>Na\u0161e ve\u0159ejn\u00e1 spr\u00e1va um\u00ed docela dob\u0159e zpracovat jednoduch\u00e9 v\u011bci, ale co neum\u00ed, jsou slo\u017eit\u00e9 \u00fakoly. Neum\u00ed postavit rychle d\u00e1lnici, neum\u00ed vybudovat dobr\u00fd elektronick\u00fd syst\u00e9m ve ve\u0159ejn\u00e9 spr\u00e1v\u011b<\/em>,\u201d shrnul.<\/p><\/blockquote>\n<p>\u0158e\u0161en\u00edm by mohlo b\u00fdt odpolitizov\u00e1n\u00ed st\u00e1tn\u00ed spr\u00e1vy a jej\u00ed propojen\u00ed se soukrom\u00fdm sektorem, novelizace z\u00e1kona o st\u00e1tn\u00ed slu\u017eb\u011b a stavebn\u00edho z\u00e1kona nebo jasn\u00e1 energetick\u00e1 koncepce.<\/p>\n<blockquote class=\"twitter-tweet\" data-width=\"500\" data-dnt=\"true\">\n<p lang=\"cs\" dir=\"ltr\">\u010cesk\u00fd st\u00e1t je schopen udr\u017eovat provoz, ale neum\u00ed d\u011blat velk\u00e9 moderniza\u010dn\u00ed projekty pro budoucnost. Z\u00e1le\u017e\u00ed to na politick\u00e9m syst\u00e9mu, kter\u00fd nen\u00ed schopen se dohodnout na dlouhodob\u00fdch c\u00edlech. Z panelu o vl\u00e1dnut\u00ed <a href=\"https:\/\/twitter.com\/hashtag\/AspenAnnual?src=hash&amp;ref_src=twsrc%5Etfw\" rel=\"noopener\">#AspenAnnual<\/a> <a href=\"https:\/\/twitter.com\/AspenInstCE?ref_src=twsrc%5Etfw\" rel=\"noopener\">@AspenInstCE<\/a> <a href=\"https:\/\/twitter.com\/hospodarky?ref_src=twsrc%5Etfw\" rel=\"noopener\">@Hospodarky<\/a> <a href=\"https:\/\/twitter.com\/Aktualnecz?ref_src=twsrc%5Etfw\" rel=\"noopener\">@Aktualnecz<\/a> <a href=\"https:\/\/t.co\/zYaQy8C2Zh\">pic.twitter.com\/zYaQy8C2Zh<\/a><\/p>\n<p>&mdash; Martin Ehl (also @martinehl.bsky.social) (@MartinCZV4EU) <a href=\"https:\/\/twitter.com\/MartinCZV4EU\/status\/1065548749085253632?ref_src=twsrc%5Etfw\" rel=\"noopener\">November 22, 2018<\/a><\/p><\/blockquote>\n<p><script async src=\"https:\/\/platform.twitter.com\/widgets.js\" charset=\"utf-8\"><\/script><\/p>\n<p><strong>Vladim\u00edr Dzurilla<\/strong> (poradce p\u0159edsedy vl\u00e1dy pro ICT a digitalizaci) zd\u016fraznil, \u017ee v procesu digitalizace st\u00e1tn\u00ed spr\u00e1vy nejde o p\u0159ev\u00e1d\u011bn\u00ed analogov\u00fdch postup\u016f do digit\u00e1ln\u00ed podoby, ale o celkov\u00e9 zefektivn\u011bn\u00ed st\u00e1tn\u00ed spr\u00e1vy.\u00a0<strong>P\u00e9ter Krek\u00f3 (<\/strong>Political Capital Institute) uvedl, \u017ee situace v\u00a0Ma\u010farsku se s\u00a0tou \u010ceskou v\u00a0z\u00e1sad\u011b shoduje.<\/p>\n<blockquote><p>\u201e<em>Obdob\u00ed p\u0159ehnan\u00e9ho optimismu ve vztahu k soci\u00e1ln\u00edm m\u00e9di\u00edm, kterou jsme za\u017e\u00edvali na za\u010d\u00e1tku tohoto stolet\u00ed, je pry\u010d. Poj\u010fme si osvojit zdravou podez\u00edravost v\u016f\u010di st\u00e1tu, v\u016f\u010di supervelmoc\u00edm jako je Rusko a \u010c\u00edna i v\u016f\u010di form\u00e1m nov\u00e9 komunikace. Nezapome\u0148me, \u017ee doba velk\u00fdch l\u017e\u00ed p\u0159ich\u00e1z\u00ed<\/em>.\u201d<\/p><\/blockquote>\n<p><strong>Mat\u011bj Petr\u00e1sek<\/strong> (DigiLion) popsal v\u00fdvoj digitalizace ve Velk\u00e9 Brit\u00e1nii.<\/p>\n<blockquote class=\"twitter-tweet\" data-width=\"500\" data-dnt=\"true\">\n<p lang=\"cs\" dir=\"ltr\">Kdo je nebezpe\u010dn\u011bj\u0161\u00ed p\u0159i hromad\u011bn\u00ed a nakl\u00e1d\u00e1n\u00ed s daty o lidech, soukrom\u00e9 firmy nebo st\u00e1t? Debata s p\u0159evl\u00e1daj\u00edc\u00edm n\u00e1zorem v neprosp\u011bch st\u00e1tu na <a href=\"https:\/\/twitter.com\/hashtag\/AspenAnnual?src=hash&amp;ref_src=twsrc%5Etfw\" rel=\"noopener\">#AspenAnnual<\/a> <a href=\"https:\/\/twitter.com\/AspenInstCE?ref_src=twsrc%5Etfw\" rel=\"noopener\">@AspenInstCE<\/a> <a href=\"https:\/\/twitter.com\/hospodarky?ref_src=twsrc%5Etfw\" rel=\"noopener\">@Hospodarky<\/a> <a href=\"https:\/\/twitter.com\/peterkreko?ref_src=twsrc%5Etfw\" rel=\"noopener\">@peterkreko<\/a> <a href=\"https:\/\/t.co\/oPjl1hGTFd\">pic.twitter.com\/oPjl1hGTFd<\/a><\/p>\n<p>&mdash; Martin Ehl (also @martinehl.bsky.social) (@MartinCZV4EU) <a href=\"https:\/\/twitter.com\/MartinCZV4EU\/status\/1065558359036882944?ref_src=twsrc%5Etfw\" rel=\"noopener\">November 22, 2018<\/a><\/p><\/blockquote>\n<p><script async src=\"https:\/\/platform.twitter.com\/widgets.js\" charset=\"utf-8\"><\/script><\/p>\n<h3>III.\u00a0Vzd\u011bl\u00e1v\u00e1n\u00ed<\/h3>\n<p>Nejv\u011bt\u0161\u00ed bolesti \u010desk\u00e9ho vzd\u011bl\u00e1vac\u00edho syst\u00e9mu, kter\u00fd je podfinancovan\u00fd a zastaral\u00fd, p\u0159edest\u0159el\u00a0<strong>Bohumil Kartous<\/strong>\u00a0(EDUin), koordin\u00e1tor aspensk\u00e9 expertn\u00ed skupiny pro Vzd\u011bl\u00e1v\u00e1n\u00ed. P\u0159edev\u0161\u00edm je to propast v kvalit\u011b vzd\u011bl\u00e1v\u00e1n\u00ed mezi regiony a n\u00edzk\u00e1 atraktivita u\u010ditelsk\u00e9ho povol\u00e1n\u00ed.<\/p>\n<blockquote><p>\u201e<em>Zat\u00edmco rozvinut\u00e9 zem\u011b masivn\u011b investuj\u00ed do sv\u00fdch vzd\u011bl\u00e1vac\u00edch syst\u00e9m\u016f a p\u0159ipravuj\u00ed se tak na budoucnost, \u010cesk\u00e1 republika je \u0161ampionem v prav\u00e9m opaku. Jsme zem\u00ed, kter\u00e1 investuje do sv\u00e9ho vzd\u011bl\u00e1vac\u00edho syst\u00e9mu jednu z nejni\u017e\u0161\u00edch \u010d\u00e1stek v r\u00e1mci zem\u00ed OECD,<\/em>\u201d dopl\u0148uje Kartous.<\/p><\/blockquote>\n<p>L\u00e9k, kter\u00fd nab\u00edz\u00ed, je krom\u011b v\u011bt\u0161\u00edho investov\u00e1n\u00ed \u201e<em>zac\u00edlen\u00ed na pozice \u0159editel\u016f, kte\u0159\u00ed by v prvn\u00ed \u0159ad\u011b m\u011bli b\u00fdt kvalifikovan\u00fdmi pedagogick\u00fdmi mana\u017eery<\/em>.\u201d<\/p>\n<blockquote class=\"twitter-tweet\" data-width=\"500\" data-dnt=\"true\">\n<p lang=\"cs\" dir=\"ltr\">Probl\u00e9m \u010desk\u00e9ho \u0161kolstv\u00ed nejsou ani tak pen\u00edze, ale to, \u017ee je zdrojem nerovnost\u00ed ve spole\u010dnosti, \u00fasp\u011bch d\u00edt\u011bte je p\u0159edur\u010den jeho soci\u00e1ln\u00edm z\u00e1zem\u00edm, nikoli schopnostmi, kter\u00e9 by \u0161kola rozv\u00edjela. Z debaty o \u0161kolstv\u00ed <a href=\"https:\/\/twitter.com\/hashtag\/aspenannual?src=hash&amp;ref_src=twsrc%5Etfw\" rel=\"noopener\">#aspenannual<\/a> <a href=\"https:\/\/twitter.com\/AspenInstCE?ref_src=twsrc%5Etfw\" rel=\"noopener\">@AspenInstCE<\/a> <a href=\"https:\/\/twitter.com\/hospodarky?ref_src=twsrc%5Etfw\" rel=\"noopener\">@Hospodarky<\/a> <a href=\"https:\/\/t.co\/nzMZvToW7O\">pic.twitter.com\/nzMZvToW7O<\/a><\/p>\n<p>&mdash; Martin Ehl (also @martinehl.bsky.social) (@MartinCZV4EU) <a href=\"https:\/\/twitter.com\/MartinCZV4EU\/status\/1065568620414205954?ref_src=twsrc%5Etfw\" rel=\"noopener\">November 22, 2018<\/a><\/p><\/blockquote>\n<p><script async src=\"https:\/\/platform.twitter.com\/widgets.js\" charset=\"utf-8\"><\/script><\/p>\n<p><strong>Robert Plaga<\/strong> (ministr \u0161kolstv\u00ed, ml\u00e1de\u017ee a t\u011blov\u00fdchovy \u010cR) je p\u0159esv\u011bd\u010den\u00fd o nezbytnosti navr\u00e1tit finan\u010dn\u00ed atraktivitu u\u010ditelsk\u00e9mu povol\u00e1n\u00ed. Dle jeho n\u00e1zoru by bylo vhodn\u00e9 umo\u017enit odborn\u00edk\u016fm z\u00a0praxe v\u00fdkon pedagogick\u00e9 profese bez nutnosti dosa\u017een\u00ed vysoko\u0161kolsk\u00e9ho pedagogick\u00e9ho vzd\u011bl\u00e1n\u00ed. Za vhodn\u00e9 pova\u017euje rovn\u011b\u017e zav\u00e9st nap\u0159\u00edklad adapta\u010dn\u00ed obdob\u00ed pro nov\u00e9 u\u010ditele.\u00a0<strong>Branislav Kleske\u0148<\/strong> (LEAF)\u00a0d\u00e1val za p\u0159\u00edklad\u00a0jin\u00e9 st\u00e1ty, ve kter\u00fdch jsou po\u017eadavky na post \u0159editele \u0161koly nesrovnateln\u011b vy\u0161\u0161\u00ed, ne\u017e v\u00a0\u010cesku.\u00a0<strong>Zsuzsanna M\u00e1trai<\/strong> (Microsoft) popisovala investice t\u00e9to spole\u010dnosti do vzd\u011bl\u00e1v\u00e1n\u00ed sv\u00fdch zam\u011bstnanc\u016f. Ta se v\u00a0t\u00e9to oblasti zam\u011b\u0159uje zejm\u00e9na na prohlubov\u00e1n\u00ed po\u010d\u00edta\u010dov\u00fdch dovednost\u00ed. Podle <strong>Ji\u0159\u00edho Nantla<\/strong> (CEITEC) jsou probl\u00e9my \u010desk\u00e9ho \u0161kolstv\u00ed jedn\u00edm ze zdroj\u016f nerovnost\u00ed ve spole\u010dnosti. Pravd\u011bpodobnost \u00fasp\u011bchu toti\u017e siln\u011b koreluje s rodinn\u00fdm z\u00e1zem\u00edm, bydli\u0161t\u011bm apod.<\/p>\n<blockquote><p><em>\u201eVzd\u011bl\u00e1n\u00ed se de facto st\u00e1v\u00e1 d\u011bdi\u010dn\u00fdm privilegiem. Lid\u00e9 maj\u00ed dojem, \u017ee nez\u00e1le\u017e\u00ed na jejich dovednostech, ale na tom, kde a komu se narodili.\u201c <\/em><\/p><\/blockquote>\n<p>Na z\u00e1v\u011br <strong>Michal P\u011bchou\u010dek<\/strong> (\u010cVUT) uvedl, \u017ee obecn\u011b p\u0159evl\u00e1daj\u00edc\u00ed pasivita rodi\u010d\u016f ve vztahu ke vzd\u011bl\u00e1n\u00ed jejich d\u011bt\u00ed vytv\u00e1\u0159\u00ed konzervativn\u00ed\u00a0p\u0159\u00edstup k vzd\u011bl\u00e1vac\u00edmu syst\u00e9mu.<\/p>\n<blockquote class=\"twitter-tweet\" data-width=\"500\" data-dnt=\"true\">\n<p lang=\"cs\" dir=\"ltr\">&quot;Cesky system vzdelavani je nastaven tak, aby absolventi v praxi neuspeli. Ocekavat, ze se neco zmeni, je vlastne naivni. Perspektiva absolventa pedagogicke fakulty je tristni. Nevzdelane zeme budou blbnout, chudnout a starnout.&quot;<a href=\"https:\/\/twitter.com\/BohumilKartous?ref_src=twsrc%5Etfw\" rel=\"noopener\">@BohumilKartous<\/a> <a href=\"https:\/\/twitter.com\/hashtag\/AspenAnnual?src=hash&amp;ref_src=twsrc%5Etfw\" rel=\"noopener\">#AspenAnnual<\/a> <a href=\"https:\/\/t.co\/znn5jwyuUd\">pic.twitter.com\/znn5jwyuUd<\/a><\/p>\n<p>&mdash; Tania le Moigne (@tanialemoigne) <a href=\"https:\/\/twitter.com\/tanialemoigne\/status\/1065565286512947202?ref_src=twsrc%5Etfw\" rel=\"noopener\">November 22, 2018<\/a><\/p><\/blockquote>\n<p><script async src=\"https:\/\/platform.twitter.com\/widgets.js\" charset=\"utf-8\"><\/script><\/p>\n<h3>IV. Obrana a bezpe\u010dnost<\/h3>\n<p>Bezpe\u010dnostn\u00ed situaci v \u010cR nast\u00ednil <strong>Tom\u00e1\u0161 Pojar (<\/strong>CEVRO Institut):<\/p>\n<blockquote><p>\u201e<em>\u010cesk\u00e1 arm\u00e1da v\u00ed, co pot\u0159ebuje, ale nen\u00ed schopna to nakoupit. Celkov\u00e9 v\u00fddaje na obranu a bezpe\u010dnost sice rostou, nicm\u00e9n\u011b nejsou dostate\u010dn\u00e9. A pokud nebudeme do vlastn\u00ed arm\u00e1dy investovat, ztrat\u00edme vlastn\u00ed svobodu, ztrat\u00edme vlastn\u00ed prosperitu a ztrat\u00edme vlastn\u00ed bezpe\u010dnost<\/em>.\u201c<\/p><\/blockquote>\n<p><strong>Gener\u00e1l<\/strong> <strong>Petr Pavel<\/strong> s nutnost\u00ed modernizace arm\u00e1dy souhlasil:<\/p>\n<blockquote><p>\u201e<em>My jsme u\u010dinili strategick\u00e9 rozhodnut\u00ed s na\u0161\u00edm vstupem do NATO, \u017ee obranu t\u00e9to zem\u011b budeme zaji\u0161\u0165ovat v syst\u00e9mu kolektivn\u00ed bezpe\u010dnosti. Jestli\u017ee nebudeme schopn\u00ed tento p\u0159\u00edsp\u011bvek do kolektivn\u00ed obrany plnohodnotn\u011b zajistit, pak samoz\u0159ejm\u011b ohro\u017eujeme vlastn\u00ed bezpe\u010dnost, proto\u017ee na\u0161e d\u016fv\u011bryhodnost jako alian\u010dn\u00edho partnera bude postupn\u011b klesat.<\/em>\u201d<\/p><\/blockquote>\n<p>D\u00e1le vyj\u00e1d\u0159il n\u00e1zor, \u017ee hrozba Rusk\u00e9 federace m\u016f\u017ee b\u00fdt vn\u00edm\u00e1na jako vzd\u00e1len\u00e1 a nepravd\u011bpodobn\u00e1, ale jej\u00ed nevojensk\u00e9 p\u016fsoben\u00ed m\u016f\u017ee m\u00edt mnohem z\u00e1va\u017en\u011bj\u0161\u00ed dopady, ne\u017e otev\u0159en\u00fd vojensk\u00fd konflikt.\u00a0<strong>Jakub Landovsk\u00fd<\/strong> (Ministerstvo obrany \u010cR) jako nejv\u011bt\u0161\u00ed hrozby vn\u00edm\u00e1 zem\u011b, kter\u00e9 nedodr\u017euj\u00ed z\u00e1kladn\u00ed pravidla demokratick\u00fdch st\u00e1t\u016f a jako p\u0159\u00edklad uvedl Ruskou federaci.\u00a0<strong>Jan Lipavsk\u00fd<\/strong> (m\u00edstop\u0159edseda v\u00fdboru pro obranu, PS P\u010cR) uvedl, \u017ee v\u00a0 r\u00e1mci tzv. <em>soft security<\/em> je t\u0159eba, abychom byli schopni rozezn\u00e1vat dezinformace a efektivn\u011b proti nim postupovali. Na vl\u00e1dn\u00ed \u00farovni je zapot\u0159eb\u00ed p\u0159ijet\u00ed v\u00edcelet\u00e9ho investi\u010dn\u00edho pl\u00e1nu, kdy bude parlament Arm\u00e1d\u011b \u010cR garantovat pravideln\u00e9 poskytov\u00e1n\u00ed konkr\u00e9tn\u00edch \u010d\u00e1stek.<\/p>\n<blockquote class=\"twitter-tweet\" data-width=\"500\" data-dnt=\"true\">\n<p lang=\"cs\" dir=\"ltr\">Pokud do 2-3 let nerozh\u00fdbeme vojensk\u00e9 n\u00e1kupy, za\u010dneme m\u00edt probl\u00e9m se schopnostmi se br\u00e1nit. Proto\u017ee n\u00e1kup dom\u00e1c\u00ed \u010di z\u00e1padn\u00ed techniky n\u00e1s v\u00edc ukotv\u00ed na Z\u00e1pad\u011b, na\u0161i soupe\u0159i je mohou komplikovat. To je probl\u00e9m cel\u00e9 Evropy. Debata <a href=\"https:\/\/twitter.com\/hashtag\/aspenannual?src=hash&amp;ref_src=twsrc%5Etfw\" rel=\"noopener\">#aspenannual<\/a> <a href=\"https:\/\/twitter.com\/AspenInstCE?ref_src=twsrc%5Etfw\" rel=\"noopener\">@AspenInstCE<\/a> <a href=\"https:\/\/twitter.com\/hospodarky?ref_src=twsrc%5Etfw\" rel=\"noopener\">@Hospodarky<\/a> <a href=\"https:\/\/twitter.com\/Aktualnecz?ref_src=twsrc%5Etfw\" rel=\"noopener\">@Aktualnecz<\/a> <a href=\"https:\/\/t.co\/2mRUTbQdYj\">pic.twitter.com\/2mRUTbQdYj<\/a><\/p>\n<p>&mdash; Martin Ehl (also @martinehl.bsky.social) (@MartinCZV4EU) <a href=\"https:\/\/twitter.com\/MartinCZV4EU\/status\/1065609526743842816?ref_src=twsrc%5Etfw\" rel=\"noopener\">November 22, 2018<\/a><\/p><\/blockquote>\n<p><script async src=\"https:\/\/platform.twitter.com\/widgets.js\" charset=\"utf-8\"><\/script><\/p>\n<h3>V. Kvalita \u017eivota<\/h3>\n<p>Sociolog z Medianu <strong>Daniel Prokop<\/strong> kvalitu \u017eivota v \u010cesku zhodnotil jako lep\u0161\u00ed v porovn\u00e1n\u00ed s ostatn\u00edmi postkomunistick\u00fdmi st\u00e1ty, d\u016fv\u011bra v demokracii a instituce ale z\u016fst\u00e1v\u00e1 podpr\u016fm\u011brn\u00e1. Jedn\u00edm z faktor\u016f je nerovnost v kvalit\u011b \u017eivota &#8211; regiony se li\u0161\u00ed z hlediska soci\u00e1ln\u00ed i ekonomick\u00e9 nerovnosti, bezpe\u010dnosti, dostupnosti \u010di kvality vzd\u011bl\u00e1v\u00e1n\u00ed. Z\u00e1rove\u0148 existuj\u00ed velk\u00e9 nerovnosti kvality \u017eivota i v r\u00e1mci kraj\u016f, mezi jednotliv\u00fdmi obcemi. To ovliv\u0148uje tak\u00e9 politick\u00e9 chov\u00e1n\u00ed a spokojenost lid\u00ed. Podle Prokopa bychom se m\u011bli zam\u011b\u0159it \u201e<em>na kooperaci obc\u00ed, kraj\u016f a centr\u00e1ln\u00edho st\u00e1tu v \u0159e\u0161en\u00ed n\u011bkter\u00fdch probl\u00e9m\u016f, kter\u00e9 stagnuj\u00ed, t\u0159eba bydlen\u00ed; a zam\u011b\u0159it se na to, \u010d\u00edm jsou chud\u0161\u00ed regiony nad\u00e1le omezov\u00e1ny, tedy nap\u0159. nekvalitou vzd\u011bl\u00e1v\u00e1n\u00ed v t\u011bchto regionech<\/em>.\u201d<\/p>\n<blockquote class=\"twitter-tweet\" data-width=\"500\" data-dnt=\"true\">\n<p lang=\"cs\" dir=\"ltr\">&quot;K vy\u0161\u0161\u00ed porodnosti kohou v\u00e9st i kroky podporuj\u00edc\u00ed sla\u010fov\u00e1n\u00ed pracovn\u00edho a osobn\u00edho \u017eivota &#8211; nap\u0159. i rozvoj mikrojesl\u00ed nebo d\u011btsk\u00fdch skupin. Pokud to neud\u011bl\u00e1mey projev\u00ed se to ve st\u00e1rnut\u00ed populace,&quot; \u0159\u00edk\u00e1 na <a href=\"https:\/\/twitter.com\/hashtag\/AspenAnnual?src=hash&amp;ref_src=twsrc%5Etfw\" rel=\"noopener\">#AspenAnnual<\/a> <a href=\"https:\/\/twitter.com\/dan_prokop?ref_src=twsrc%5Etfw\" rel=\"noopener\">@dan_prokop<\/a> z <a href=\"https:\/\/twitter.com\/MEDIANCZ?ref_src=twsrc%5Etfw\" rel=\"noopener\">@MEDIANCZ<\/a> <a href=\"https:\/\/t.co\/Q6dkb1q9CD\">pic.twitter.com\/Q6dkb1q9CD<\/a><\/p>\n<p>&mdash; Michael Rozsypal (@MichaelRozsypal) <a href=\"https:\/\/twitter.com\/MichaelRozsypal\/status\/1065627361058725890?ref_src=twsrc%5Etfw\" rel=\"noopener\">November 22, 2018<\/a><\/p><\/blockquote>\n<p><script async src=\"https:\/\/platform.twitter.com\/widgets.js\" charset=\"utf-8\"><\/script><\/p>\n<p>Ke zlep\u0161en\u00ed situace v\u00a0regionech podle <strong>V\u00edta Raku\u0161ana<\/strong>\u00a0(starosta m\u011bsta Kol\u00edn) nejv\u00edce p\u0159isp\u011bje, kdy\u017e bude ob\u010dan\u016fm umo\u017en\u011bna v\u011bt\u0161\u00ed participace na m\u011bstsk\u00e9m \u017eivot\u011b i mimo volby. Je t\u0159eba d\u00e1t v\u0161em obyvatel\u016fm pocit, \u017ee se u nich ve m\u011bst\u011b n\u011bco d\u011bje a vybudit v\u00a0nich touhu se na fungov\u00e1n\u00ed m\u011bsta aktivn\u011b pod\u00edlet.\u00a0<strong>Jana Mal\u00e1\u010dov\u00e1 <\/strong>(ministryn\u011b pr\u00e1ce a soci\u00e1ln\u00edch v\u011bc\u00ed \u010cR) se domn\u00edv\u00e1, \u017ee rozd\u00edly \u00farovn\u011b kvality \u017eivota v\u00a0r\u016fzn\u00fdch regionech maj\u00ed z\u00e1sadn\u00ed vliv na polarizaci spole\u010dnosti. Mal\u00e1\u010dov\u00e1 zm\u00ednila nezbytnost institutu oddlu\u017een\u00ed. Na dotaz o mo\u017en\u00e9 decentralizaci st\u00e1tn\u00ed spr\u00e1vy a rozm\u00edst\u011bn\u00ed ministerstev a \u00fa\u0159ad\u016f po \u010cesku Mal\u00e1\u010dov\u00e1 odpov\u011bd\u011bla, \u017ee tento postup se j\u00ed nejev\u00ed jako vhodn\u00fd p\u0159i snaze o zvy\u0161ov\u00e1n\u00ed kvality \u017eivota v\u00a0jednotliv\u00fdch regionech.\u00a0<strong>Melinda Mikl\u00f3s<\/strong> (We Are Open) vyzdvihovala prosp\u011b\u0161nost zaveden\u00ed tzv. <em>otev\u0159en\u00fdch spole\u010dnost\u00ed<\/em>, kter\u00e9 se zam\u011b\u0159uj\u00ed na odstra\u0148ov\u00e1n\u00ed p\u0159edsudk\u016f na pracovi\u0161t\u00edch a hodnot\u00ed pracovn\u00edky zejm\u00e9na na z\u00e1klad\u011b jejich pracovn\u00edch v\u00fdsledk\u016f.<\/p>\n<blockquote class=\"twitter-tweet\" data-width=\"500\" data-dnt=\"true\">\n<p lang=\"cs\" dir=\"ltr\">Z debat na dne\u0161n\u00ed konferenci <a href=\"https:\/\/twitter.com\/AspenInstCE?ref_src=twsrc%5Etfw\" rel=\"noopener\">@AspenInstCE<\/a> <a href=\"https:\/\/twitter.com\/hashtag\/AspenAnnual?src=hash&amp;ref_src=twsrc%5Etfw\" rel=\"noopener\">#AspenAnnual<\/a> plyne, \u017ee z\u00e1sadn\u00edm a pr\u016f\u0159ezov\u00fdm probl\u00e9mem \u010ceska jsou obrovsk\u00e9 nerovnosti mezi regiony a uvnit\u0159 region\u016f. Sou\u010dasn\u011b nem\u00e1me \u017e\u00e1dnou st\u00e1tn\u00ed politiku, kter\u00e1 by tento probl\u00e9m c\u00edlen\u011b \u0159e\u0161ila.<\/p>\n<p>&mdash; Ji\u0159\u00ed Nantl (@jiri_nantl) <a href=\"https:\/\/twitter.com\/jiri_nantl\/status\/1065628497006247936?ref_src=twsrc%5Etfw\" rel=\"noopener\">November 22, 2018<\/a><\/p><\/blockquote>\n<p><script async src=\"https:\/\/platform.twitter.com\/widgets.js\" charset=\"utf-8\"><\/script><\/p>\n<h3><strong>Z\u00e1v\u011bre\u010dn\u00e1 doporu\u010den\u00ed<\/strong><\/h3>\n<p>V\u00a0r\u00e1mci z\u00e1v\u011bre\u010dn\u00fdch doporu\u010den\u00ed pak vystoupil <strong>Zden\u011bk T\u016fma<\/strong> (KPMG) s\u00a0<strong>Ivanem Hod\u00e1\u010dem<\/strong> (Aspen Institute CE) a spole\u010dn\u011b zhodnotili v\u00fdstupy z\u00a0konference, v pr\u016fb\u011bhu n\u00ed\u017e nap\u0159\u00ed\u010d t\u00e9m\u011b\u0159 v\u0161emi panely\u00a0zazn\u00edvala t\u00e9mata exekuce, zastaralost vzd\u011bl\u00e1v\u00e1n\u00ed a zkostnat\u011blost st\u00e1tn\u00ed spr\u00e1vy jako nejv\u011bt\u0161\u00ed probl\u00e9my rozvoje \u010cesk\u00e9 republiky. Tak\u00e9 zve\u0159ejnili v\u00fdsledky ankety, v n\u00ed\u017e \u00fa\u010dastn\u00edci konference hlasovali o tom, jak\u00e9 kroky by m\u011bly b\u00fdt do budoucna podniknuty nejd\u0159\u00edve. Jako nejd\u016fle\u017eit\u011bj\u0161\u00ed bylo v\u00a0anket\u011b zvoleno zv\u00fd\u0161en\u00ed investic do vzd\u011bl\u00e1vac\u00edho syst\u00e9mu a srovn\u00e1n\u00ed plat\u016f u\u010ditel\u016f s platy jin\u00fdch V\u0160 absolvent\u016f.<\/p>\n<blockquote class=\"twitter-tweet\" data-width=\"500\" data-dnt=\"true\">\n<p lang=\"cs\" dir=\"ltr\">Investice do vzd\u011bl\u00e1vac\u00edho syst\u00e9mu a dlouhodob\u00e9 vize jako z\u00e1sadn\u00ed faktory pozitivn\u00ed budoucnosti. Z\u00e1v\u011bre\u010dn\u00e1 doporu\u010den\u00ed <a href=\"https:\/\/twitter.com\/hashtag\/AspenAnnual?src=hash&amp;ref_src=twsrc%5Etfw\" rel=\"noopener\">#AspenAnnual<\/a> shrnuj\u00ed <a href=\"https:\/\/twitter.com\/IvanHodac?ref_src=twsrc%5Etfw\" rel=\"noopener\">@IvanHodac<\/a> a <a href=\"https:\/\/twitter.com\/zdetuma?ref_src=twsrc%5Etfw\" rel=\"noopener\">@zdetuma<\/a>. <a href=\"https:\/\/t.co\/dSnNHDfNeg\">pic.twitter.com\/dSnNHDfNeg<\/a><\/p>\n<p>&mdash; Aspen Institute CE (@AspenInstCE) <a href=\"https:\/\/twitter.com\/AspenInstCE\/status\/1065635635971665922?ref_src=twsrc%5Etfw\" rel=\"noopener\">November 22, 2018<\/a><\/p><\/blockquote>\n<p><script async src=\"https:\/\/platform.twitter.com\/widgets.js\" charset=\"utf-8\"><\/script><\/p>\n<h3><strong>Slavnostn\u00ed ve\u010de\u0159e<\/strong><\/h3>\n<p>Na \u00fapln\u00fd z\u00e1v\u011br<strong>\u00a0<\/strong>se konala gala ve\u010de\u0159e ve Veletr\u017en\u00edm pal\u00e1ci.\u00a0P\u0159i t\u00e9to slavnostn\u00ed p\u0159\u00edle\u017eitosti<strong>\u00a0<\/strong><strong>Ivan Hod\u00e1\u010d<\/strong>\u00a0(Aspen Institute CE) ozn\u00e1mil ud\u011blen\u00ed ceny\u00a0<strong>Aspen Prague Award 2018 <\/strong>sen\u00e1torovi\u00a0<strong>Johnu Sidney McCainovi III.<\/strong> in memoriam za jeho porozum\u011bn\u00ed a podporu demokratick\u00e9mu sm\u011b\u0159ov\u00e1n\u00ed\u00a0n\u00e1rod\u016f st\u0159edn\u00ed a v\u00fdchodn\u00ed Evropy, a<span lang=\"cs\">\u00a0za p\u0159isp\u011bn\u00ed k pos\u00edlen\u00ed postaven\u00ed tohoto regionu ve sv\u011bt\u011b po p\u00e1du \u017eelezn\u00e9 opony. K ud\u011blen\u00ed ceny se ve sv\u00e9m video-pozdravu vyj\u00e1d\u0159ila\u00a0<strong>Cindy McCain<\/strong>. Hlavn\u00edm hostem ve\u010dera\u00a0byl\u00a0<strong>Timothy Snyder,\u00a0<\/strong>profesor historie na Yaleov\u011b univerzit\u011b (Richard C. Levin), Institut humanitn\u00edch v\u011bd ve V\u00eddni s\u00a0projevem &#8222;<em>St\u0159edn\u00ed Evropa: Pam\u011b\u0165 nebo historie<\/em>?&#8220;.<\/span><\/p>\n<p><a class=\"btn view-secondary-text\" href=\"https:\/\/youtu.be\/mnO7lRoGwZU\" target=\"_blank\" rel=\"noopener noreferrer\">Video &#8211; slavnostn\u00ed ve\u010de\u0159e<\/a><\/p>\n<blockquote class=\"twitter-tweet\" data-width=\"500\" data-dnt=\"true\">\n<p lang=\"en\" dir=\"ltr\">What an inspirational evening with <a href=\"https:\/\/twitter.com\/TimothyDSnyder?ref_src=twsrc%5Etfw\" rel=\"noopener\">@TimothyDSnyder<\/a> and <a href=\"https:\/\/twitter.com\/DanPorterfield?ref_src=twsrc%5Etfw\" rel=\"noopener\">@DanPorterfield<\/a> as guest speakers at annual conference of <a href=\"https:\/\/twitter.com\/AspenInstCE?ref_src=twsrc%5Etfw\" rel=\"noopener\">@AspenInstCE<\/a>. We at ABB \ud83c\udde8\ud83c\uddff are proud to support the Aspen Institute in the CEE region. <a href=\"https:\/\/t.co\/VXWx9cOBti\">pic.twitter.com\/VXWx9cOBti<\/a><\/p>\n<p>&mdash; Tanja Vainio (@VainioTanja) <a href=\"https:\/\/twitter.com\/VainioTanja\/status\/1065728905892499457?ref_src=twsrc%5Etfw\" rel=\"noopener\">November 22, 2018<\/a><\/p><\/blockquote>\n<p><script async src=\"https:\/\/platform.twitter.com\/widgets.js\" charset=\"utf-8\"><\/script><\/p>\n<p>Za fotografie z konference d\u011bkujeme <strong>Ond\u0159eji Besper\u00e1tovi<\/strong> a za fotografie z Gala ve\u010de\u0159e <a href=\"https:\/\/www.facebook.com\/tomasprinc.photo\/\" target=\"_blank\" rel=\"noopener noreferrer\"><strong>Tom\u00e1\u0161i Princovi<\/strong><\/a>.<\/p>\n","protected":false},"excerpt":{"rendered":"<p>V\u00fdro\u010dn\u00ed konference Aspen Institute CE 2018 v Pra\u017esk\u00e9 k\u0159i\u017eovatce. V\u0161em \u00fa\u010dastn\u00edk\u016fm d\u011bkujeme!<\/p>\n","protected":false},"featured_media":12251,"template":"","meta":{"_acf_changed":false},"news-tag":[],"class_list":["post-28683","news-article","type-news-article","status-publish","has-post-thumbnail","hentry"],"acf":[],"_links":{"self":[{"href":"https:\/\/www.aspeninstitutece.org\/cs\/wp-json\/wp\/v2\/news-article\/28683","targetHints":{"allow":["GET"]}}],"collection":[{"href":"https:\/\/www.aspeninstitutece.org\/cs\/wp-json\/wp\/v2\/news-article"}],"about":[{"href":"https:\/\/www.aspeninstitutece.org\/cs\/wp-json\/wp\/v2\/types\/news-article"}],"wp:featuredmedia":[{"embeddable":true,"href":"https:\/\/www.aspeninstitutece.org\/cs\/wp-json\/wp\/v2\/media\/12251"}],"wp:attachment":[{"href":"https:\/\/www.aspeninstitutece.org\/cs\/wp-json\/wp\/v2\/media?parent=28683"}],"wp:term":[{"taxonomy":"news-tag","embeddable":true,"href":"https:\/\/www.aspeninstitutece.org\/cs\/wp-json\/wp\/v2\/news-tag?post=28683"}],"curies":[{"name":"wp","href":"https:\/\/api.w.org\/{rel}","templated":true}]}}