{"id":28698,"date":"2020-04-24T00:00:00","date_gmt":"2020-04-23T22:00:00","guid":{"rendered":"https:\/\/aspeninstitutece.softmedia.cz\/news-article\/bet-on-solidarity-and-reinvention-of-small-and-medium-businesses-alumni-online-network-meeting\/"},"modified":"2020-04-24T00:00:00","modified_gmt":"2020-04-23T22:00:00","slug":"bet-on-solidarity-and-reinvention-of-small-and-medium-businesses-alumni-online-network-meeting","status":"publish","type":"news-article","link":"https:\/\/www.aspeninstitutece.org\/cs\/news-article\/bet-on-solidarity-and-reinvention-of-small-and-medium-businesses-alumni-online-network-meeting\/","title":{"rendered":"Bet on Solidarity and Reinvention of Small and Medium Businesses: Alumni Online Network Meeting"},"content":{"rendered":"<p><strong><span lang=\"EN-US\">On 22 April 2020<\/span><\/strong><span lang=\"EN-US\">, we organized another<span class=\"apple-converted-space\">\u00a0<\/span><strong>Alumni<\/strong>\u00a0<strong>Online Network Meeting<\/strong>\u00a0to reconnect with the Aspen Central Europe community, learn about\u00a0the initiatives and experience across the network, inspire and support each other. This time, we looked at initiatives focusing on the topic of<span class=\"apple-converted-space\">\u00a0<\/span><strong>Small and Medium Businesses<\/strong><span class=\"apple-converted-space\">\u00a0<\/span>with a special focus on<span class=\"apple-converted-space\">\u00a0<\/span><strong>Solidarity and Reinvention of Strategies<\/strong><span class=\"apple-converted-space\">\u00a0<\/span>arising as a response to the current situation. We discussed\u00a0several examples of how online campaigns can support small brands and businesses, how technology and apps are changing the way we shop, and highlighted\u00a0the positive examples of helpful activities. <\/span><\/p>\n<p><span lang=\"EN-US\">The kick-off remarks were made by\u00a0<\/span><a href=\"https:\/\/www.aspeninstitutece.org\/people-profile\/olga-bures-vrbikova\/\"><span class=\"InternetLink\"><b><span lang=\"EN-US\">Olga Bure\u0161 Vrb\u00edkov\u00e1<\/span><\/b><\/span><\/a><span lang=\"EN-US\">\u00a0who initiated\u00a0a campaign<span class=\"apple-converted-space\">\u00a0<\/span><\/span><a href=\"https:\/\/malynakupvelkapomoc.cz\/\" rel=\"noopener\"><span class=\"InternetLink\"><span lang=\"EN-US\">#malynakupvelkapomoc \/ #shopsmallhelpbig<\/span><\/span><\/a><span class=\"apple-converted-space\"><span lang=\"EN-US\">\u00a0<\/span><\/span><span lang=\"EN-US\">supporting small brands in the current uneasy situation, which aims, among other things, to teach people about alternatives to shopping.\u00a0A great number of brands and shops are involved in the campaign, which is truly making a difference in their income and survival.<\/span><\/p>\n<p><span lang=\"EN-US\">The next speaker was\u00a0<\/span><a href=\"https:\/\/www.pavlinaspeaks.com\/\" rel=\"noopener\"><span class=\"InternetLink\"><b><span lang=\"EN-US\">Pavl\u00edna Lou\u017eensk\u00e1<\/span><\/b><\/span><\/a><span class=\"apple-converted-space\"><span lang=\"EN-US\">\u00a0<\/span><\/span><span lang=\"EN-US\">who talked about the new app<span class=\"apple-converted-space\">\u00a0<\/span><\/span><a href=\"https:\/\/www.callto.shop\/\" rel=\"noopener\"><span class=\"InternetLink\"><span lang=\"EN-US\">Call to shop<\/span><\/span><\/a><span lang=\"EN-US\">\u00a0which reacted to shop owners missing human contact with their customers. In the times of the pandemic,\u00a0shop owners can talk to and help their customers \u00a0with selecting the right items and purchasing through video-calls.\u00a0Pavl\u00edna is also active in the community of over 21k people<span class=\"apple-converted-space\">\u00a0<\/span><\/span><a href=\"https:\/\/holkyzmarketingu.cz\/\" rel=\"noopener\"><span class=\"InternetLink\"><span lang=\"EN-US\">#holkyzmarketingu<\/span><\/span><\/a><span lang=\"EN-US\">, which she founded. They are helping those who lost jobs in the current crisis and matching them through algorithms with vacant positions, being successful in matching these companies with applicants.\u00a0<\/span><\/p>\n<p><span lang=\"EN-US\">The last kick-off speaker was\u00a0<\/span><a href=\"https:\/\/www.aspeninstitutece.org\/people-profile\/sara-boutall\/\"><span class=\"InternetLink\"><b><span lang=\"EN-US\">Sara Boutall<\/span><\/b><\/span><\/a><span lang=\"EN-US\">,<span class=\"apple-converted-space\">\u00a0<\/span>who introduced her new project which she joined alongside another AYLP alumnus<\/span><a href=\"https:\/\/www.aspeninstitutece.org\/people-profile\/patrik-juranek\/\"><span class=\"apple-converted-space\"><span lang=\"EN-US\">\u00a0<\/span><\/span><span class=\"InternetLink\"><span lang=\"EN-US\">Patrik Jur\u00e1nek<\/span><\/span><\/a><span lang=\"EN-US\">,<\/span><a href=\"https:\/\/www.startupdisrupt.com\/\" rel=\"noopener\"><span class=\"apple-converted-space\"><span lang=\"EN-US\">\u00a0<\/span><\/span><span class=\"InternetLink\"><span lang=\"EN-US\">Startup Disrupt<\/span><\/span><\/a><span lang=\"EN-US\">, which is centralizing and bringing together all the start-up initiatives in the Czech Republic.\u00a0Her second project is<span class=\"apple-converted-space\">\u00a0<\/span><\/span><a href=\"https:\/\/www.facebook.com\/spojilosecesko\/?__tn__=%2Cd%2CP-R&amp;eid=ARBi689ftoWUHGzbTfWHNMYpHWeXAO0vLa2kKE4vOYkJ7V3KerGhdjEqmEmsb2BRRh5RP5DyzCtgdP2B\" rel=\"noopener\"><span class=\"InternetLink\"><span lang=\"EN-US\">Spojilo se \u010cesko<\/span><\/span><\/a><span lang=\"EN-US\">\u00a0(cooperating together with AYLP alumni<span class=\"apple-converted-space\">\u00a0<\/span><\/span><a href=\"https:\/\/www.aspeninstitutece.org\/people-profile\/josef-muller\/\"><span class=\"InternetLink\"><span lang=\"EN-US\">Josef M\u00fcller<\/span><\/span><\/a><span class=\"apple-converted-space\"><span lang=\"EN-US\">\u00a0<\/span><\/span><span lang=\"EN-US\">and<span class=\"apple-converted-space\">\u00a0<\/span><\/span><a href=\"https:\/\/www.aspeninstitutece.org\/people-profile\/valery-senichev\/\"><span class=\"InternetLink\"><span lang=\"EN-US\">Valery Senichev<\/span><\/span><\/a><span lang=\"EN-US\">) in which they aim to collect all the stories of the success and failures of the pandemic efforts.<\/span><\/p>\n<p><span lang=\"EN-US\">In the\u00a0following debate, we discussed the situation in Poland with\u00a0<\/span><a href=\"https:\/\/www.aspeninstitutece.org\/people-profile\/alessandro-tofani\/\"><span class=\"InternetLink\"><b><span lang=\"EN-US\">Alessandro Tofani<\/span><\/b><\/span><\/a><strong><span lang=\"EN-US\">,<\/span><\/strong><span class=\"apple-converted-space\"><span lang=\"EN-US\">\u00a0<\/span><\/span><span lang=\"EN-US\">curator and board member of Polish Global Shapers Warsaw Hub working on the development of the local community. The participants also\u00a0emphasized the importance of our mental health and taking care of ourselves, misinformation and also the lack of information\u00a0and translations for international\u00a0communities.<\/span><\/p>\n","protected":false},"excerpt":{"rendered":"<p>Another Alumni Online Network Meeting to reconnect with the Aspen community looking at initiatives and experience across the network with focus on the topic of Small and Medium Businesses.<\/p>\n","protected":false},"featured_media":18591,"template":"","meta":{"_acf_changed":false},"news-tag":[575],"class_list":["post-28698","news-article","type-news-article","status-publish","has-post-thumbnail","hentry","news-tag-alumni-network-cz"],"acf":[],"_links":{"self":[{"href":"https:\/\/www.aspeninstitutece.org\/cs\/wp-json\/wp\/v2\/news-article\/28698","targetHints":{"allow":["GET"]}}],"collection":[{"href":"https:\/\/www.aspeninstitutece.org\/cs\/wp-json\/wp\/v2\/news-article"}],"about":[{"href":"https:\/\/www.aspeninstitutece.org\/cs\/wp-json\/wp\/v2\/types\/news-article"}],"wp:featuredmedia":[{"embeddable":true,"href":"https:\/\/www.aspeninstitutece.org\/cs\/wp-json\/wp\/v2\/media\/18591"}],"wp:attachment":[{"href":"https:\/\/www.aspeninstitutece.org\/cs\/wp-json\/wp\/v2\/media?parent=28698"}],"wp:term":[{"taxonomy":"news-tag","embeddable":true,"href":"https:\/\/www.aspeninstitutece.org\/cs\/wp-json\/wp\/v2\/news-tag?post=28698"}],"curies":[{"name":"wp","href":"https:\/\/api.w.org\/{rel}","templated":true}]}}