{"id":28785,"date":"2016-10-04T00:00:00","date_gmt":"2016-10-03T22:00:00","guid":{"rendered":"https:\/\/aspeninstitutece.softmedia.cz\/news-article\/libraries-in-digital-age-aspen-review-cafe\/"},"modified":"2016-10-04T00:00:00","modified_gmt":"2016-10-03T22:00:00","slug":"libraries-in-digital-age-aspen-review-cafe","status":"publish","type":"news-article","link":"https:\/\/www.aspeninstitutece.org\/cs\/news-article\/libraries-in-digital-age-aspen-review-cafe\/","title":{"rendered":"Libraries in Digital Age | Aspen Review Caf\u00e9"},"content":{"rendered":"<p>What challenges do libraries face in the digital age? What is their role in the 21st century? Are people still interested in borrowing and reading books?<\/p>\n<p>Come and discuss these and many other issues with experts at another debate within the <strong>Aspen Review Caf\u00e9<\/strong> series.<\/p>\n<p>WHEN: October 4, 2016, 6pm &#8211; 8pm<br \/>\nWHERE: The Municipal Library of Prague (Mari\u00e1nsk\u00e9 n\u00e1m\u011bst\u00ed 1\/98, Praha 1, <a href=\"https:\/\/www.google.cz\/maps\/place\/Mari%C3%A1nsk%C3%A9+n%C3%A1m.+98%2F1,+110+00+Praha+1-Star%C3%A9+M%C4%9Bsto\/@50.0873865,14.4151992,17z\/data=!3m1!4b1!4m5!3m4!1s0x470b94e8b8139d85:0x7015acc22f8212f2!8m2!3d50.0873831!4d14.4173879\" target=\"_blank\" rel=\"noopener\">map<\/a>)<\/p>\n<p>The following guests will share their views:<\/p>\n<ul>\n<li><strong>Andrew Lass<\/strong>, Professor of Anthropology, Mount Holyoke College; initiator of the\u00a0CASLIN (the Union Catalogue of the Czech Republic) project<\/li>\n<li><strong>Tom\u00e1\u0161 \u0158eh\u00e1k<\/strong>, Director, Municipal Library of Prague<\/li>\n<li><strong>Olga \u0160kochov\u00e1<\/strong>, expert in urban development<\/li>\n<\/ul>\n<p>The debate will be chaired by journaist\u00a0<strong>Silvia Lauder\u00a0<\/strong>from the Respekt magazine.<\/p>\n<p>The event is organized in cooperation with the <strong>Municipal Library of Prague<\/strong> and media partnership with <strong>Lidov\u00e9 noviny, \u010cesk\u00fd rozhlas Plus, Ikaros <\/strong>and\u00a0<strong>\u010cten\u00e1\u0159<\/strong>.<\/p>\n<p>The discussion will be held in <strong>Czech<\/strong>.<\/p>\n<p>Share our <a href=\"https:\/\/www.facebook.com\/events\/1075813625838192\" rel=\"noopener\">Facebook event<\/a>!<\/p>\n<p>&nbsp;<\/p>\n<p><img decoding=\"async\" style=\"width: 452px; height: 639px;\" src=\"https:\/\/www.aspeninstitutece.org\/wp-content\/uploads\/aspen-media\/images_upload\/images\/TK_digitalni_knihovny.jpg\" alt=\"\" \/><\/p>\n","protected":false},"excerpt":{"rendered":"<p>Come and discuss with us the role of libraries in the 21st century!<\/p>\n","protected":false},"featured_media":15132,"template":"","meta":{"_acf_changed":false},"news-tag":[580],"class_list":["post-28785","news-article","type-news-article","status-publish","has-post-thumbnail","hentry","news-tag-aspen-review-cafe-cz"],"acf":[],"_links":{"self":[{"href":"https:\/\/www.aspeninstitutece.org\/cs\/wp-json\/wp\/v2\/news-article\/28785","targetHints":{"allow":["GET"]}}],"collection":[{"href":"https:\/\/www.aspeninstitutece.org\/cs\/wp-json\/wp\/v2\/news-article"}],"about":[{"href":"https:\/\/www.aspeninstitutece.org\/cs\/wp-json\/wp\/v2\/types\/news-article"}],"wp:featuredmedia":[{"embeddable":true,"href":"https:\/\/www.aspeninstitutece.org\/cs\/wp-json\/wp\/v2\/media\/15132"}],"wp:attachment":[{"href":"https:\/\/www.aspeninstitutece.org\/cs\/wp-json\/wp\/v2\/media?parent=28785"}],"wp:term":[{"taxonomy":"news-tag","embeddable":true,"href":"https:\/\/www.aspeninstitutece.org\/cs\/wp-json\/wp\/v2\/news-tag?post=28785"}],"curies":[{"name":"wp","href":"https:\/\/api.w.org\/{rel}","templated":true}]}}