{"id":28786,"date":"2021-03-25T00:00:00","date_gmt":"2021-03-24T23:00:00","guid":{"rendered":"https:\/\/aspeninstitutece.softmedia.cz\/news-article\/moonshot-by-aspen-ce-budoucnost-vzdelavani\/"},"modified":"2021-03-25T00:00:00","modified_gmt":"2021-03-24T23:00:00","slug":"moonshot-by-aspen-ce-budoucnost-vzdelavani","status":"publish","type":"news-article","link":"https:\/\/www.aspeninstitutece.org\/cs\/news-article\/moonshot-by-aspen-ce-budoucnost-vzdelavani\/","title":{"rendered":"Moonshot by Aspen CE &#8211; Budoucnost vzd\u011bl\u00e1v\u00e1n\u00ed"},"content":{"rendered":"<p><strong>DOM\u00c1C\u00cdMU \u0160KOLSTV\u00cd UJ\u00cd\u017dD\u00cd VLAK, ZDALEKA NEJEN KV\u016eLI COVID-19<\/strong><\/p>\n<p><strong>Praha, 24. b\u0159ezna 2021 \u2013 \u010cesk\u00e1 republika se neobejde bez zkvalitn\u011bn\u00ed vzd\u011bl\u00e1vac\u00edho syst\u00e9mu, kter\u00fd zemi zaru\u010d\u00ed lep\u0161\u00ed zn\u00e1mky, ne\u017e m\u00e1 nyn\u00ed, kdy se z\u00a0n\u011bkdej\u0161\u00edho premianta st\u00e1v\u00e1 sp\u00ed\u0161e probl\u00e9mov\u00fdm \u017e\u00e1kem. Pandemie covid-19 sou\u010dasn\u00e9 pot\u00ed\u017ee jen umocnila a uk\u00e1zala nutnost rychl\u00e9 transformace zamrzl\u00e9ho dom\u00e1c\u00edho \u0161kolstv\u00ed. Shodli se na tom p\u0159edn\u00ed experti na virtu\u00e1ln\u00ed interaktivn\u00ed konferenci MOONSHOT BY ASPEN CE, kterou uspo\u0159\u00e1dal Aspen Institute CE ve spolupr\u00e1ci s\u00a0Yemim A.D. a t\u00fdmem Moonshot.<\/strong><\/p>\n<p>Kr\u00e1tk\u00fd sest\u0159ih kl\u00ed\u010dov\u00fdch my\u0161lenek <\/p>\n<p><iframe loading=\"lazy\" title=\"Moonshot by Aspen CE - Budoucnost vzd\u011bl\u00e1v\u00e1n\u00ed (kr\u00e1tk\u00fd sest\u0159ih)\" width=\"500\" height=\"281\" src=\"https:\/\/www.youtube.com\/embed\/k-j4zPwboXc?feature=oembed\" frameborder=\"0\" allow=\"accelerometer; autoplay; clipboard-write; encrypted-media; gyroscope; picture-in-picture; web-share\" referrerpolicy=\"strict-origin-when-cross-origin\" allowfullscreen><\/iframe><\/p>\n<p>C\u00edlem konference je spojit l\u00eddry nap\u0159\u00ed\u010d obory a m\u00edsto nekone\u010dn\u00fdch debat nab\u00eddnout konkr\u00e9tn\u00ed \u0159e\u0161en\u00ed a p\u0159\u00edklady dobr\u00e9 praxe v\u00a0oblasti vzd\u011bl\u00e1v\u00e1n\u00ed. Jedn\u00edm z\u00a0nich je pedagogick\u00fd leadership, zam\u011b\u0159en\u00fd na \u0159editele \u0161kol. \u010cas, kter\u00fd by m\u011bli v\u011bnovat zkvalitn\u011bn\u00ed v\u00fduky, nyn\u00ed promrhaj\u00ed nadm\u011brnou administrativn\u00ed z\u00e1t\u011b\u017e\u00ed \u010di slo\u017eitou komunikac\u00ed se z\u0159izovatelem \u0161kol a st\u00e1tem. To je podle expert\u016f nutn\u00e9 co nejrychleji zm\u011bnit.\u00a0<em>\u201eP\u0159esta\u0148me se biflovat, nau\u010dme se kritick\u00e9mu my\u0161len\u00ed. Zm\u011b\u0148me, jak u n\u00e1s u\u010d\u00edme,\u201c<\/em>\u00a0prav\u00ed se v\u00a0pr\u016fvodn\u00edm spotu konference.<\/p>\n<p>Nezbytn\u00fdm \u0159e\u0161en\u00edm je tak\u00e9 upskilling, tedy celo\u017eivotn\u00ed vzd\u011bl\u00e1v\u00e1n\u00ed s c\u00edlem udr\u017eet a vytv\u00e1\u0159et zam\u011bstnanost ve\u00a0st\u00e1le hekti\u010dt\u011bj\u0161\u00ed dob\u011b robotizace. I star\u0161\u00ed u\u010ditel\u00e9 a jejich \u017e\u00e1ci mus\u00ed disponovat technologick\u00fdmi, digit\u00e1ln\u00edmi znalostmi a m\u011bkk\u00fdmi dovednostmi, kter\u00e9 umo\u017en\u00ed d\u016fle\u017eitou podporu talent\u016f a zvy\u0161ov\u00e1n\u00ed kvalifikace na budouc\u00edm trhu pr\u00e1ce.<\/p>\n<p>Tyto nov\u00e9 trendy by podle ministra \u0161kolstv\u00ed, ml\u00e1de\u017ee a t\u011blov\u00fdchovy\u00a0<strong>Roberta Plagy<\/strong>\u00a0m\u011bla sledovat ji\u017e vl\u00e1dou schv\u00e1len\u00e1 Strategie 2030+.\u00a0<em>\u201eMus\u00edme udr\u017eet t\u00e9ma modern\u00edho vzd\u011bl\u00e1v\u00e1n\u00ed v\u00a0medi\u00e1ln\u00edm prostoru jako kl\u00ed\u010dov\u00e9. Ka\u017ed\u00fd v\u00a0tomto syst\u00e9mu m\u00e1me svoji roli. U\u010ditele, \u017e\u00e1ky i rodi\u010de bychom m\u011bli motivovat. P\u0159esv\u011bd\u010dit je, \u017ee dobr\u00e9 vzd\u011bl\u00e1n\u00ed se vyplat\u00ed,\u201c<\/em>\u00a0uvedl Robert Plaga.<\/p>\n<p>https:\/\/twitter.com\/AspenInstCE\/status\/1374351890398449670<\/p>\n<p><strong>Jan \u0160vejnar<\/strong>, spoluzakladatel a p\u0159edseda \u0159\u00edd\u00edc\u00edho a dozor\u010d\u00edho v\u00fdboru CERGE-EI, je p\u0159esv\u011bd\u010den, \u017ee integrovan\u00fd p\u0159\u00edstup a osobn\u00ed zodpov\u011bdnost jsou velice d\u016fle\u017eit\u00e9, ale nen\u00ed t\u0159eba vym\u00fd\u0161let ji\u017e vymy\u0161len\u00e9. \u201e<em>Sta\u010d\u00ed se pod\u00edvat, jak to funguje ve vysp\u011bl\u00e9m sv\u011bt\u011b,\u201c<\/em>\u00a0\u0159ekl Jan \u0160vejnar. Z\u00e1rove\u0148 upozornil, \u017ee rozpo\u010dty \u0161pi\u010dkov\u00fdch v\u011bdeck\u00fdch pracovi\u0161\u0165 vysok\u00fdch \u0161kol a akademie v\u011bd jsou siln\u011b poddimenzov\u00e1ny a zapojen\u00ed st\u00e1tu by m\u011blo b\u00fdt v\u00fdznamn\u011bj\u0161\u00ed.<\/p>\n<p>Pro \u0159editele Sm\u00edchovsk\u00e9 st\u0159edn\u00ed pr\u016fmyslov\u00e9 \u0161koly\u00a0<strong>Radko S\u00e1bl\u00edka<\/strong>\u00a0je nejv\u011bt\u0161\u00ed v\u00fdzvou vyu\u017e\u00edt rozvoj informa\u010dn\u00edch technologi\u00ed.\u00a0<em>\u201eAby vzd\u011bl\u00e1v\u00e1n\u00ed dob\u0159e fungovalo, mus\u00ed k tomu b\u00fdt vnit\u0159n\u00ed motivace u\u010ditel\u016f i d\u011bt\u00ed. Jestli chceme \u017e\u00e1ky a studenty motivovat, mus\u00edme jim dop\u0159\u00e1t za\u017e\u00edt \u00fasp\u011bch, ne je sv\u00fdm p\u016fsoben\u00edm v\u00e9st k pasivit\u011b a umrtvovat je,\u201c<\/em>\u00a0sd\u011blil Radko S\u00e1bl\u00edk.<\/p>\n<p>Youtuber<strong>\u00a0Karel Kovy Kov\u00e1\u0159\u00a0<\/strong>podotkl, \u017ee ka\u017ed\u00fd den sly\u0161\u00ed hlasy student\u016f, je\u017e jsou velmi konstruktivn\u00ed a maj\u00ed dobr\u00e9 n\u00e1pady.\u00a0<em>\u201eAle u\u017e je neprob\u00edraj\u00ed s\u00a0u\u010diteli. Probl\u00e9my um\u00edme pojmenovat, ale nechceme p\u0159ijmout osobn\u00ed zodpov\u011bdnost a p\u0159\u00edmo se zapojit do jejich \u0159e\u0161en\u00ed,\u201c<\/em>\u00a0domn\u00edv\u00e1 se Karel Kovy Kov\u00e1\u0159.<\/p>\n<p>https:\/\/twitter.com\/AspenInstCE\/status\/1374355767705354243<\/p>\n<p>Sp\u00edk\u0159i maj\u00ed jasno v\u00a0tom, \u017ee dnes u\u017e nelze studenty vychov\u00e1vat a u\u010dit pro jednu pracovn\u00ed pozici jako v\u00a0minulosti. Lid\u00e9 se budou muset \u0161kolit na profese, kter\u00e9 dnes t\u0159eba ani nezn\u00e1me. \u201c<em>Ka\u017ed\u00fd \u010dlov\u011bk, jen\u017e opou\u0161t\u00ed \u0161kolu, si \u0159ekne to sv\u00e9 uf, u\u017e to m\u00e1m za sebou. Jen\u017ee ka\u017ed\u00fd nov\u00fd absolvent si to bude muset \u0159\u00edct je\u0161t\u011b p\u011btkr\u00e1t nebo desetkr\u00e1t, ne\u017e p\u016fjde do d\u016fchodu. A \u0161koly maj\u00ed po\u010d\u00edtat s t\u00edm, \u017ee tu druhou, p\u00e1tou nebo des\u00e1tou kvalifikaci by m\u011bly odpoledne um\u011bt nab\u00eddnout v\u0161em z\u00e1jemc\u016fm, stejn\u011b jako dopoledne nab\u00edzej\u00ed sv\u00fdm \u017e\u00e1k\u016fm tu kvalifikaci prvn\u00ed,\u201c<\/em>\u00a0m\u00edn\u00ed\u00a0<strong>Ivo Jupa<\/strong>, \u0159editel N\u00e1rodn\u00edho pedagogick\u00e9ho institutu \u010cesk\u00e9 republiky.<\/p>\n<p>Probl\u00e9m dal\u0161\u00edho vzd\u011bl\u00e1v\u00e1n\u00ed je ten, \u017ee neexistuje ucelen\u00fd syst\u00e9m, lid\u00e9 nemaj\u00ed kam j\u00edt, nen\u00ed jim co nab\u00eddnout. N\u011bkte\u0159\u00ed lid\u00e9 se ani d\u00e1le vzd\u011bl\u00e1vat necht\u011bj\u00ed, maj\u00ed negativn\u00ed zku\u0161enost ze \u0161koly.\u00a0<em>\u201eJe to v\u00fdzva k\u00a0nastaven\u00ed modern\u00edho upskillingu. T\u00edm by mohl b\u00fdt troj\u00faheln\u00edk \u0161kola \u2013 firma \u2013 \u00fa\u0159ad pr\u00e1ce. Proto\u017ee b\u00fdt aktivn\u00ed po cel\u00fd produktivn\u00ed \u017eivot a neust\u00e1le se vzd\u011bl\u00e1vat se snad v dohledn\u00e9 budoucnosti stane norm\u00e1lem,\u201c dod\u00e1v\u00e1\u00a0<strong>Kate\u0159ina \u0160t\u011bp\u00e1nkov\u00e1<\/strong>, n\u00e1m\u011bstkyn\u011b MPSV pro \u0159\u00edzen\u00ed sekce zam\u011bstnanosti.<\/em><\/p>\n<p>https:\/\/twitter.com\/AspenInstCE\/status\/1374367122554380289<\/p>\n<p>Jako jeden z\u00a0p\u0159\u00edklad\u016f dobr\u00e9 praxe v\u00a0oblasti vzd\u011bl\u00e1v\u00e1n\u00ed dosp\u011bl\u00fdch se na konferenci p\u0159edstavil p\u0159\u00edb\u011bh organizace pro v\u00fduku digit\u00e1ln\u00edch dovednost\u00ed \u017een\u00a0<strong>Czechitas<\/strong>, kterou v\u00a0roce 2014 zalo\u017eila Dita P\u0159ikrylov\u00e1 a je\u017e od t\u00e9 doby pro\u0161kolila v\u00edce ne\u017e\u00a018 000<strong>\u00a0<\/strong>\u00fa\u010dastn\u00edk\u016f bez ohledu na v\u011bk, p\u0159edchoz\u00ed vzd\u011bl\u00e1n\u00ed nebo pracovn\u00ed zku\u0161enost. S p\u0159ekvapen\u00edm pak dorazil Petr \u0160m\u00edd, kter\u00fd za Grow with Google p\u0159isl\u00edbil skrze Czechitas rozdat 2 000 rekvalifika\u010dn\u00edch kurz\u016f pro \u017eeny a d\u00edvky zdarma. Dal\u0161\u00edm pozitivn\u00edm p\u0159\u00edkladem ze sv\u011bta byznysu je \u010cesk\u00e9 spo\u0159itelna, kter\u00e1 prost\u0159ednictv\u00edm sv\u00e9 nadace podporuje projekty, jako jsou Eduin, Eduzm\u011bna \u010di U\u010ditel na\u017eivo, a sna\u017e\u00ed se t\u00edm p\u0159isp\u00edvat ke sni\u017eov\u00e1n\u00ed nerovnost\u00ed. V\u0161echny tyto projekty se z\u00e1rove\u0148 staly sou\u010d\u00e1st\u00ed\u00a0<a href=\"https:\/\/moonshotplatform.live\/moonshot-impact-gallery\" rel=\"noopener\"><strong>Moonshot Impact Gallery<\/strong><\/a>, mezin\u00e1rodn\u00ed digit\u00e1ln\u00ed galerie p\u0159edn\u00edch inovac\u00ed a inspirativn\u00edch projekt\u016f, kter\u00e1 je sou\u010d\u00e1st\u00ed Moonshot Platform a do n\u00ed\u017e \u0159e\u010dn\u00edci b\u011bhem konference doporu\u010dili dal\u0161\u00ed projekty, mezi nimi\u017e nechyb\u011bly iniciativy jako Institut ekonomick\u00e9ho vzd\u011bl\u00e1v\u00e1n\u00ed, Otev\u0159eno, Dobronauti nebo Next Zone.<\/p>\n<p>Do diskuse se zapojila z druh\u00e9 virtu\u00e1ln\u00ed m\u00edstnosti livestreamu i\u00a0<strong>Essential 100<\/strong>, interdisciplin\u00e1rn\u00ed\u00a0skupina l\u00eddr\u016f a\u00a0profesion\u00e1l\u016f \u010cesk\u00e9 republiky, kte\u0159\u00ed se aktivn\u011b\u00a0\u00fa\u010dastnili\u00a0debaty interaktivn\u00edmi ot\u00e1zkami, hlasov\u00e1n\u00edm a chatem. Mezi nimi tentokr\u00e1t zasedli takov\u00e9 osobnosti jako Zbyn\u011bk Frol\u00edk, zakladatel a CEO Linet Holding, Zuzana \u0158ezn\u00ed\u010dkov\u00e1, p\u0159edsedkyn\u011b p\u0159edstavenstva medi\u00e1ln\u00edho domu Economia, Zden\u011bk T\u016fma, p\u0159edseda dozor\u010d\u00ed rady \u010cSOB\u00a0\u010di Monika Vondr\u00e1kov\u00e1, spoluzakladatelka a p\u0159edsedkyn\u011b spr\u00e1vn\u00ed rady Nada\u010dn\u00edho fondu Neuron.<\/p>\n<p><em>\u201eZa m\u011b se to nejd\u016fle\u017eit\u011bj\u0161\u00ed nestalo na pomysln\u00e9m konferen\u010dn\u00edm jevi\u0161ti, ale za n\u00edm. B\u011bhem livestreamu jsme poprv\u00e9 vyzvali div\u00e1ky, aby se zapojili do \u0159e\u0161en\u00ed probl\u00e9m\u016f, o kter\u00fdch se st\u00e1le jen mluv\u00ed, a podpo\u0159ili inova\u010dn\u00ed projekty v Moonshot Impact Gallery. A\u0165 u\u017e se rozhodnou v\u011bnovat 1 hodinu \u010dasu m\u011bs\u00ed\u010dn\u011b a svou expert\u00edzu, poslat finan\u010dn\u00ed p\u0159\u00edsp\u011bvek n\u011bkter\u00e9 z organizac\u00ed, nebo investovat do firmy, kter\u00e1 zved\u00e1 kvalitu vzd\u011bl\u00e1v\u00e1n\u00ed, mohou to d\u00edky na\u0161\u00ed platform\u011b ud\u011blat snadno a na jednom m\u00edst\u011b. B\u011bhem konference se p\u0159ihl\u00e1silo prvn\u00edch 69 Moonshotter\u016f, tedy lid\u00ed, kte\u0159\u00ed se cht\u011bj\u00ed st\u00e1t sou\u010d\u00e1st\u00ed \u0159e\u0161en\u00ed a podpo\u0159it jeden z v\u00edce ne\u017e 40 tuzemsk\u00fdch inova\u010dn\u00edch projekt\u016f, kter\u00e9 v impact galerii ji\u017e dnes jsou. To pova\u017euji za d\u016fle\u017eit\u00fd zlom a p\u0159emost\u011bn\u00ed mezi slovy a \u010diny,\u201c<\/em>\u00a0\u0159ekl\u00a0<strong>Yemi<\/strong>, kter\u00fd stoj\u00ed za konceptem platformy.<\/p>\n<p>Moonshot by Aspen CE navazuje na \u00fasp\u011b\u0161nou s\u00e9rii konferenc\u00ed\u00a0<a href=\"https:\/\/antipanic.live\/\" rel=\"noopener\">Anti-Panic<\/a>, kter\u00e1 nab\u00eddla kreativn\u00ed \u0159e\u0161en\u00ed dopad\u016f pandemie a z\u00edskala i n\u011bkolik mezin\u00e1rodn\u00edch ocen\u011bn\u00ed. Pilotn\u00ed projekt Moonshot Platform vznikl v\u00a0z\u00e1\u0159\u00ed 2020 ve Washingtonu ve spolupr\u00e1ci s\u00a0Aspen Global Leadership Network a Yemi A.D.\u00a0<em>\u201eJe to prostor pro t\u00e9mata, kter\u00e1 h\u00fdbaj\u00ed spole\u010dnost\u00ed. A vzd\u011bl\u00e1v\u00e1n\u00ed je z\u00e1kladn\u00edm kamenem ka\u017ed\u00e9 sebev\u011bdom\u00e9 modern\u00ed spole\u010dnosti,\u201c<\/em>\u00a0p\u0159ipom\u00edn\u00e1 \u0161\u00e9f Aspen Institute CE\u00a0<strong>Milan Va\u0161ina. \u201e<\/strong><em>V n\u00e1sleduj\u00edc\u00edch 2 konferenc\u00edch, kter\u00e9 v r\u00e1mci s\u00e9rie Moonshot by Aspen CE letos chyst\u00e1me, se zam\u011b\u0159\u00edme na kvalitu vl\u00e1dnut\u00ed a digitalizaci, kolem nich\u017e chceme takt\u00e9\u017e rozpoutat vlnu z\u00e1jmu, je\u017e strhne ve\u0159ejnost k zapojen\u00ed se do \u0159e\u0161en\u00ed. Proto\u017ee ka\u017ed\u00fd z n\u00e1s m\u016f\u017ee p\u0159isp\u011bt<\/em>,\u201c dodal Milan Va\u0161ina.<\/p>\n<p><span style=\"font-size: 18px;\"><a href=\"https:\/\/readymag.com\/u2384043734\/2687572\/\" rel=\"noopener\"><strong><span style=\"color: #ffffff;\"><span style=\"line-height: 38px; background: #002776; float: left; padding-right: 19px; padding-left: 19px; border-radius: 24px; text-transform: uppercase;\">moonshot magaz\u00edn<\/span><\/span><\/strong><\/a><\/span><\/p>\n<p>&nbsp;<\/p>\n<p>Partne\u0159i, kte\u0159\u00ed umo\u017enili realizaci tohoto programu, jsou T-Mobile Czech Republic, \u010cesk\u00e1 spo\u0159itelna, Direct poji\u0161\u0165ovna, Grow with Google a VIGO Foundation. Expertn\u00edmi partnery jsou N\u00e1rodn\u00ed pedagogick\u00fd institut a Asociace spole\u010densk\u00e9 odpov\u011bdnosti. Hlavn\u00edm medi\u00e1ln\u00edm partnerem je CzechCrunch. Produkci zajistil t\u00fdm www.JADPRO.live.<\/p>\n<p>Z\u00e1znam cel\u00e9 konference <\/p>\n<p><iframe loading=\"lazy\" title=\"Budoucnost vzd\u011bl\u00e1v\u00e1n\u00ed | Moonshot by Aspen CE\" width=\"500\" height=\"281\" src=\"https:\/\/www.youtube.com\/embed\/j1Z8nNhXgH8?feature=oembed\" frameborder=\"0\" allow=\"accelerometer; autoplay; clipboard-write; encrypted-media; gyroscope; picture-in-picture; web-share\" referrerpolicy=\"strict-origin-when-cross-origin\" allowfullscreen><\/iframe><\/p>\n","protected":false},"excerpt":{"rendered":"<p>Prvn\u00ed ze t\u0159\u00ed interaktivn\u00edch online konferenc\u00ed Moonshot by Aspen CE, tentokr\u00e1t na t\u00e9ma Budoucnost vzd\u011bl\u00e1v\u00e1n\u00ed.<\/p>\n","protected":false},"featured_media":20463,"template":"","meta":{"_acf_changed":false},"news-tag":[578],"class_list":["post-28786","news-article","type-news-article","status-publish","has-post-thumbnail","hentry","news-tag-platforma-antipanic"],"acf":[],"_links":{"self":[{"href":"https:\/\/www.aspeninstitutece.org\/cs\/wp-json\/wp\/v2\/news-article\/28786","targetHints":{"allow":["GET"]}}],"collection":[{"href":"https:\/\/www.aspeninstitutece.org\/cs\/wp-json\/wp\/v2\/news-article"}],"about":[{"href":"https:\/\/www.aspeninstitutece.org\/cs\/wp-json\/wp\/v2\/types\/news-article"}],"wp:featuredmedia":[{"embeddable":true,"href":"https:\/\/www.aspeninstitutece.org\/cs\/wp-json\/wp\/v2\/media\/20463"}],"wp:attachment":[{"href":"https:\/\/www.aspeninstitutece.org\/cs\/wp-json\/wp\/v2\/media?parent=28786"}],"wp:term":[{"taxonomy":"news-tag","embeddable":true,"href":"https:\/\/www.aspeninstitutece.org\/cs\/wp-json\/wp\/v2\/news-tag?post=28786"}],"curies":[{"name":"wp","href":"https:\/\/api.w.org\/{rel}","templated":true}]}}