{"id":28815,"date":"2013-06-20T00:00:00","date_gmt":"2013-06-19T22:00:00","guid":{"rendered":"https:\/\/aspeninstitutece.softmedia.cz\/news-article\/euro-the-past-and-the-future\/"},"modified":"2013-06-20T00:00:00","modified_gmt":"2013-06-19T22:00:00","slug":"euro-the-past-and-the-future","status":"publish","type":"news-article","link":"https:\/\/www.aspeninstitutece.org\/cs\/news-article\/euro-the-past-and-the-future\/","title":{"rendered":"Euro \u2013 the Past and the Future"},"content":{"rendered":"<p>Aspen Institute Prague and\u00a0<a href=\"http:\/\/www.praguetwenty.com\/cz\/\" target=\"_blank\" rel=\"noopener\">Prague Twenty<\/a>\u00a0\u00a0organized the open public lecture\u00a0<strong>&#8222;Euro \u2013 the Past and the Future&#8220;\u00a0<\/strong>with the following prominent speakers:<\/p>\n<p><strong>Jean-Claude TRICHET,\u00a0<\/strong>Chairman of the board of Bruegel,<br \/>\nPresident of the European Central Bank, 2003-2011<\/p>\n<p><strong>Marek BELKA,\u00a0<\/strong>President of the National Bank of Poland<\/p>\n<p><strong>Zden\u011bk T\u016eMA<\/strong>,\u00a0KPMG Czech Republic,<br \/>\nGovernor of the Czech National Bank, 2000-2010<\/p>\n<p>Foreword by <strong>Radek \u0160pica<\/strong>r, Executive Director, Aspen Institute Prague.<br \/>\nModeration by <strong>Vladim\u00edr DLOUH\u00dd<\/strong>, Chairman of the board of Prague Twenty and\u00a0Member of the Board of Directors of Aspen Institute Prague.<\/p>\n<p><strong>Friday, June 21st, 2013 at 10:00 a.m.<\/strong><br \/>\nKaiser\u0161tejnsk\u00fd pal\u00e1c, Malostransk\u00e9 n\u00e1m\u011bst\u00ed 23, Praha 1<\/p>\n<p>&nbsp;<\/p>\n","protected":false},"excerpt":{"rendered":"<p>Aspen Institute Prague and Prague Twenty  organized the open public lecture &#8222;Euro \u2013 the Past and the Future&#8220;.<\/p>\n","protected":false},"featured_media":14158,"template":"","meta":{"_acf_changed":false},"news-tag":[582],"class_list":["post-28815","news-article","type-news-article","status-publish","has-post-thumbnail","hentry","news-tag-ekonomicke-debaty"],"acf":[],"_links":{"self":[{"href":"https:\/\/www.aspeninstitutece.org\/cs\/wp-json\/wp\/v2\/news-article\/28815","targetHints":{"allow":["GET"]}}],"collection":[{"href":"https:\/\/www.aspeninstitutece.org\/cs\/wp-json\/wp\/v2\/news-article"}],"about":[{"href":"https:\/\/www.aspeninstitutece.org\/cs\/wp-json\/wp\/v2\/types\/news-article"}],"wp:featuredmedia":[{"embeddable":true,"href":"https:\/\/www.aspeninstitutece.org\/cs\/wp-json\/wp\/v2\/media\/14158"}],"wp:attachment":[{"href":"https:\/\/www.aspeninstitutece.org\/cs\/wp-json\/wp\/v2\/media?parent=28815"}],"wp:term":[{"taxonomy":"news-tag","embeddable":true,"href":"https:\/\/www.aspeninstitutece.org\/cs\/wp-json\/wp\/v2\/news-tag?post=28815"}],"curies":[{"name":"wp","href":"https:\/\/api.w.org\/{rel}","templated":true}]}}