{"id":28833,"date":"2023-02-27T00:00:00","date_gmt":"2023-02-26T23:00:00","guid":{"rendered":"https:\/\/aspeninstitutece.softmedia.cz\/news-article\/nominujte-osobnosti-na-cenu-aspen-ce-madeleine-k-albright-leadership-award\/"},"modified":"2023-02-27T00:00:00","modified_gmt":"2023-02-26T23:00:00","slug":"nominujte-osobnosti-na-cenu-aspen-ce-madeleine-k-albright-leadership-award","status":"publish","type":"news-article","link":"https:\/\/www.aspeninstitutece.org\/cs\/news-article\/nominujte-osobnosti-na-cenu-aspen-ce-madeleine-k-albright-leadership-award\/","title":{"rendered":"Nominujte osobnosti na cenu Aspen CE Madeleine K. Albright Leadership Award"},"content":{"rendered":"<blockquote><p><strong>P\u0159ihlaste inspirativn\u00edho l\u00eddra na cenu: 2023 Aspen CE Madeleine K. Albright Leadership Award<\/strong><\/p><\/blockquote>\n<p><span style=\"font-size: 18px;\"><strong><a href=\"https:\/\/www.aspeninstitutece.org\/aspen-central-europe-leadership-award-nomination-2023\/\"><span style=\"color: #ffffff;\"><span style=\"line-height: 32px; background: #002776; float: left; padding-right: 17px; padding-left: 17px; border-radius: 22px; text-transform: uppercase;\">Nominujte kandid\u00e1ta\/ku pr\u00e1v\u011b te\u010f!<\/span><\/span><\/a><\/strong><\/span><\/p>\n<p>&nbsp;<\/p>\n<p>&nbsp;<\/p>\n<p><strong>Hled\u00e1me m\u00e9n\u011b zn\u00e1m\u00e9 p\u0159\u00edb\u011bhy, kter\u00e9 si v\u0161ak zaslou\u017e\u00ed povzbuzen\u00ed a uzn\u00e1n\u00ed za sv\u016fj p\u0159\u00ednos spole\u010dnosti.<\/strong><\/p>\n<p><span style=\"font-weight: 400;\">Z\u00e1m\u011brem ceny je <strong>vyj\u00e1d\u0159it uzn\u00e1n\u00ed mlad\u00fdm l\u00eddr\u016fm<\/strong>, kte\u0159\u00ed si zaslou\u017e\u00ed ocen\u011bn\u00ed za sv\u00e9 \u00fasp\u011bchy, a podpo\u0159it ty, kte\u0159\u00ed se s <\/span><b>nad\u0161en\u00edm zasazuj\u00ed o zlep\u0161en\u00ed spole\u010dnosti<\/b><span style=\"font-weight: 400;\">. V\u00edce informac\u00ed o ocen\u011bn\u00ed a podm\u00ednk\u00e1ch naleznete <\/span><strong><a href=\"https:\/\/www.aspeninstitutece.org\/cs\/program\/aspen-central-europe-leadership-award\/\">zde<\/a><\/strong><span style=\"font-weight: 400;\">.<\/span><\/p>\n<p><b>Nominace<\/b><span style=\"font-weight: 400;\"> je mo\u017en\u00e9 pod\u00e1vat<\/span><b> do 30. \u010dervna 2023<\/b><span style=\"font-weight: 400;\">\u00a0a laure\u00e1t(ka) bude vyhl\u00e1\u0161en(a) na konci roku 2023.<\/span><\/p>\n<p><strong>Cenu Aspen CE Madeleine K. Albright\u00a0Leadership Award\u00a0<\/strong>ud\u011bluje Aspen Institute CE ka\u017edoro\u010dn\u011b\u00a0<strong>mlad\u00fdm za\u010d\u00ednaj\u00edc\u00edm<\/strong>\u00a0profesion\u00e1l\u016fm, kte\u0159\u00ed dos\u00e1hli\u00a0<strong>vynikaj\u00edc\u00edch v\u00fdsledk\u016f<\/strong>\u00a0v jedn\u00e9 z n\u00e1sleduj\u00edc\u00edch oblast\u00ed:<\/p>\n<ul>\n<li>aktivn\u00ed prosazov\u00e1n\u00ed odpov\u011bdn\u00e9ho ob\u010dansk\u00e9ho p\u0159\u00edstupu,<\/li>\n<li>leadership zalo\u017eeny\u0301 na hodnot\u00e1ch a principech,<\/li>\n<li>inovativn\u00ed politika s pozitivn\u00edm soci\u00e1ln\u00edm dopadem ve st\u0159edn\u00ed Evrop\u011b.<\/li>\n<\/ul>\n<p><span style=\"font-weight: 400;\">Zn\u00e1te-li vhodn\u00e9ho kandid\u00e1ta\/ku, kter\u00fd\/\u00e1 spl\u0148uje jednu nebo v\u00edce z t\u011bchto t\u0159\u00ed kategori\u00ed, nev\u00e1hejte ho\/ji<\/span><b>\u00a0<\/b><strong>nominovat<\/strong> a <strong>sd\u00edlejte<\/strong>\u00a0tuto v\u00fdzvu, abyste n\u00e1m pomohli zv\u00fd\u0161it pov\u011bdom\u00ed o <strong>mlad\u00fdch za\u010d\u00ednaj\u00edc\u00edch l\u00eddrech ze st\u0159edn\u00ed Evropy<\/strong>, kte\u0159\u00ed si zaslou\u017e\u00ed uzn\u00e1n\u00ed a povzbuzen\u00ed.<\/p>\n<p><span style=\"font-weight: 400;\">Dal\u0161\u00ed podrobnosti o ocen\u011bn\u00ed Aspen Central Europe Leadership Award naleznete na na\u0161ich <a href=\"https:\/\/www.aspeninstitutece.org\/cs\/program\/aspen-central-europe-leadership-award\/\"><strong>webov\u00fdch str\u00e1nk\u00e1ch<\/strong><\/a>.<\/span><\/p>\n","protected":false},"excerpt":{"rendered":"<p>V\u00fdzva pro pod\u00e1n\u00ed p\u0159ihl\u00e1\u0161ek je otev\u0159en\u00e1 a my se t\u011b\u0161\u00edme na va\u0161e nominace do 30. \u010dervna 2023.<\/p>\n","protected":false},"featured_media":12590,"template":"","meta":{"_acf_changed":false},"news-tag":[],"class_list":["post-28833","news-article","type-news-article","status-publish","has-post-thumbnail","hentry"],"acf":[],"_links":{"self":[{"href":"https:\/\/www.aspeninstitutece.org\/cs\/wp-json\/wp\/v2\/news-article\/28833","targetHints":{"allow":["GET"]}}],"collection":[{"href":"https:\/\/www.aspeninstitutece.org\/cs\/wp-json\/wp\/v2\/news-article"}],"about":[{"href":"https:\/\/www.aspeninstitutece.org\/cs\/wp-json\/wp\/v2\/types\/news-article"}],"wp:featuredmedia":[{"embeddable":true,"href":"https:\/\/www.aspeninstitutece.org\/cs\/wp-json\/wp\/v2\/media\/12590"}],"wp:attachment":[{"href":"https:\/\/www.aspeninstitutece.org\/cs\/wp-json\/wp\/v2\/media?parent=28833"}],"wp:term":[{"taxonomy":"news-tag","embeddable":true,"href":"https:\/\/www.aspeninstitutece.org\/cs\/wp-json\/wp\/v2\/news-tag?post=28833"}],"curies":[{"name":"wp","href":"https:\/\/api.w.org\/{rel}","templated":true}]}}