{"id":28834,"date":"2023-03-09T00:00:00","date_gmt":"2023-03-08T23:00:00","guid":{"rendered":"https:\/\/aspeninstitutece.softmedia.cz\/news-article\/prihlaste-se-na-rocni-projekt-dezinformace-a-role-influenceru-content-creators-v-dobe-konfliktu\/"},"modified":"2023-03-09T00:00:00","modified_gmt":"2023-03-08T23:00:00","slug":"prihlaste-se-na-rocni-projekt-dezinformace-a-role-influenceru-content-creators-v-dobe-konfliktu","status":"publish","type":"news-article","link":"https:\/\/www.aspeninstitutece.org\/cs\/news-article\/prihlaste-se-na-rocni-projekt-dezinformace-a-role-influenceru-content-creators-v-dobe-konfliktu\/","title":{"rendered":"P\u0159ihlaste se na ro\u010dn\u00ed projekt: Dezinformace a role influencer\u016f\/content creators v dob\u011b konfliktu"},"content":{"rendered":"<p><a href=\"https:\/\/www.aspeninstitute.de\/\" rel=\"noopener\">The Aspen Institute Germany<\/a>\u00a0ve spolupr\u00e1ci s\u00a0<a href=\"https:\/\/www.aspeninstitutece.org\/\">Aspen Institute Central Europe<\/a>, <a href=\"https:\/\/aspeninstitute.ro\/\" rel=\"noopener\">Aspen Institute Romania<\/a> and <a href=\"https:\/\/aspeninstitutekyiv.org\/en\/\" rel=\"noopener\">Aspen Institute Kyiv<\/a>\u00a0zve influencery a content creators, aby se p\u0159ihl\u00e1sili do nov\u00e9ho projektu, jeho\u017e c\u00edlem je podn\u00edtit nadn\u00e1rodn\u00ed konverzaci o tom, jak pracovat s dezinformacemi dob\u011b konfliktu.<\/p>\n<p>V r\u00e1mci ro\u010dn\u00edho programu a b\u011bhem dvou cest do Berl\u00edna a Prahy nebo prost\u0159ednictv\u00edm online workshop\u016f, budou m\u00edt \u00fa\u010dastn\u00edci p\u0159\u00edle\u017eitost zamyslet se nad sv\u00fdmi aktivitami, u\u010dit se jeden od druh\u00e9ho a diskutovat o tom, jak pracovat a zach\u00e1zet s dezinformacemi, v\u010detn\u011b nen\u00e1vistn\u00fdch projev\u016f na internetu. \u00da\u010dastn\u00edci budou spole\u010dn\u011b pracovat na konkr\u00e9tn\u00edch doporu\u010den\u00edch, kter\u00e1 budou p\u0159edlo\u017eena nejen z\u00e1stupc\u016fm politiky, ale tak\u00e9 jednotliv\u00fdm soci\u00e1ln\u00edm m\u00e9di\u00edm a organizac\u00edm ob\u010dansk\u00e9 spole\u010dnosti.<\/p>\n<blockquote><p><a href=\"https:\/\/www.aspeninstitute.de\/digital-program\/digitalization-and-democracy\/disinformation-and-the-role-of-influencers-in-times-of-conflict\/call-for-participant-influencers\/\" rel=\"noopener\">P\u0159ihlaste se do 15. b\u0159ezna 2023!<\/a><\/p><\/blockquote>\n<p><strong>Pro\u010d se z\u00fa\u010dastnit tohoto projektu?\u00a0<\/strong><\/p>\n<p>Influence\u0159i a content creators hraj\u00ed v dne\u0161n\u00edm\u00a0online prost\u0159ed\u00ed v\u00fdznamnou roli. Vytv\u00e1\u0159ej\u00ed n\u00e1zory a jejich komunita jim zcela d\u016fv\u011b\u0159uje. Nepravdiv\u00e9 nebo z\u00e1m\u011brn\u011b zav\u00e1d\u011bj\u00edc\u00ed informace se p\u0159itom snadno bez v\u011bt\u0161\u00ed regulace \u0161\u00ed\u0159\u00ed prost\u0159ednictv\u00edm platforem soci\u00e1ln\u00edch m\u00e9di\u00ed, co\u017e ohro\u017euje demokracii.<\/p>\n<p>Rusk\u00e1 v\u00e1lka na Ukrajin\u011b je p\u0159\u00edkladem informa\u010dn\u00ed v\u00e1lky, kter\u00e1 se odehr\u00e1v\u00e1 na soci\u00e1ln\u00edch s\u00edt\u00edch.<\/p>\n<p>Influence\u0159i mohou z\u00e1sadn\u00edm zp\u016fsobem p\u0159isp\u011bt k rozvoji d\u016fv\u011bryhodn\u00e9ho informa\u010dn\u00edho prost\u0159ed\u00ed na soci\u00e1ln\u00edch s\u00edt\u00edch. Sv\u00fdm dosahem a pov\u011bst\u00ed nesou mimo\u0159\u00e1dnou odpov\u011bdnost, zejm\u00e9na p\u0159i komunikaci o spole\u010densk\u00fdch a politick\u00fdch t\u00e9matech.<\/p>\n<p>Projekt si klade za c\u00edl holistick\u00fd p\u0159\u00edstup, kter\u00fd do konverzace vt\u00e1hne jednotliv\u00e9 \u00fa\u010dastn\u00edky: nejen samotn\u00e9 influencery, ale tak\u00e9 platformy, na kter\u00fdch jsou influence\u0159i aktivn\u00ed, i politick\u00e9 \u010dinitele, kte\u0159\u00ed utv\u00e1\u0159ej\u00ed digit\u00e1ln\u00ed politiku.<\/p>\n<p><strong>Kdo se m\u016f\u017ee p\u0159ihl\u00e1sit?<\/strong><\/p>\n<p> \u00a0Jste aktivn\u00ed influence\u0159i\/content creators s alespo\u0148 15 000 sleduj\u00edc\u00edmi na soci\u00e1ln\u00edch\u00a0 s\u00edt\u00edch?<br \/>\n \u00a0M\u00e1te sleduj\u00edc\u00ed ze st\u0159edn\u00ed a v\u00fdchodn\u00ed Evropy, N\u011bmecka nebo pobaltsk\u00fdch st\u00e1t\u016f?<br \/>\n \u00a0Zaj\u00edmaj\u00ed v\u00e1s t\u00e9mata tohoto projektu?<br \/>\n \u00a0M\u016f\u017eete se aktivn\u011b z\u00fa\u010dastnit v\u0161ech \u010dty\u0159 setk\u00e1n\u00ed?<br \/>\n \u00a0Jste ochotni p\u0159isp\u011bt k rozvoji doporu\u010den\u00ed, kter\u00e1 budou p\u0159edlo\u017eena\u00a0z\u00e1stupc\u016fm politiky, soci\u00e1ln\u00edm m\u00e9di\u00edm i organizac\u00edm ob\u010dansk\u00e9 spole\u010dnosti?<\/p>\n<p><strong>Co projekt nab\u00edz\u00ed?<\/strong><\/p>\n<p>V pr\u016fb\u011bhu roku 2023 budou \u00fa\u010dastn\u00edci sou\u010d\u00e1st\u00ed mezin\u00e1rodn\u00ed skupiny 15 \u00fa\u010dastn\u00edk\u016f ze st\u0159edn\u00ed a v\u00fdchodn\u00ed Evropy, N\u011bmecka a pobaltsk\u00fdch st\u00e1t\u016f.<\/p>\n<p>Z\u00fa\u010dastn\u00edte se dvou studijn\u00edch cest a dvou online workshop\u016f. Na studijn\u00ed cesty do Berl\u00edna a do Prahy pojedou \u00fa\u010dastn\u00edci spole\u010dn\u011b se z\u00e1stupci Aspen Institut\u016f. B\u011bhem celoro\u010dn\u00edho programu se \u00fa\u010dastn\u00edci setkaj\u00ed s v\u00fdznamn\u00fdmi \u0159e\u010dn\u00edky z akademick\u00e9 a ekonomick\u00e9 oblasti, politick\u00fdmi p\u0159edstaviteli a spole\u010dn\u011b nasd\u00edl\u00ed vlastn\u00ed zku\u0161enosti s dal\u0161\u00edmi influencery, s nimi\u017e tak\u00e9 prodiskutuj\u00ed mechanismy \u0161\u00ed\u0159en\u00ed dezinformac\u00ed na soci\u00e1ln\u00edch s\u00edt\u00edch a jak jim \u010delit.<\/p>\n","protected":false},"excerpt":{"rendered":"<p>Zveme influencery a content creatives, aby se p\u0159ihl\u00e1sili do unik\u00e1tn\u00edho mezin\u00e1rodn\u00edho projektu<\/p>\n","protected":false},"featured_media":12782,"template":"","meta":{"_acf_changed":false},"news-tag":[],"class_list":["post-28834","news-article","type-news-article","status-publish","has-post-thumbnail","hentry"],"acf":[],"_links":{"self":[{"href":"https:\/\/www.aspeninstitutece.org\/cs\/wp-json\/wp\/v2\/news-article\/28834","targetHints":{"allow":["GET"]}}],"collection":[{"href":"https:\/\/www.aspeninstitutece.org\/cs\/wp-json\/wp\/v2\/news-article"}],"about":[{"href":"https:\/\/www.aspeninstitutece.org\/cs\/wp-json\/wp\/v2\/types\/news-article"}],"wp:featuredmedia":[{"embeddable":true,"href":"https:\/\/www.aspeninstitutece.org\/cs\/wp-json\/wp\/v2\/media\/12782"}],"wp:attachment":[{"href":"https:\/\/www.aspeninstitutece.org\/cs\/wp-json\/wp\/v2\/media?parent=28834"}],"wp:term":[{"taxonomy":"news-tag","embeddable":true,"href":"https:\/\/www.aspeninstitutece.org\/cs\/wp-json\/wp\/v2\/news-tag?post=28834"}],"curies":[{"name":"wp","href":"https:\/\/api.w.org\/{rel}","templated":true}]}}