{"id":28835,"date":"2023-03-14T00:00:00","date_gmt":"2023-03-13T23:00:00","guid":{"rendered":"https:\/\/aspeninstitutece.softmedia.cz\/news-article\/nabidka-staze-pr-social-media\/"},"modified":"2023-03-14T00:00:00","modified_gmt":"2023-03-13T23:00:00","slug":"nabidka-staze-pr-social-media","status":"publish","type":"news-article","link":"https:\/\/www.aspeninstitutece.org\/cs\/news-article\/nabidka-staze-pr-social-media\/","title":{"rendered":"Nab\u00eddka st\u00e1\u017ee: PR &#038; Social Media"},"content":{"rendered":"<p>Chcete uplatnit sv\u00e9 dovednosti se soci\u00e1ln\u00edmi m\u00e9dii v praxi, roz\u0161\u00ed\u0159it sv\u00e9 zku\u0161enosti, poznat zaj\u00edmav\u00e9 lidi a zapojit se do aktivit mezin\u00e1rodn\u011b uzn\u00e1van\u00e9 organizace?<\/p>\n<p><strong>Pokud Va\u0161e odpov\u011b\u010f zn\u00ed ano<\/strong> a spl\u0148ujete po\u017eadavky na pozici, nev\u00e1hejte n\u00e1m zaslat sv\u016fj \u017eivotopis!<\/p>\n<blockquote><p>Kl\u00ed\u010dov\u00e9 oblasti odpov\u011bdnosti:<\/p><\/blockquote>\n<p>\u2747\ufe0f Tvorba obsahu na na\u0161ich soci\u00e1ln\u00edch s\u00edt\u00edch (Facebook, LinkedIn, Twitter, Instagram a\u00a0p\u0159\u00edle\u017eitostn\u011b YouTube)<br \/>\n\u2747\ufe0f Komunikace kl\u00ed\u010dov\u00fdch event\u016f a aktivit na soci\u00e1ln\u00edch s\u00edt\u00edch (nap\u0159. v\u00fdro\u010dn\u00ed konference\u00a0Kam kr\u00e1\u010d\u00ed\u0161 \u010cesko\/Evropo)<br \/>\n\u2747\ufe0f \u00daprava webov\u00fdch str\u00e1nek (WordPress)<\/p>\n<blockquote><p>Kvalifikace a po\u017eadavky:<\/p><\/blockquote>\n<p>  Zodpov\u011bdnost, spolehlivost, \u010dasov\u00e1 flexibilita &amp; ochota nau\u010dit se nov\u00fdm dovednostem<br \/>\n  Zku\u0161enosti se soci\u00e1ln\u00edmi s\u00edt\u011bmi<br \/>\n  V\u00fdborn\u00e1 p\u00edsemn\u00e1 komunikace v \u010desk\u00e9m a anglick\u00e9m jazyce<br \/>\n  Ochota a mo\u017enost pracovat v rozsahu 15-20 hodin t\u00fddn\u011b<\/p>\n<blockquote><p>Co nab\u00edz\u00edme:<\/p><\/blockquote>\n<p>\u2705 Smysluplnou pr\u00e1ci v dynamick\u00e9m a inspirativn\u00edm prost\u0159ed\u00ed v srdci Prahy<br \/>\n\u2705 Mo\u017enost \u00fa\u010dastnit se v\u00fdznamn\u00fdch event\u016f<br \/>\n\u2705 Setk\u00e1v\u00e1n\u00ed se s inspirativn\u00edmi lidmi z r\u016fzn\u00fdch obor\u016f<br \/>\n\u2705 Pravideln\u00e1 pr\u00e1ce z kancel\u00e1\u0159e Aspen Institute CE, ale po p\u0159edchoz\u00ed domluv\u011b je mo\u017en\u00fd i home office<\/p>\n<p><strong>Jedn\u00e1 se o placenou st\u00e1\u017e s n\u00e1stupem mo\u017en\u00fdm ihned.<\/strong><\/p>\n<p>D\u00e9lka st\u00e1\u017ee: Hled\u00e1me n\u011bkoho, kdo s n\u00e1mi m\u016f\u017ee spolupracovat dlouhodob\u011b,\u00a0<strong>minim\u00e1ln\u011b 6 m\u011bs\u00edc\u016f<\/strong>.<\/p>\n<p>\u2712\ufe0f Pokud V\u00e1s tato nab\u00eddka zaujala, za\u0161lete n\u00e1m sv\u016fj \u017eivotopis a motiva\u010dn\u00ed dopis (nejl\u00e9pe v\u00a0angli\u010dtin\u011b, max. 1 strana A4) s p\u0159edm\u011btem \u201eST\u00c1\u017d\u201c p\u0159\u00edmo na email:\u00a0office@AspenInstituteCE.org do\u00a0<strong>15. b\u0159ezna 2023<\/strong>.<\/p>\n<p><img loading=\"lazy\" decoding=\"async\" class=\"wp-image-27378 aligncenter\" src=\"https:\/\/www.aspeninstitutece.org\/wp-content\/uploads\/aspen-media\/2023\/03\/are-you-ready-to-join-our-team-1.jpg\" alt=\"\" width=\"290\" height=\"410\" \/><\/p>\n","protected":false},"excerpt":{"rendered":"<p>Aspen Institute Central Europe hled\u00e1 aktivn\u00edho a motivovan\u00e9ho studenta vysok\u00e9 \u0161koly se z\u00e1jmem o st\u00e1\u017e.<\/p>\n","protected":false},"featured_media":12785,"template":"","meta":{"_acf_changed":false},"news-tag":[],"class_list":["post-28835","news-article","type-news-article","status-publish","has-post-thumbnail","hentry"],"acf":[],"_links":{"self":[{"href":"https:\/\/www.aspeninstitutece.org\/cs\/wp-json\/wp\/v2\/news-article\/28835","targetHints":{"allow":["GET"]}}],"collection":[{"href":"https:\/\/www.aspeninstitutece.org\/cs\/wp-json\/wp\/v2\/news-article"}],"about":[{"href":"https:\/\/www.aspeninstitutece.org\/cs\/wp-json\/wp\/v2\/types\/news-article"}],"wp:featuredmedia":[{"embeddable":true,"href":"https:\/\/www.aspeninstitutece.org\/cs\/wp-json\/wp\/v2\/media\/12785"}],"wp:attachment":[{"href":"https:\/\/www.aspeninstitutece.org\/cs\/wp-json\/wp\/v2\/media?parent=28835"}],"wp:term":[{"taxonomy":"news-tag","embeddable":true,"href":"https:\/\/www.aspeninstitutece.org\/cs\/wp-json\/wp\/v2\/news-tag?post=28835"}],"curies":[{"name":"wp","href":"https:\/\/api.w.org\/{rel}","templated":true}]}}