{"id":28836,"date":"2023-03-27T00:00:00","date_gmt":"2023-03-26T22:00:00","guid":{"rendered":"https:\/\/aspeninstitutece.softmedia.cz\/news-article\/hleda-se-programovy-a-manazer-ka\/"},"modified":"2023-03-27T00:00:00","modified_gmt":"2023-03-26T22:00:00","slug":"hleda-se-programovy-a-manazer-ka","status":"publish","type":"news-article","link":"https:\/\/www.aspeninstitutece.org\/cs\/news-article\/hleda-se-programovy-a-manazer-ka\/","title":{"rendered":"Hled\u00e1 se Programov\u00fd\/\u00e1 Mana\u017eer\/ka!"},"content":{"rendered":"<p>Do na\u0161eho t\u00fdmu hled\u00e1me nov\u00e9ho kolegu nebo kolegyni na pozici PROGRAMOV\u00dd\/\u00c1 MANA\u017dER\/KA! Nejste pr\u00e1v\u011b vy t\u00edm nejlep\u0161\u00edm kandid\u00e1tem?<\/p>\n<p><strong>Co V\u00e1s \u010dek\u00e1?\u00a0<\/strong><\/p>\n<p> \u00a0Budete m\u00edt na starosti sv\u011b\u0159en\u00e9 projekty od pl\u00e1nov\u00e1n\u00ed obsahu, p\u0159es jejich koordinaci,\u00a0realizaci a \u0159\u00edzen\u00ed. \u010cek\u00e1 v\u00e1s tedy jak kreativa ve vym\u00fd\u0161len\u00ed obsahu program\u016f, tak aktivn\u00ed participace v\u00a0eventov\u00e9m a logistick\u00e9m zaji\u0161t\u011bn\u00ed dan\u00e9ho projektu.<br \/>\n  Budete odpov\u00eddat za to, aby se projekty\u00a0v\u00a0r\u00e1mci programov\u00fdch priorit posouvaly d\u00e1l, a z\u00e1rove\u0148 se budete aktivn\u011b pod\u00edlet na pln\u011bn\u00ed c\u00edl\u016f i nastavov\u00e1n\u00ed dal\u0161\u00edch strategick\u00fdch krok\u016f dan\u00e9ho programu.<br \/>\n  Budete spolupracovat na propagaci sv\u011b\u0159en\u00fdch program\u016f s komunika\u010dn\u00edm t\u00fdmem.<br \/>\n  Angli\u010dtinu vyu\u017eijete na denn\u00ed b\u00e1zi, proto\u017ee jsme sou\u010d\u00e1st\u00ed\u00a0mezin\u00e1rodn\u00ed s\u00edt\u011b Aspen Institute a z\u00e1rove\u0148 za\u0161ti\u0165ujeme dal\u0161\u00ed zem\u011b ze st\u0159edn\u00ed Evropy (p\u0159edev\u0161\u00edm CZ, SK, PL, HU).<br \/>\n \u00a0Budete aktivn\u011b spolupracovat s cel\u00fdm t\u00fdmem na p\u0159\u00edprav\u011b hlavn\u00edch program\u016f a aktivit Institutu.<br \/>\n  Budete sou\u010d\u00e1st\u00ed podporuj\u00edc\u00edho a p\u0159\u00e1telsk\u00e9ho kolektivu, pro kter\u00fd je d\u016fle\u017eit\u00e1 t\u00fdmov\u00e1 spolupr\u00e1ce.<\/p>\n<p><strong>Jak\u00e9 znalosti a dovednosti byste m\u011bli m\u00edt?<\/strong><\/p>\n<p>  Minim\u00e1ln\u011b rok zku\u0161enost\u00ed z obdobn\u00e9 pracovn\u00ed pozice nebo s podobnou pracovn\u00ed\u00a0n\u00e1pln\u00ed.<br \/>\n  M\u011bl\/a byste um\u011bt sv\u00e9 \u00fakoly spr\u00e1vn\u011b prioritizovat, profesion\u00e1ln\u011b komunikovat s\u00a0extern\u00edmi partnery, dodavateli nebo dal\u0161\u00edmi organizacemi.<br \/>\n \u00a0M\u011bl\/a byste m\u00edt dobr\u00e9 organiza\u010dn\u00ed schopnosti, b\u00fdt zodpov\u011bdn\u00fd\/\u00e1, a schopn\u00fd\/\u00e1\u00a0samostatn\u011b \u0159e\u0161it ka\u017edodenn\u00ed v\u00fdzvy, b\u00fdt rozhodn\u00fd\/\u00e1 a rychle se u\u010dit nov\u00fdm v\u011bcem.<br \/>\n  Hled\u00e1me \u010dlov\u011bka, kter\u00fd preferuje pr\u00e1ci v\u00a0mal\u00e9m t\u00fdmu, tj. um\u00ed pracovat samostatn\u011b, ale bude ochoten p\u0159ilo\u017eit ruku k\u00a0d\u00edlu i u jin\u00fdch program\u016f.<br \/>\n  V\u00fdbornou znalost \u010desk\u00e9ho\/slovensk\u00e9ho i anglick\u00e9ho jazyka slovem i p\u00edsmem.<br \/>\n \u00a0Kv\u016fli ob\u010dasn\u00fdm ve\u010dern\u00edm i v\u00edkendov\u00fdm akc\u00edm hled\u00e1me n\u011bkoho, kdo bude p\u0159ipraven\u00fd fungovat flexibiln\u011b.<\/p>\n<p><strong>Co V\u00e1m m\u016f\u017eeme nab\u00eddnout?<\/strong><\/p>\n<p>\u2705 Mo\u017enost realizovat sv\u00e9 n\u00e1pady v programech neziskov\u00e9 organizace s mezin\u00e1rodn\u00ed p\u016fsobnost\u00ed.<br \/>\n\u2705 Smysluplnou pr\u00e1ci v dynamick\u00e9m a inspirativn\u00edm prost\u0159ed\u00ed.<br \/>\n\u2705 P\u0159\u00edle\u017eitost st\u00e1t se d\u016fle\u017eitou sou\u010d\u00e1st\u00ed skv\u011bl\u00e9ho t\u00fdmu, kter\u00fd je zvykl\u00fd si vz\u00e1jemn\u011b pom\u00e1hat.<br \/>\n\u2705 Zaj\u00edmav\u00fd interdisciplin\u00e1rn\u00ed a mezin\u00e1rodn\u00ed network.<br \/>\n\u2705 Pr\u00e1ci v na\u0161\u00ed sv\u011btl\u00e9 kancel\u00e1\u0159i s obrazy od sou\u010dasn\u00fdch \u010desk\u00fdch um\u011blc\u016f v centru Prahy, s mo\u017enost\u00ed ob\u010dasn\u00e9 pr\u00e1ce z Va\u0161\u00ed dom\u00e1c\u00ed pracovny, z p\u0159\u00edrody nebo z obl\u00edben\u00e9 kav\u00e1rny.<br \/>\n\u2705 Motivuj\u00edc\u00ed platov\u00e9 ohodnocen\u00ed odpov\u00eddaj\u00edc\u00ed Va\u0161im zku\u0161enostem a mo\u017enostem NNO.<br \/>\n\u2705 5 t\u00fddn\u016f dovolen\u00e9 ro\u010dn\u011b a p\u0159\u00edsp\u011bvek na stravov\u00e1n\u00ed.<\/p>\n<p> \u00a0V\u00a0tuto chv\u00edli se jedn\u00e1 o \u00favazek na dobu ur\u010ditou (1 rok) s\u00a0mo\u017enost\u00ed prodlou\u017een\u00ed.<\/p>\n<p>Pokud jste nab\u00eddku p\u0159e\u010detli a\u017e sem a jste p\u0159esv\u011bd\u010deni, \u017ee hled\u00e1me pr\u00e1v\u011b V\u00e1s, nev\u00e1hejte a\u00a0<strong>za\u0161lete n\u00e1m sv\u016fj \u017eivotopis v\u00a0\u010desk\u00e9m jazyce<\/strong>. P\u0159ipojte t\u00e9\u017e kr\u00e1tk\u00fd <strong>motiva\u010dn\u00ed dopis v angli\u010dtin\u011b<\/strong>, ze kter\u00e9ho bychom se r\u00e1di dozv\u011bd\u011bli zejm\u00e9na, <strong>pro\u010d chcete sv\u016fj \u010das a energii v\u011bnovat\u00a0<\/strong><strong>pr\u00e1v\u011b Aspen Institute Central Europe, kter\u00e1 z na\u0161ich aktivit V\u00e1s nejv\u00edce zaujala, a pro\u010d\u00a0<\/strong><strong>pr\u00e1v\u011b V\u00e1s si m\u00e1me vybrat za nov\u00e9ho \u010dlena t\u00fdmu<\/strong>.<\/p>\n<p>\u270d\ufe0f Zas\u00edlejte do <strong>10. dubna 2023 na office@AspenInstituteCE.org<\/strong>, vybran\u00e9 uchaze\u010de ale budeme zv\u00e1t na pohovory pr\u016fb\u011b\u017en\u011b. T\u011b\u0161\u00edme se na osobn\u00ed setk\u00e1n\u00ed!<\/p>\n<p><em>Odesl\u00e1n\u00edm v\u00fd\u0161e uveden\u00fdch materi\u00e1l\u016f souhlas\u00edte se zpracov\u00e1n\u00edm osobn\u00edch \u00fadaj\u016f pro \u00fa\u010dely\u00a0<\/em><em>tohoto v\u00fdb\u011brov\u00e9ho \u0159\u00edzen\u00ed. Po ukon\u010den\u00ed v\u00fdb\u011brov\u00e9ho \u0159\u00edzen\u00ed nebudou Va\u0161e osobn\u00ed \u00fadaje d\u00e1le\u00a0<\/em><em>uchov\u00e1v\u00e1ny.<\/em><\/p>\n<p><img loading=\"lazy\" decoding=\"async\" class=\"alignnone size-full wp-image-27501\" src=\"https:\/\/www.aspeninstitutece.org\/wp-content\/uploads\/aspen-media\/2023\/03\/aspen_we_are_hiring_1200x628px.png\" alt=\"\" width=\"1200\" height=\"628\" \/><\/p>\n<p>&nbsp;<\/p>\n","protected":false},"excerpt":{"rendered":"<p>Hled\u00e1me nov\u00e9ho kolegu nebo kolegyni do t\u00fdmu. Nejste pr\u00e1v\u011b vy t\u00edm nejlep\u0161\u00edm kandid\u00e1tem?<\/p>\n","protected":false},"featured_media":12788,"template":"","meta":{"_acf_changed":false},"news-tag":[],"class_list":["post-28836","news-article","type-news-article","status-publish","has-post-thumbnail","hentry"],"acf":[],"_links":{"self":[{"href":"https:\/\/www.aspeninstitutece.org\/cs\/wp-json\/wp\/v2\/news-article\/28836","targetHints":{"allow":["GET"]}}],"collection":[{"href":"https:\/\/www.aspeninstitutece.org\/cs\/wp-json\/wp\/v2\/news-article"}],"about":[{"href":"https:\/\/www.aspeninstitutece.org\/cs\/wp-json\/wp\/v2\/types\/news-article"}],"wp:featuredmedia":[{"embeddable":true,"href":"https:\/\/www.aspeninstitutece.org\/cs\/wp-json\/wp\/v2\/media\/12788"}],"wp:attachment":[{"href":"https:\/\/www.aspeninstitutece.org\/cs\/wp-json\/wp\/v2\/media?parent=28836"}],"wp:term":[{"taxonomy":"news-tag","embeddable":true,"href":"https:\/\/www.aspeninstitutece.org\/cs\/wp-json\/wp\/v2\/news-tag?post=28836"}],"curies":[{"name":"wp","href":"https:\/\/api.w.org\/{rel}","templated":true}]}}