{"id":28837,"date":"2023-04-12T00:00:00","date_gmt":"2023-04-11T22:00:00","guid":{"rendered":"https:\/\/aspeninstitutece.softmedia.cz\/news-article\/expertni-studie-topit-a-svitit-davno-nestaci\/"},"modified":"2023-04-12T00:00:00","modified_gmt":"2023-04-11T22:00:00","slug":"expertni-studie-topit-a-svitit-davno-nestaci","status":"publish","type":"news-article","link":"https:\/\/www.aspeninstitutece.org\/cs\/news-article\/expertni-studie-topit-a-svitit-davno-nestaci\/","title":{"rendered":"Expertn\u00ed studie: Topit a sv\u00edtit d\u00e1vno nesta\u010d\u00ed"},"content":{"rendered":"<p>R\u00e1di bychom se s v\u00e1mi pod\u011blili o nejnov\u011bj\u0161\u00ed\u00a0studii s\u00a0n\u00e1zvem <a href=\"https:\/\/www.aspeninstitutece.org\/wp-content\/uploads\/aspen-media\/2023\/03\/ASPEN-INSTITUTE-CE_Topit-a-sv%C3%ADtit-d%C3%A1vno-nesta%C4%8D%C3%AD_FINAL.pdf\"><strong><em>Topit a sv\u00edtit d\u00e1vno nesta\u010d\u00ed<\/em><\/strong><\/a>,\u00a0kter\u00e1 prezentuje\u00a0<strong>v\u00fdstupy z\u00a0mapov\u00e1n\u00ed inspirativn\u00ed praxe ve vztaz\u00edch obc\u00ed-z\u0159izovatel\u016f a\u00a0jejich z\u00e1kladn\u00edch \u0161kol<\/strong>.<\/p>\n<p>Auto\u0159i vyu\u017eili sv\u00e9 znalosti z\u00a0teorie a\u00a0praxe \u0159\u00edzen\u00ed m\u00edstn\u00edch vzd\u011bl\u00e1vac\u00edch syst\u00e9m\u016f a\u00a0doplnili je sondami do dal\u0161\u00edch \u0161esti m\u00edstn\u00edch syst\u00e9m\u016f, kter\u00e9 jsou ve vzd\u011bl\u00e1vac\u00ed komunit\u011b d\u00edky sv\u00fdm aspekt\u016fm \u010di v\u00fdvojov\u00e9 cest\u011b pova\u017eov\u00e1ny za inspirativn\u00ed. Shrnuli p\u0159enositeln\u00e1 doporu\u010den\u00ed do kompendia pro dal\u0161\u00ed z\u0159izovatele. Kompendium by m\u011blo b\u00fdt u\u017eite\u010dn\u00e9 jak z\u00e1stupc\u016fm z\u00a0\u0159ad v\u011bt\u0161\u00edch obc\u00ed (typicky obc\u00ed s\u00a0roz\u0161\u00ed\u0159enou p\u016fsobnost\u00ed), tak i\u00a0men\u0161\u00edm z\u0159izovatel\u016fm, u\u00a0nich\u017e ale v\u00a0p\u0159\u00edslu\u0161n\u00fdch m\u00edstech p\u0159izn\u00e1v\u00e1 obt\u00ed\u017en\u011bj\u0161\u00ed p\u0159enositelnost bez spolupr\u00e1ce s\u00a0dal\u0161\u00edmi z\u0159izovateli.<\/p>\n<p>M\u00edsta, kter\u00e1 jsou uvedena jako p\u0159\u00edklady inspirativn\u00ed praxe vyu\u017eit\u00e9 pro seps\u00e1n\u00ed t\u00e9to studie, nejsou zdaleka jedin\u00e1, kde lze na inspirativn\u00ed spolupr\u00e1ci z\u0159izovatel\u016f a\u00a0\u0161kol v\u00a0praxi narazit. Vybran\u00e1 \u0161estice m\u00edstn\u00edch vzd\u011bl\u00e1vac\u00edch syst\u00e9m\u016f byla zvolena tak, aby reprezentovala r\u016fzn\u00e9 typy z\u0159izovatel\u016f a\u00a0aby na relativn\u011b mal\u00e9m vzorku bylo mo\u017en\u00e9 pozorovat co nejv\u011bt\u0161\u00ed mno\u017estv\u00ed konkr\u00e9tn\u00edch p\u0159\u00edklad\u016f inspirativn\u00ed praxe. Proto jsou v\u00a0\u0161estici ve v\u011bt\u0161\u00ed m\u00ed\u0159e zastoupeny obce s\u00a0roz\u0161\u00ed\u0159enou p\u016fsobnost\u00ed, v\u00a0nich\u017e se fenom\u00e9ny, z\u00a0nich\u017e se lze inspirovat, p\u0159irozen\u011b kumuluj\u00ed.<\/p>\n<p>Prezentovanou inspirativn\u00ed praxi a\u00a0doporu\u010den\u00ed pro odpov\u011bdn\u00e9 z\u0159izovatele lze tak\u00e9 vyu\u017eit i\u00a0v\u016f\u010di mate\u0159sk\u00fdm \u0161kol\u00e1m, kter\u00e9 b\u00fdvaj\u00ed opom\u00edjen\u00e9 a\u00a0jim\u017e doporu\u010dujeme v\u011bnovat stejnou pozornost jako \u0161kol\u00e1m z\u00e1kladn\u00edm. Z\u00e1rove\u0148 je praxe vyu\u017eiteln\u00e1 i\u00a0ve vztahu mezi z\u0159izovateli st\u0159edn\u00edch \u0161kol (p\u0159edev\u0161\u00edm krajsk\u00fdmi samospr\u00e1vami) a\u00a0st\u0159edn\u00edmi \u0161kolami.<\/p>\n<blockquote><p><strong>Auto\u0159i: <\/strong><\/p><\/blockquote>\n<p><strong>Mgr. Jakub \u010cern\u00fd<\/strong>, (FSV UK)<br \/>\n<strong>Mgr. Magdalena Mouralov\u00e1<\/strong>, Ph.D. (FSV UK)<br \/>\n<strong>Mgr. Karel Gargul\u00e1k<\/strong>, (PAQ Research)<\/p>\n<p>&nbsp;<\/p>\n","protected":false},"excerpt":{"rendered":"<p>P\u0159e\u010dt\u011bte si nejnov\u011bj\u0161\u00ed v\u00fdstupy z mapov\u00e1n\u00ed inspirativn\u00ed praxe ve vztaz\u00edch obc\u00ed-z\u0159izovatel\u016f a jejich z\u00e1kladn\u00edch \u0161kol.<\/p>\n","protected":false},"featured_media":12793,"template":"","meta":{"_acf_changed":false},"news-tag":[],"class_list":["post-28837","news-article","type-news-article","status-publish","has-post-thumbnail","hentry"],"acf":[],"_links":{"self":[{"href":"https:\/\/www.aspeninstitutece.org\/cs\/wp-json\/wp\/v2\/news-article\/28837","targetHints":{"allow":["GET"]}}],"collection":[{"href":"https:\/\/www.aspeninstitutece.org\/cs\/wp-json\/wp\/v2\/news-article"}],"about":[{"href":"https:\/\/www.aspeninstitutece.org\/cs\/wp-json\/wp\/v2\/types\/news-article"}],"wp:featuredmedia":[{"embeddable":true,"href":"https:\/\/www.aspeninstitutece.org\/cs\/wp-json\/wp\/v2\/media\/12793"}],"wp:attachment":[{"href":"https:\/\/www.aspeninstitutece.org\/cs\/wp-json\/wp\/v2\/media?parent=28837"}],"wp:term":[{"taxonomy":"news-tag","embeddable":true,"href":"https:\/\/www.aspeninstitutece.org\/cs\/wp-json\/wp\/v2\/news-tag?post=28837"}],"curies":[{"name":"wp","href":"https:\/\/api.w.org\/{rel}","templated":true}]}}