{"id":28838,"date":"2023-04-17T00:00:00","date_gmt":"2023-04-16T22:00:00","guid":{"rendered":"https:\/\/aspeninstitutece.softmedia.cz\/news-article\/report-aspen-young-leaders-program-brezen-2023\/"},"modified":"2023-04-17T00:00:00","modified_gmt":"2023-04-16T22:00:00","slug":"report-aspen-young-leaders-program-brezen-2023","status":"publish","type":"news-article","link":"https:\/\/www.aspeninstitutece.org\/cs\/news-article\/report-aspen-young-leaders-program-brezen-2023\/","title":{"rendered":"Report: Aspen Young Leaders Program, b\u0159ezen 2023"},"content":{"rendered":"<p>13. ro\u010dn\u00edk\u00a0<strong><a href=\"https:\/\/www.aspeninstitutece.org\/program\/aspen-young-leaders-program\/\">Aspen Young Leaders Programu<\/a><\/strong> se konal ve dnech 23.-26. b\u0159ezna 2023 v jihomoravsk\u00fdch Hnanic\u00edch. Bohat\u00e9ho \u010dty\u0159denn\u00edho programu se z\u00fa\u010dastnilo 35 mlad\u00fdch l\u00eddr\u016f z oblasti byznysu, ve\u0159ejn\u00e9 spr\u00e1vy, um\u011bn\u00ed, akademick\u00e9 sf\u00e9ry, v\u011bdy nebo sportu.<\/p>\n<p><span style=\"font-weight: 400;\">Na \u00favod se ka\u017ed\u00fd \u00fa\u010dastn\u00edk pod\u011blil o sv\u016fj osobn\u00ed p\u0159\u00edb\u011bh a po tomto zah\u0159\u00edvac\u00edm kole n\u00e1sledoval rozhovor <\/span><b><a href=\"https:\/\/www.aspeninstitutece.org\/people-profile\/ursula-kralova\/\">Ur\u0161uly Kr\u00e1lov\u00e9<\/a>\u00a0<\/b><span style=\"font-weight: 400;\">s\u00a0<\/span><a href=\"https:\/\/www.aspeninstitutece.org\/people-profile\/ivan-hodac\/\"><b>Ivanem Hod\u00e1\u010dem<\/b><\/a><span style=\"font-weight: 400;\">, jedn\u00edm ze zakladatel\u016f Aspen Institute Central Europe, ve kter\u00e9m shrnuli v\u00edce ne\u017e desetiletou historii a programov\u00e9 priority Institutu.<\/span><\/p>\n<p><span style=\"font-weight: 400;\">Druh\u00fd den byl zah\u00e1jen otev\u0159enou debatou na t\u00e9ma <strong>Leadership zalo\u017een\u00fd na hodnot\u00e1ch<\/strong>. V\u0161ichni mlad\u00ed l\u00edd\u0159i se aktivn\u011b zapojili a pod\u011blili se o hodnoty, kter\u00fdmi se ve sv\u00e9m \u017eivot\u011b \u0159\u00edd\u00ed. Nej\u010dast\u011bji jsme mohli sly\u0161et pojmy jako nap\u0159.: integrita, svoboda, respekt, empatie a laskavost.<\/span><\/p>\n<p><span style=\"font-weight: 400;\">N\u00e1sledn\u011b jsme p\u0159iv\u00edtali prvn\u00edho v\u00fdznamn\u00e9ho hosta, kter\u00fd p\u0159ijal na\u0161e pozv\u00e1n\u00ed z\u00fa\u010dastnit se a pod\u011blit se o sv\u00e9 zku\u0161enosti s mlad\u00fdmi l\u00eddry, pan\u00ed <\/span><a href=\"https:\/\/www.aspeninstitutece.org\/people-profile\/danuse-nerudova\/\"><b>Danu\u0161i Nerudovou<\/b><\/a><span style=\"font-weight: 400;\">, profesorku a jedinou \u017eenskou kandid\u00e1tku v \u010desk\u00fdch prezidentsk\u00fdch volb\u00e1ch 2023. Danu\u0161e hovo\u0159ila<strong> o leadershipu v podnik\u00e1n\u00ed i ve vysok\u00e9m \u0161kolstv\u00ed<\/strong> a tak\u00e9 zd\u016fraznila v\u00fdznam\u00a0hodnot a uzn\u00e1n\u00ed postaven\u00ed \u017een ve spole\u010dnosti, stejn\u011b jako vytv\u00e1\u0159en\u00ed rovn\u00fdch p\u0159\u00edle\u017eitost\u00ed pro mu\u017ee a \u017eeny.\u00a0<\/span><\/p>\n<p><span style=\"font-weight: 400;\">Odpoledne bylo nabit\u00e9 t\u0159emi zaj\u00edmav\u00fdmi debatami z odv\u011btv\u00ed<strong>\u00a0byznys \u2013 v\u011bda \u2013 kultura<\/strong>, kter\u00e9 byly postaveny na spole\u010dn\u00e9m z\u00e1kladu hodnotov\u00e9ho leadershipu.\u00a0<\/span><\/p>\n<p><a href=\"https:\/\/www.aspeninstitutece.org\/people-profile\/pavel-rehak\/\"><b>Pavel \u0158eh\u00e1k<\/b><\/a><span style=\"font-weight: 400;\">, zakladatel Direct Family a prezident Aspen Institute Central Europe, p\u0159edstavil sv\u016fj inspirativn\u00ed osobn\u00ed p\u0159\u00edb\u011bh a v\u00fdzvy, kter\u00fdm musel v pr\u016fb\u011bhu sv\u00e9 kari\u00e9ry \u010delit. Z\u00e1rove\u0148<strong> motivoval \u00fa\u010dastn\u00edky<\/strong> i \u00fa\u010dastnice, aby \u0161li za sv\u00fdmi c\u00edli a nevzd\u00e1vali se, i kdy\u017e jim \u017eivot klade do cesty p\u0159ek\u00e1\u017eky.\u00a0<\/span><\/p>\n<p><span style=\"font-weight: 400;\">Jako dal\u0161\u00ed vystoupil <\/span><a href=\"https:\/\/www.aspeninstitutece.org\/people-profile\/jan-lukacevic\/\"><b>Jan Luka\u010devi\u010d<\/b><\/a><span style=\"font-weight: 400;\">, mlad\u00fd l\u00eddr NATO 2030, \u010dlen poradn\u00edho sboru gener\u00e1ln\u00edho tajemn\u00edka Jense Stoltenberga a tak\u00e9 \u010dlen kosmick\u00e9 sekce Rady ministra obrany \u010cR, kter\u00fd zah\u00e1jil sv\u00e9 vystoupen\u00ed prohl\u00e1\u0161en\u00edm, \u017ee<strong> nesobeckost je jednou z nejd\u016fle\u017eit\u011bj\u0161\u00edch hodnot<\/strong>, kterou se ve sv\u00e9m \u017eivot\u011b \u0159\u00edd\u00ed. Jan se svou iniciativou &#8222;Energie l\u00e9ka\u0159\u016fm&#8220; pom\u00e1hal zdravotnick\u00e9mu person\u00e1lu b\u011bhem pandemie koronaviru, v sou\u010dasnosti vyr\u00e1b\u00ed a pos\u00edl\u00e1 \u201cz\u00e1kopov\u00e9 sv\u00ed\u010dky\u201d lidem ve v\u00e1le\u010dn\u00e9 z\u00f3n\u011b na Ukrajin\u011b.<\/span><\/p>\n<p><span style=\"font-weight: 400;\">Posledn\u00ed \u010d\u00e1st dne byla v\u011bnov\u00e1na<\/span><b> <\/b><a href=\"https:\/\/www.aspeninstitutece.org\/people-profile\/peter-kerekes\/\"><b>Peterovi Kerekesovi<\/b><\/a><span style=\"font-weight: 400;\">, filmov\u00e9mu re\u017eis\u00e9rovi, producentovi a sc\u00e9n\u00e1ristovi, kter\u00fd p\u0159edstavil <strong>dokument\u00e1rn\u00ed film<\/strong> s n\u00e1zvem &#8222;<strong>Cooking history<\/strong>&#8220; o vojensk\u00fdch kucha\u0159\u00edch a jejich vlivu na d\u011bjiny. Peter za tento dokument\u00e1rn\u00ed film z\u00edskal \u0159adu ocen\u011bn\u00ed, nap\u0159\u00edklad cenu za nejlep\u0161\u00ed dokument na Viennale. Peter se s \u00fa\u010dastn\u00edky pod\u011blil o svou motivaci k nato\u010den\u00ed takov\u00e9ho filmu a p\u0159ibl\u00ed\u017eil p\u0159\u00edb\u011bhy jednotliv\u00fdch postav. Hovo\u0159il tak\u00e9 o sv\u00fdch hodnot\u00e1ch a o tom, jak se jich dr\u017eet p\u0159i nat\u00e1\u010den\u00ed filmu a ve spolupr\u00e1ci s ostatn\u00edmi.<\/span><\/p>\n<p><span style=\"font-weight: 400;\">T\u0159et\u00ed den programu byl zah\u00e1jen moderovanou panelovou diskus\u00ed na t\u00e9ma <strong>obhajoby lidsk\u00fdch pr\u00e1v ve st\u0159edn\u00ed a v\u00fdchodn\u00ed Evrop\u011b<\/strong>. Tentokr\u00e1t se diskutovalo o <strong>aktivit\u00e1ch neziskov\u00fdch organizac\u00ed<\/strong> se z\u00e1stupci z Ma\u010farska, Polska a Slovenska. <\/span><a href=\"https:\/\/www.aspeninstitutece.org\/people-profile\/katarzyna-batko-toluc\/\"><b>Katarzyna Batko-To\u0142u\u0107<\/b><\/a>,<span style=\"font-weight: 400;\"> programov\u00e1 \u0159editelka organizace Citizens Network Watchdog z Polska, <\/span><a href=\"https:\/\/www.aspeninstitutece.org\/people-profile\/antonia-meszaros-2\/\"><b>Ant\u00f3nia M\u00e9sz\u00e1ros<\/b><\/a><span style=\"font-weight: 400;\">, v\u00fdkonn\u00e1 \u0159editelka UNICEF Ma\u010farsko, a <\/span><a href=\"https:\/\/www.aspeninstitutece.org\/people-profile\/andrea-najvirtova\/\"><b>Andrea Najvirtov\u00e1<\/b><\/a><span style=\"font-weight: 400;\">, \u0159editelka spole\u010dnosti \u010clov\u011bk v t\u00edsni Slovensko, pouk\u00e1zaly na pal\u010div\u00e9 probl\u00e9my, kter\u00fdm tyto neziskov\u00e9 organizace v jednotliv\u00fdch zem\u00edch \u010del\u00ed. V\u0161echny z\u00e1stupkyn\u011b se shodly, \u017ee jednou z nejv\u011bt\u0161\u00edch p\u0159ek\u00e1\u017eek je obt\u00ed\u017en\u00e9 z\u00edsk\u00e1v\u00e1n\u00ed pen\u011bz pro svou \u010dinnost a neust\u00e1l\u00e9 uji\u0161\u0165ov\u00e1n\u00ed rozhoduj\u00edc\u00edch \u010dinitel\u016f, \u017ee jejich pr\u00e1ce je nepostradateln\u00e1. Tak\u00e9 se pod\u011blily o <strong>konkr\u00e9tn\u00ed p\u0159\u00edklady ze sv\u00e9 praxe<\/strong>, aby si \u00fa\u010dastn\u00edci mohli l\u00e9pe p\u0159edstavit realitu fungov\u00e1n\u00ed nevl\u00e1dn\u00ed organizace.\u00a0<\/span><\/p>\n<p><span style=\"font-weight: 400;\">Dal\u0161\u00ed debata se v\u011bnovala<strong> kybernetick\u00e9 bezpe\u010dnosti<\/strong>. K tomuto t\u00e9matu jsme pozvali odborn\u00edka na kybernetickou bezpe\u010dnost <\/span><a href=\"https:\/\/www.aspeninstitutece.org\/people-profile\/ondrej-kubovic\/\"><b>Ondreje Kubovi\u010de<\/b><\/a><span style=\"font-weight: 400;\">, specialistu na bezpe\u010dnostn\u00ed pov\u011bdom\u00ed z antivirov\u00e9 spole\u010dnosti ESET, aby na\u0161im mlad\u00fdm l\u00eddr\u016fm p\u0159ibl\u00ed\u017eil sv\u016fj obor. B\u011bhem tohoto sezen\u00ed \u00fa\u010dastn\u00edci diskutovali o <strong>odpov\u011bdn\u00e9m chov\u00e1n\u00ed ve virtu\u00e1ln\u00edm prostoru<\/strong>, ochran\u011b soukrom\u00ed a bezpe\u010dnosti osobn\u00edch \u00fadaj\u016f na internetu i na platform\u00e1ch soci\u00e1ln\u00edch m\u00e9di\u00ed.\u00a0<\/span><\/p>\n<p>Do programu jsme nezapomn\u011bli za\u0159adit ani <strong>Empowerment Training<\/strong>. V\u0161ichni \u00fa\u010dastn\u00edci se aktivn\u011b zapojili do n\u00e1ro\u010dn\u00fdch outdoorov\u00fdch aktivit, kter\u00e9 byly tentokr\u00e1t v\u011bnov\u00e1ny prvn\u00ed pomoci a krizov\u00fdm situac\u00edm, kter\u00e9 mohou b\u011bhem v\u0161edn\u00edho dne potkat doslova kohokoliv. \u00da\u010dastn\u00edci se spole\u010dn\u011b skv\u011ble bavili a hlavn\u011b z\u00edskali nov\u00e9 zku\u0161enosti a vyzkou\u0161eli si konkr\u00e9tn\u00ed krizov\u00e9 sc\u00e9n\u00e1\u0159e.<\/p>\n<p><span style=\"font-weight: 400;\">V ned\u011bli dopoledne, na z\u00e1v\u011br programu, prob\u011bhl interaktivn\u00ed workshop p\u0159ipraven\u00fd <\/span><a href=\"https:\/\/www.aspeninstitutece.org\/people-profile\/marie-salomonova\/\"><b>Mari\u00ed Salomonovou<\/b><\/a><span style=\"font-weight: 400;\">, spoluzakladatelkou Nevypus\u0165 du\u0161i, zam\u011b\u0159en\u00fd na<strong> du\u0161evn\u00ed zdrav\u00ed a du\u0161evn\u00ed hygienu<\/strong>.<\/span><\/p>\n<p>Byl to intenzivn\u00ed \u010dty\u0159denn\u00ed program pln\u00fd zaj\u00edmav\u00fdch a podn\u011btn\u00fdch diskus\u00ed s odborn\u00edky a cel\u00fd t\u00fdm Aspen Institute Central Europe m\u00e1 radost z toho, kolik skv\u011bl\u00fdch lid\u00ed se zde poda\u0159ilo d\u00e1t dohromady.<\/p>\n","protected":false},"excerpt":{"rendered":"<p>T\u0159in\u00e1ct\u00fd ro\u010dn\u00edk Aspen Young Leaders Programu se konal v jihomoravsk\u00fdch Hnanic\u00edch.<\/p>\n","protected":false},"featured_media":12800,"template":"","meta":{"_acf_changed":false},"news-tag":[],"class_list":["post-28838","news-article","type-news-article","status-publish","has-post-thumbnail","hentry"],"acf":[],"_links":{"self":[{"href":"https:\/\/www.aspeninstitutece.org\/cs\/wp-json\/wp\/v2\/news-article\/28838","targetHints":{"allow":["GET"]}}],"collection":[{"href":"https:\/\/www.aspeninstitutece.org\/cs\/wp-json\/wp\/v2\/news-article"}],"about":[{"href":"https:\/\/www.aspeninstitutece.org\/cs\/wp-json\/wp\/v2\/types\/news-article"}],"wp:featuredmedia":[{"embeddable":true,"href":"https:\/\/www.aspeninstitutece.org\/cs\/wp-json\/wp\/v2\/media\/12800"}],"wp:attachment":[{"href":"https:\/\/www.aspeninstitutece.org\/cs\/wp-json\/wp\/v2\/media?parent=28838"}],"wp:term":[{"taxonomy":"news-tag","embeddable":true,"href":"https:\/\/www.aspeninstitutece.org\/cs\/wp-json\/wp\/v2\/news-tag?post=28838"}],"curies":[{"name":"wp","href":"https:\/\/api.w.org\/{rel}","templated":true}]}}