{"id":28839,"date":"2023-04-24T00:00:00","date_gmt":"2023-04-23T22:00:00","guid":{"rendered":"https:\/\/aspeninstitutece.softmedia.cz\/news-article\/prihlaste-se-na-rijnovy-aspen-young-leaders-program-2023\/"},"modified":"2023-04-24T00:00:00","modified_gmt":"2023-04-23T22:00:00","slug":"prihlaste-se-na-rijnovy-aspen-young-leaders-program-2023","status":"publish","type":"news-article","link":"https:\/\/www.aspeninstitutece.org\/cs\/news-article\/prihlaste-se-na-rijnovy-aspen-young-leaders-program-2023\/","title":{"rendered":"P\u0159ihlaste se na \u0159\u00edjnov\u00fd Aspen Young Leaders Program 2023"},"content":{"rendered":"<p style=\"text-align: center;\"><a class=\"btn view-secondary-text\" href=\"https:\/\/www.aspeninstitutece.org\/cs\/aylp-criteria\/\">Krit\u00e9ria pro v\u00fdb\u011br<\/a>\u00a0| <a class=\"btn view-secondary-text\" href=\"https:\/\/www.aspeninstitutece.org\/cs\/aylp-application\/\">P\u0159ihl\u00e1\u0161ka<\/a><\/p>\n<p><strong>Jste \u00fasp\u011b\u0161n\u00fd mlad\u00fd profesion\u00e1l ve v\u011bku 22-35 let, poch\u00e1z\u00edte z \u010cesk\u00e9 republiky, Ma\u010farska, Polska nebo Slovenska<\/strong> nebo dlouhodob\u011b pob\u00fdv\u00e1te ve st\u0159edoevropsk\u00e9m regionu? Zaj\u00edm\u00e1te se o d\u011bn\u00ed kolem sebe a sna\u017e\u00edte se o pozitivn\u00ed zm\u011bny ve sv\u00e9m okol\u00ed?<\/p>\n<blockquote><p>Sv\u00e9 <a href=\"https:\/\/www.aspeninstitutece.org\/cs\/aylp-application\/\">p\u0159ihl\u00e1\u0161ky<\/a> n\u00e1m zas\u00edlejte nejpozd\u011bji do\u00a0 \u00a0<strong>4. \u010dervence 2023<\/strong>.<\/p><\/blockquote>\n<p>B\u011bhem tohoto intenzivn\u00edho \u010dty\u0159denn\u00edho programu se setk\u00e1te s v\u00fdjime\u010dn\u00fdmi mlad\u00fdmi l\u00eddry, kte\u0159\u00ed se zaj\u00edmaj\u00ed o \u0159e\u0161en\u00ed aktu\u00e1ln\u00edch spole\u010densk\u00fdch a politick\u00fdch v\u00fdzev, a budete m\u00edt mo\u017enost diskutovat a komunikovat se zku\u0161en\u00fdmi odborn\u00edky z nejr\u016fzn\u011bj\u0161\u00edch oblast\u00ed a s velmi odli\u0161n\u00fdm profesn\u00edm z\u00e1zem\u00edm. Pokud zn\u00e1te n\u011bkoho, kdo odpov\u00edd\u00e1 v\u00fd\u0161e uveden\u00fdm krit\u00e9ri\u00edm, nominujte ho\/ji!<\/p>\n<p>Aspen Young Leaders Program\u00a0se kon\u00e1\u00a0<strong>12.-15. \u0159\u00edjna 2023 v \u010cesk\u00e9 republice<\/strong>.<\/p>\n<p style=\"text-align: center;\"><a class=\"btn view-secondary-text\" href=\"https:\/\/www.aspeninstitutece.org\/cs\/program\/aspen-young-leaders-program\/\">\u010ct\u011bte v\u00edce<\/a>\u00a0|\u00a0<a class=\"btn view-secondary-text\" href=\"https:\/\/www.aspeninstitutece.org\/cs\/aylp-nominate\/\">Nominace<\/a><\/p>\n<p><iframe loading=\"lazy\" title=\"Aspen Young Leaders Program (AYLP), March 2022\" width=\"500\" height=\"281\" src=\"https:\/\/www.youtube.com\/embed\/q-ZHT6tsN08?feature=oembed\" frameborder=\"0\" allow=\"accelerometer; autoplay; clipboard-write; encrypted-media; gyroscope; picture-in-picture; web-share\" referrerpolicy=\"strict-origin-when-cross-origin\" allowfullscreen><\/iframe><\/p>\n","protected":false},"excerpt":{"rendered":"<p>Z\u00fa\u010dastn\u011bte se nebo nominujte mlad\u00e9ho l\u00eddra na 14. ro\u010dn\u00edk Aspen Young Leaders Program.<\/p>\n","protected":false},"featured_media":12803,"template":"","meta":{"_acf_changed":false},"news-tag":[],"class_list":["post-28839","news-article","type-news-article","status-publish","has-post-thumbnail","hentry"],"acf":[],"_links":{"self":[{"href":"https:\/\/www.aspeninstitutece.org\/cs\/wp-json\/wp\/v2\/news-article\/28839","targetHints":{"allow":["GET"]}}],"collection":[{"href":"https:\/\/www.aspeninstitutece.org\/cs\/wp-json\/wp\/v2\/news-article"}],"about":[{"href":"https:\/\/www.aspeninstitutece.org\/cs\/wp-json\/wp\/v2\/types\/news-article"}],"wp:featuredmedia":[{"embeddable":true,"href":"https:\/\/www.aspeninstitutece.org\/cs\/wp-json\/wp\/v2\/media\/12803"}],"wp:attachment":[{"href":"https:\/\/www.aspeninstitutece.org\/cs\/wp-json\/wp\/v2\/media?parent=28839"}],"wp:term":[{"taxonomy":"news-tag","embeddable":true,"href":"https:\/\/www.aspeninstitutece.org\/cs\/wp-json\/wp\/v2\/news-tag?post=28839"}],"curies":[{"name":"wp","href":"https:\/\/api.w.org\/{rel}","templated":true}]}}