{"id":28844,"date":"2023-07-31T00:00:00","date_gmt":"2023-07-30T22:00:00","guid":{"rendered":"https:\/\/aspeninstitutece.softmedia.cz\/news-article\/hledame-office-manazera-ku\/"},"modified":"2023-07-31T00:00:00","modified_gmt":"2023-07-30T22:00:00","slug":"hledame-office-manazera-ku","status":"publish","type":"news-article","link":"https:\/\/www.aspeninstitutece.org\/cs\/news-article\/hledame-office-manazera-ku\/","title":{"rendered":"Hled\u00e1me Office mana\u017eera\/ku!"},"content":{"rendered":"<p style=\"text-align: left;\">Ji\u017e 11. rokem se neziskov\u00e1 organizace Aspen Institute Central Europe o.p.s. (AICE), \u010dlen Aspen Institute Global Network, ve st\u0159edn\u00ed Evrop\u011b funguje jako nestranick\u00e1 a nez\u00e1visl\u00e1 platforma, jej\u00edm\u017e c\u00edlem je rozv\u00edjet mezioborovou spolupr\u00e1ci, v\u00e9st diskusi o aktu\u00e1ln\u00edch t\u00e9matech a podporovat mlad\u00e9 st\u0159edoevropsk\u00e9 l\u00eddry z r\u016fzn\u00fdch profesn\u00edch oblast\u00ed v jejich osobn\u00edm a hodnotov\u00e9m v\u00fdvoji.<\/p>\n<p style=\"text-align: left;\">M\u00e1te z\u00e1jem\u00a0spole\u010dn\u011b s n\u00e1mi rozv\u00edjet demokratick\u00e9 hodnoty a otev\u0159enou spole\u010dnost? Dejte n\u00e1m o sob\u011b v\u011bd\u011bt a p\u0159ihlaste se na otev\u0159enou pozici<\/p>\n<p style=\"text-align: left;\"> <a href=\"https:\/\/www.aspeninstitutece.org\/cs\/nabidka-pracovni-pozice-office-manazerka\/\"><strong>Office mana\u017eer\/ka<\/strong><\/a><\/p>\n","protected":false},"excerpt":{"rendered":"<p>Za\u0161lete n\u00e1m sv\u016fj \u017eivotopis do 15. \u0159\u00edjna 2023 a bu\u010fte sou\u010d\u00e1st\u00ed na\u0161eho t\u00fdmu!<\/p>\n","protected":false},"featured_media":12820,"template":"","meta":{"_acf_changed":false},"news-tag":[],"class_list":["post-28844","news-article","type-news-article","status-publish","has-post-thumbnail","hentry"],"acf":[],"_links":{"self":[{"href":"https:\/\/www.aspeninstitutece.org\/cs\/wp-json\/wp\/v2\/news-article\/28844","targetHints":{"allow":["GET"]}}],"collection":[{"href":"https:\/\/www.aspeninstitutece.org\/cs\/wp-json\/wp\/v2\/news-article"}],"about":[{"href":"https:\/\/www.aspeninstitutece.org\/cs\/wp-json\/wp\/v2\/types\/news-article"}],"wp:featuredmedia":[{"embeddable":true,"href":"https:\/\/www.aspeninstitutece.org\/cs\/wp-json\/wp\/v2\/media\/12820"}],"wp:attachment":[{"href":"https:\/\/www.aspeninstitutece.org\/cs\/wp-json\/wp\/v2\/media?parent=28844"}],"wp:term":[{"taxonomy":"news-tag","embeddable":true,"href":"https:\/\/www.aspeninstitutece.org\/cs\/wp-json\/wp\/v2\/news-tag?post=28844"}],"curies":[{"name":"wp","href":"https:\/\/api.w.org\/{rel}","templated":true}]}}