{"id":28850,"date":"2023-10-09T00:00:00","date_gmt":"2023-10-08T22:00:00","guid":{"rendered":"https:\/\/aspeninstitutece.softmedia.cz\/news-article\/duveryhodnost-informaci-v-dobe-umele-inteligence-ze-stredoevropskeho-pohledu\/"},"modified":"2023-10-09T00:00:00","modified_gmt":"2023-10-08T22:00:00","slug":"duveryhodnost-informaci-v-dobe-umele-inteligence-ze-stredoevropskeho-pohledu","status":"publish","type":"news-article","link":"https:\/\/www.aspeninstitutece.org\/cs\/news-article\/duveryhodnost-informaci-v-dobe-umele-inteligence-ze-stredoevropskeho-pohledu\/","title":{"rendered":"D\u016fv\u011bryhodnost informac\u00ed v dob\u011b um\u011bl\u00e9 inteligence ze st\u0159edoevropsk\u00e9ho pohledu"},"content":{"rendered":"<p>V\u00a0\u00fater\u00fd 26. z\u00e1\u0159\u00ed 2023 <a href=\"https:\/\/www.aspeninstitutece.org\/\">Aspen Institute CE<\/a> a <a href=\"https:\/\/www.aspeninstitute.org\/programs\/aspendigital\/\" rel=\"noopener\">Aspen Digital<\/a> zorganizovaly p\u016fldenn\u00ed konferenci, kde odborn\u00edci diskutovali o um\u011bl\u00e9 inteligenci a jej\u00edm vlivu na d\u016fv\u011bryhodnost informac\u00ed v\u00a0m\u00e9di\u00edch. Konference byla slo\u017eena ze dvou panelov\u00fdch diskuz\u00ed, kter\u00fdch se \u00fa\u010dastnili experti na tuto problematiku, v\u010detn\u011b novin\u00e1\u0159\u016f a akademik\u016f specializuj\u00edc\u00edch se na oblast AI a technologie.<\/p>\n<p><strong>Zde najdete z\u00e1znam z cel\u00e9 konference:<\/strong><\/p>\n<p><iframe loading=\"lazy\" title=\"Information Integrity in the AI Era: (Central) European Perspective\" width=\"500\" height=\"281\" src=\"https:\/\/www.youtube.com\/embed\/EVigpn3nuhk?feature=oembed\" frameborder=\"0\" allow=\"accelerometer; autoplay; clipboard-write; encrypted-media; gyroscope; picture-in-picture; web-share\" referrerpolicy=\"strict-origin-when-cross-origin\" allowfullscreen><\/iframe><\/p>\n<p><strong>Konference byla rozd\u011blena na dv\u011b diskuze: <\/strong><\/p>\n<p><a href=\"https:\/\/www.youtube.com\/watch?v=U49AHyXg9Hg\" rel=\"noopener\">Um\u011bl\u00e1 Inteligence a D\u016fv\u011bryhodnost informac\u00ed<\/a><\/p>\n<p><iframe loading=\"lazy\" title=\"Information Integrity in the AI Era: (Central) European Perspective \/ Panel discussion #1\" width=\"500\" height=\"281\" src=\"https:\/\/www.youtube.com\/embed\/U49AHyXg9Hg?feature=oembed\" frameborder=\"0\" allow=\"accelerometer; autoplay; clipboard-write; encrypted-media; gyroscope; picture-in-picture; web-share\" referrerpolicy=\"strict-origin-when-cross-origin\" allowfullscreen><\/iframe><\/p>\n<p><a href=\"https:\/\/www.youtube.com\/watch?v=RIrN-kVmD7o\" rel=\"noopener\">Nez\u00e1visl\u00e1 m\u00e9dia a Regulace<\/a><\/p>\n<p><iframe loading=\"lazy\" title=\"Information Integrity in the AI Era: (Central) European Perspective \/ Panel discussion #2\" width=\"500\" height=\"281\" src=\"https:\/\/www.youtube.com\/embed\/RIrN-kVmD7o?feature=oembed\" frameborder=\"0\" allow=\"accelerometer; autoplay; clipboard-write; encrypted-media; gyroscope; picture-in-picture; web-share\" referrerpolicy=\"strict-origin-when-cross-origin\" allowfullscreen><\/iframe><\/p>\n<p><strong>\u0158e\u010dn\u00edci:<\/strong><\/p>\n<div><strong> \u00a0<a href=\"https:\/\/www.linkedin.com\/in\/charlie-beckett-2743234\/\" target=\"_blank\" rel=\"noopener noreferrer\" data-saferedirecturl=\"https:\/\/www.google.com\/url?q=https:\/\/www.linkedin.com\/in\/charlie-beckett-2743234\/&amp;source=gmail&amp;ust=1690979502434000&amp;usg=AOvVaw0NS6Q3bBm4ADVfT9Galyv0\">Charlie Beckett<\/a><\/strong>,\u00a0\u0159editel The Journalism AI Project, LSE at The London School of Economics and Political Science<\/div>\n<div> \u00a0<strong><a href=\"https:\/\/www.linkedin.com\/in\/patrickboehler\/\" rel=\"noopener\">Patrick Boehler<\/a><\/strong>, z\u00e1stupce r\u00e1dia Svobodn\u00e1 Evropa<\/div>\n<div> \u00a0<strong><a href=\"https:\/\/www.linkedin.com\/in\/daniel-braun-86a43b2\/\" rel=\"noopener\">Daniel Braun<\/a><\/strong>,\u00a0vedouc\u00ed kabinetu m\u00edstop\u0159edsedkyn\u011b pro hodnoty a transparentnost v Evropsk\u00e9 komisi<\/div>\n<div><strong> \u00a0<a href=\"https:\/\/www.linkedin.com\/in\/peterjancarik\/\" target=\"_blank\" rel=\"noopener noreferrer\" data-saferedirecturl=\"https:\/\/www.google.com\/url?q=https:\/\/www.linkedin.com\/in\/peterjancarik\/&amp;source=gmail&amp;ust=1690979502434000&amp;usg=AOvVaw1pv_6dHMnrQgvM8bUJGIfM\">Peter Jan\u010d\u00e1rik<\/a><\/strong>,\u00a0spoluzakladatel a m\u00edstop\u0159edseda Konspiratori.sk, anti-disinfo \u00fa\u0159edn\u00edk na Seznam.cz<\/div>\n<div><b><strong> <\/strong>\u00a0<a href=\"https:\/\/www.linkedin.com\/in\/tanit\/?originalSubdomain=de\" target=\"_blank\" rel=\"noopener noreferrer\" data-saferedirecturl=\"https:\/\/www.google.com\/url?q=https:\/\/www.linkedin.com\/in\/tanit\/?originalSubdomain%3Dde&amp;source=gmail&amp;ust=1692099296805000&amp;usg=AOvVaw3va7OMsMzA5GfemP5Ll_dh\">Tanit Koch<\/a>,\u00a0<\/b>sloupka\u0159ka The New European<\/div>\n<div> \u00a0<strong><a href=\"https:\/\/www.linkedin.com\/in\/johann-laux-854273122\/\" rel=\"noopener\">Johann Laux<\/a><\/strong>, Emerging Tech Governance na Oxfordsk\u00e9 univerzit\u011b<\/div>\n<div><strong> \u00a0<\/strong><strong><a href=\"https:\/\/www.linkedin.com\/in\/pechoucek\/\" target=\"_blank\" rel=\"noopener noreferrer\" data-saferedirecturl=\"https:\/\/www.google.com\/url?q=https:\/\/www.linkedin.com\/in\/pechoucek\/&amp;source=gmail&amp;ust=1691218254452000&amp;usg=AOvVaw3wSjqbbMWAYmTBn8w6JXia\">Michal P\u011bchou\u010dek<\/a><\/strong>, technologick\u00fd \u0159editel Gen Digital a profesor AI na \u010cVUT v Praze<\/div>\n<div> \u00a0<a href=\"https:\/\/www.linkedin.com\/in\/vivianschiller\/\" rel=\"noopener\"><strong>Vivian Schiller<\/strong><\/a>, v\u00fdkonn\u00e1 \u0159editelka, Aspen Digital<\/div>\n<div> \u00a0<a href=\"https:\/\/www.linkedin.com\/in\/milan-vasina\/\" rel=\"noopener\"><strong>Milan Va\u0161ina<\/strong><\/a>, v\u00fdkonn\u00fd \u0159editel, Aspen Institute CE<\/div>\n<blockquote><p><strong>Generativn\u00ed um\u011bl\u00e1 inteligence a\u00a0jej\u00ed rizika<\/strong><\/p><\/blockquote>\n<p>Pro mnoh\u00e9 bylo uveden\u00ed ChatGPT v listopadu 2022 prvn\u00edm z\u00e1\u017eitkem s\u00a0um\u011blou inteligenc\u00ed. \u00a0Alespo\u0148 si to tak mysleli. Ve skute\u010dnosti byla um\u011bl\u00e1 inteligence sou\u010d\u00e1st\u00ed na\u0161eho ka\u017edodenn\u00edho \u017eivota ji\u017e po mnoho let. AI je obecn\u00fdm term\u00ednem, kter\u00fd zahrnuje mnoho typ\u016f technologi\u00ed a algoritmick\u00fdch funkc\u00ed, kter\u00e9 \u0161iroce napodobuj\u00ed ur\u010dit\u00e9 lidsk\u00e9 schopnosti, jako je porozum\u011bn\u00ed, vn\u00edm\u00e1n\u00ed, \u00fasudek, zpracov\u00e1n\u00ed dat a rozhodov\u00e1n\u00ed.<\/p>\n<p><em>\u201eAI p\u0159edb\u00edh\u00e1 lidsk\u00e9 komunika\u010dn\u00ed schopnosti&#8230;proto\u017ee se um\u011bl\u00e1 inteligence vyvinula do jazykov\u00e9 a generativn\u00ed AI. Doned\u00e1vna bylo hlavn\u00edm \u00fakolem AI analyzovat&#8230;te\u010f analyzuje a generuje,\u201c<\/em> poznamenal <strong>Michal P\u011bchou\u010dek<\/strong> k ned\u00e1vn\u00e9 novince.<\/p>\n<p>Oba panely se dotkly t\u00e9matu personalizovan\u00e9ho obsahu. Jedna z\u00a0debat debat zd\u016fraznila potenci\u00e1ln\u00ed nebezpe\u010d\u00ed, kter\u00e1 by personalizace s um\u011blou inteligenc\u00ed mohla m\u00edt. <strong>Michal P\u011bchou\u010dek<\/strong> upozornil, \u017ee personalizace by mohla v\u00e9st k\u00a0ur\u010dit\u00e9mu \u201eodpojen\u00ed\u201c. Personalizace m\u016f\u017ee u\u017eivatele zahnat do r\u016fzn\u00fdch ideologick\u00fdch t\u00e1bor\u016f na z\u00e1klad\u011b informac\u00ed, kter\u00e9 jim jsou p\u0159edkl\u00e1d\u00e1ny. Jsou zde dv\u011b rizika: sd\u011blovan\u00e9 informace jsou v\u011bcn\u00e9, ale omezuj\u00ed se na tuto konkr\u00e9tn\u00ed ideologii; a dezinformace.<\/p>\n<p>Zav\u00e1d\u011bj\u00edc\u00ed informace a dezinformace jsou skute\u010dnou v\u00fdzvou, proto\u017ee jsou \u010dasto chr\u00e1n\u011bny svobodou projevu. <em>&#8222;Pokud chcete pluralismus, pokud chcete ve spole\u010dnosti r\u016fznorod\u00e9 n\u00e1zory, nem\u016f\u017eete pou\u017e\u00edvat tak p\u0159\u00edsn\u00e9 regulace, aby probl\u00e9m dezinformac\u00ed zmizel.&#8220;<\/em> \u0159ekl <strong>Johann Laux<\/strong>. Kv\u016fli dezinformac\u00edm a ideologick\u00e9mu zkreslen\u00ed generovan\u00fdmi um\u011blou inteligenc\u00ed je ovlivn\u011bna celkov\u00e1 kvalita informa\u010dn\u00edho ekosyst\u00e9mu. Pro ve\u0159ejnost bude obt\u00ed\u017en\u011bj\u0161\u00ed si informace ov\u011b\u0159it, proto\u017ee nem\u00e1 rovn\u00fd p\u0159\u00edstup k fakt\u016fm. Ka\u017ed\u00fd t\u00e1bor dost\u00e1v\u00e1 jen ur\u010dit\u00e9 \u010d\u00e1sti celku. To m\u00e1 dopad na analytiky a novin\u00e1\u0159e, kte\u0159\u00ed budou m\u00edt men\u0161\u00ed p\u0159\u00edstup k dat\u016fm, aby porozum\u011bli informa\u010dn\u00edm trend\u016fm a rizik\u016fm.<\/p>\n<p>Dal\u0161\u00edm zd\u016frazn\u011bn\u00fdm nebezpe\u010d\u00edm je zb\u011bsil\u00fd trend ve v\u00fdvoji um\u011bl\u00e9 inteligence. Na jedn\u00e9 stran\u011b m\u016f\u017ee b\u00fdt AI u\u017eite\u010dn\u00fdm n\u00e1strojem k identifikaci dal\u0161\u00edho obsahu a manipulace generovan\u00e9 um\u011blou inteligenc\u00ed. Nicm\u00e9n\u011b, uvedl P\u011bchou\u010dek, um\u011bl\u00e1 inteligence m\u016f\u017ee stejn\u011b snadno generovat opa\u010dn\u00fd efekt. Jin\u00fdmi slovy, technologie m\u016f\u017ee b\u00fdt vyzbrojena sama proti sob\u011b. Um\u011bl\u00e1 inteligence postupuje tak rychle, \u017ee nikdo nen\u00ed schopen p\u0159edpov\u011bd\u011bt, jak bude vypadat v\u00a0budoucnu, shodli se panelist\u00e9. To ponech\u00e1v\u00e1 p\u0159\u00edle\u017eitosti pro inovace a paraleln\u00ed p\u0159\u00edle\u017eitosti pro zneu\u017e\u00edv\u00e1n\u00ed.<\/p>\n<p><em>\u201eNejv\u011bt\u0161\u00ed nebezpe\u010d\u00ed pro um\u011blou inteligenci je stejn\u00e9 jako jej\u00ed nejv\u011bt\u0161\u00ed p\u0159\u00edle\u017eitosti,\u201c<\/em> uzav\u0159el <strong>Michal P\u011bchou\u010dek<\/strong>.<\/p>\n<p>B\u011bhem panelov\u00e9 debaty se diskutovalo o p\u0159\u00ednosu AI pro personalizaci zpr\u00e1v na z\u00e1klad\u011b z\u00e1jm\u016f nebo zem\u011bpisn\u00e9 polohy u\u017eivatele. Ka\u017ed\u00fd r\u00e1d p\u0159ij\u00edm\u00e1 novinky jinak a um\u011bl\u00e1 inteligence se d\u00e1 vyu\u017e\u00edt zp\u016fsobem, kter\u00fd u\u017eivateli nejl\u00e9pe vyhovuje. P\u0159edstavuje velkou p\u0159\u00edle\u017eitost nap\u0159. k optimalizaci reportingu, kdy m\u016f\u017ee b\u00fdt zpr\u00e1va automaticky generov\u00e1na do zvuku, videa, dlouh\u00e9ho psan\u00ed, kr\u00e1tk\u00fdch \u010dl\u00e1nk\u016f nebo jin\u00fdch form\u00e1t\u016f, co\u017e m\u016f\u017ee zv\u00fd\u0161it zapojen\u00ed se spolehliv\u00fdmi zdroji zpr\u00e1v.<\/p>\n<blockquote><p><strong>Vzestup AI v \u017eurnalistice a redakc\u00edch<\/strong><\/p><\/blockquote>\n<p>S rychl\u00fdm n\u00e1stupem AI p\u0159ich\u00e1z\u00ed tak\u00e9 r\u016fzn\u00e1 nebezpe\u010d\u00ed, proto se \u00fa\u010dastn\u00edci debaty zam\u011b\u0159ili i na v\u00fdhody p\u0159ijet\u00ed t\u00e9to technologie jako n\u00e1stroje. Kl\u00ed\u010dov\u00e1 diskuse se t\u00fdkala um\u011bl\u00e9 inteligence jako efektivn\u00edho (i z pohledu finan\u010dn\u00edho) n\u00e1stroje, pokud je pou\u017e\u00edv\u00e1na etick\u00fdm a transparentn\u00edm zp\u016fsobem.<\/p>\n<p><em>\u201eNa\u0161\u00edm \u00fakolem je vyu\u017e\u00edvat technologie, abychom byli je\u0161t\u011b efektivn\u011bj\u0161\u00ed a z\u00e1rove\u0148 abychom u\u0161et\u0159ili finan\u010dn\u00ed prost\u0159edky a z\u00edskali tak i v\u00edce prostoru pro lep\u0161\u00ed reporting,\u201c<\/em> uvedla <strong>Tanit Koch<\/strong>.<\/p>\n<p>Panelist\u00e9 chv\u00e1lili technologii AI jako prost\u0159edek pro podporu a urychlen\u00ed v\u00fdzkumu. Diskutovali tak\u00e9 o archivn\u00ed funkci AI, kter\u00e1 m\u016f\u017ee zp\u0159\u00edstupnit zaznamenanou historii \u2013 psanou, vizu\u00e1ln\u00ed nebo sluchovou \u2013 prost\u0159ednictv\u00edm kl\u00ed\u010dov\u00fdch pokyn\u016f pro vyhled\u00e1v\u00e1n\u00ed. AI je tak\u00e9 u\u017eite\u010dn\u00fd editor hrub\u00fdch n\u00e1vrh\u016f, proto\u017ee je schopen identifikovat a opravit gramatick\u00e9 chyby a p\u0159eklepy bez lidsk\u00e9ho z\u00e1sahu. \u0158e\u010dn\u00edci tak\u00e9 diskutovali o doporu\u010dovac\u00edch algoritmech, kter\u00e9 mohou potla\u010dit obsah nab\u00edzen\u00e9ho obsahu a podsouvat faktick\u00e9 a relevantn\u00ed zpr\u00e1vy. I kdy\u017e je to b\u011b\u017en\u00e1 funkce na v\u011bt\u0161in\u011b z medi\u00e1ln\u00edch platforem, pokud je pou\u017e\u00edv\u00e1na eticky, m\u016f\u017ee zachovat d\u016fv\u011bryhodnost jej\u00edho vn\u00edm\u00e1n\u00ed. Tyto praktick\u00e9 funkce uleh\u010duj\u00ed pr\u00e1ci novin\u00e1\u0159\u016f a pom\u00e1haj\u00ed medi\u00e1ln\u00edm web\u016fm fungovat efektivn\u011bji.<\/p>\n<p><em>\u201eM\u00e1me velmi chytr\u00fd algoritmus, kter\u00fd dok\u00e1\u017ee rozpoznat clickbait v \u010desk\u00e9m titulu,\u201c<\/em> komentoval v\u00fdvoj a vyu\u017eit\u00ed AI v Seznam.cz <strong>Peter Jan\u010d\u00e1rik<\/strong>.<\/p>\n<p>Panelist\u00e9 tak\u00e9 diskutovali o probl\u00e9mech s velk\u00fdmi jazykov\u00fdmi modely (LLM), kter\u00e9 mohou p\u0159in\u00e9st vysoce chybn\u00e9 v\u00fdsledky \u2013 co\u017e je zvl\u00e1\u0161tn\u00ed riziko, pokud se pou\u017e\u00edvaj\u00ed k vytv\u00e1\u0159en\u00ed zpravodajsk\u00fdch \u010dl\u00e1nk\u016f nebo jin\u00fdch \u017eurnalistick\u00fdch v\u00fdstup\u016f. Generativn\u00ed um\u011bl\u00e1 inteligence v\u0161ak m\u016f\u017ee b\u00fdt u\u017eite\u010dn\u00e1 p\u0159i vytv\u00e1\u0159en\u00ed prvn\u00edch n\u00e1vrh\u016f. Je mimo\u0159\u00e1dn\u011b u\u017eite\u010dn\u00e1 v p\u0159ekladatelsk\u00e9 sf\u00e9\u0159e. <em>\u201eNajednou nemus\u00edte um\u011bt jazyky jako anglicky nebo n\u011bmecky, abyste rozum\u011bli anglick\u00e9 nebo n\u011bmeck\u00e9 \u017eurnalistice.\u201c<\/em> \u0159ekl <strong>Charlie Beckett<\/strong>.<\/p>\n<p><em>\u201eU\u017eivatel\u00e9 se m\u00e9n\u011b zaj\u00edmaj\u00ed o to, zda byl text vygenerov\u00e1n um\u011blou inteligenc\u00ed nebo ne. Jde jim sp\u00ed\u0161e o d\u016fv\u011bru, o to, zda mohou informac\u00edm v\u011b\u0159it,\u201c<\/em> prozradil <strong>Michal P\u011bchou\u010dek<\/strong>.<\/p>\n<blockquote><p><strong>AI a regulace soci\u00e1ln\u00edch m\u00e9di\u00ed<\/strong><\/p><\/blockquote>\n<p>AI poskytuje velkou s\u00edlu t\u011bm, kte\u0159\u00ed ji pou\u017e\u00edvaj\u00ed. \u00da\u010dastn\u00edci panelov\u00e9 debaty se shoduj\u00ed, \u017ee jej\u00ed regulace je nezbytn\u00e1, aby bylo zaji\u0161t\u011bno, \u017ee je um\u011bl\u00e1 inteligence vyu\u017e\u00edv\u00e1na zodpov\u011bdn\u011b a v\u0161ichni u\u017eivatel\u00e9 mohou vyu\u017e\u00edvat r\u016fzn\u00e9 v\u00fdhody technologie a z\u00e1rove\u0148 b\u00fdt chr\u00e1n\u011bni p\u0159ed jej\u00edmi nebezpe\u010d\u00edmi.<\/p>\n<p>Evropsk\u00e1 komise ji\u017e m\u00e1 n\u011bkolik na\u0159\u00edzen\u00ed, z nich\u017e dv\u011b byly podrobn\u011b projedn\u00e1v\u00e1ny: z<strong>\u00e1kon o digit\u00e1ln\u00edch slu\u017eb\u00e1ch (DSA)<\/strong> a <strong>z\u00e1kon o um\u011bl\u00e9 inteligenci<\/strong>. Z\u00e1kladn\u00edm principem DSA je, \u017ee co je nez\u00e1konn\u00e9 offline, je nez\u00e1konn\u00e9 online. Z\u00e1kon o um\u011bl\u00e9 inteligenci \u0159e\u0161\u00ed a monitoruje specifick\u00e1 vysoce rizikov\u00e1 pou\u017eit\u00ed um\u011bl\u00e9 inteligence. C\u00edlem tohoto na\u0159\u00edzen\u00ed je zakotvit p\u016fvodn\u00ed hodnoty: <em>\u201ev\u00edce svobody, v\u00edce informac\u00ed a v\u00edce demokracie,\u201c<\/em> uvedl <strong>Daniel Braun<\/strong>. Zaveden\u00ed p\u0159edpis\u016f nejen chr\u00e1n\u00ed u\u017eivatele, ale tak\u00e9 chr\u00e1n\u00ed kvalitu \u0161\u00ed\u0159en\u00fdch informac\u00ed. Rozhoduj\u00edc\u00ed je, \u017ee tyto z\u00e1kony ukl\u00e1daj\u00ed p\u0159edpisy zalo\u017een\u00e9 na tom, jak se technologie pou\u017e\u00edv\u00e1, sp\u00ed\u0161e ne\u017e na obsahu na platform\u00e1ch zpr\u00e1v a soci\u00e1ln\u00edch m\u00e9di\u00ed. Mezi nov\u00e1 zva\u017eovan\u00e1 pravidla pat\u0159\u00ed ozna\u010dov\u00e1n\u00ed obsahu generovan\u00e9ho um\u011blou inteligenc\u00ed. To chr\u00e1n\u00ed my\u0161lenku um\u011bl\u00e9 inteligence jako n\u00e1stroje a z\u00e1rove\u0148 zaji\u0161\u0165uje, aby ve\u0159ejnost pochopila, co je vytvo\u0159eno lidmi a co je generov\u00e1no strojem. V\u0161ichni \u00fa\u010dastn\u00edci panelu se shodli na tom, \u017ee by m\u011bl existovat standard pro to, jak lze um\u011blou inteligenci pou\u017e\u00edvat proti jej\u00edmu zneu\u017e\u00edv\u00e1n\u00ed \u2013 stroje by m\u011bly b\u00fdt schopny rozpoznat strojov\u011b generovan\u00fd obsah a manipulaci. Spr\u00e1vn\u00e9 p\u0159edpisy by m\u011bly podporovat <em>\u201ed\u016fv\u011bryhodn\u00e9 informace a podporovat ty, kdo jsou v informa\u010dn\u00edm prost\u0159ed\u00ed\u2026 a sni\u017eovat v\u00fdskyt negativn\u00edch externalit v medi\u00e1ln\u00edm prostoru,\u201c<\/em> uzav\u0159el Daniel Braun.<\/p>\n<p>Rychlost inovac\u00ed v AI p\u0159edstavuje pro regula\u010dn\u00ed org\u00e1ny jedine\u010dnou \u0159adu v\u00fdzev. P\u0159esto\u017ee se Evropsk\u00e1 komise sna\u017e\u00ed udr\u017eet n\u00e1skok p\u0159ed technologick\u00fdm pokrokem, <em>\u201eregulovat fluidn\u00ed c\u00edl je neuv\u011b\u0159iteln\u011b komplikovan\u00e9,\u201c<\/em> zd\u016fraznil <strong>Johann Laux<\/strong>. D\u00e1le poznamenal, \u017ee i kdy\u017e existuje \u0159\u00e1dn\u00e1 legislativa, st\u00e1le mus\u00ed existovat strategie, jak tyto z\u00e1kony zav\u00e9st \u00fa\u010dinn\u00fdm a smyslupln\u00fdm zp\u016fsobem. Spolupr\u00e1ce mezi zem\u011bmi a vl\u00e1dami je kl\u00ed\u010dov\u00e1, aby se metody v\u00fdrazn\u011b neli\u0161ily region od regionu. Tato \u00farove\u0148 spolupr\u00e1ce m\u016f\u017ee b\u00fdt n\u00e1ro\u010dn\u00e1. Zat\u00edmco vl\u00e1dy ve svobodn\u00fdch a demokratick\u00fdch zem\u00edch se mohou rozhodnout zodpov\u011bdn\u011b a prosazovat p\u0159edpisy, autokraticky orientovan\u00e9 vl\u00e1dy mohou cht\u00edt vyu\u017e\u00edt AI k dal\u0161\u00edmu potla\u010den\u00ed reality.<\/p>\n<blockquote><p><strong>Stru\u010dn\u011b \u0159e\u010deno, panelist\u00e9 se shodli, \u017ee novin\u00e1\u0159i by m\u011bli:<\/strong><\/p><\/blockquote>\n<ul>\n<li>Nebojte se um\u011bl\u00e9 inteligence, naopak ji p\u0159ijm\u011bte a vyu\u017e\u00edvejte<\/li>\n<li>Pokra\u010dujte v ov\u011b\u0159ov\u00e1n\u00ed fakt\u016f a zdroj\u016f<\/li>\n<li>Bu\u010fte transparentn\u00ed, jak a kdy se pou\u017e\u00edv\u00e1 AI<\/li>\n<li>Spolupracujte na identifikaci spole\u010dn\u00fdch p\u0159edpis\u016f a \u0159e\u0161en\u00ed pro AI<\/li>\n<li>Pokl\u00e1dejte si slo\u017eit\u00e9 ot\u00e1zky<\/li>\n<li>Podporujte d\u016fv\u011bryhodn\u00e9 informace \u2013 a d\u016fv\u011bru v organizace, kter\u00e9 je spravuj\u00ed<\/li>\n<\/ul>\n<p><em>\u201eJako \u010dlov\u011bk, kter\u00fd jedn\u00e1 s m\u00e9dii, m\u00e1te neuv\u011b\u0159itelnou moc p\u0159i kontrole toho, co m\u00e9dia p\u00ed\u0161\u00ed. Ve skute\u010dnosti je medi\u00e1ln\u00ed odv\u011btv\u00ed rychlej\u0161\u00ed v tom, co d\u011bl\u00e1me a je z\u00e1rove\u0148 pe\u010dliv\u011bj\u0161\u00ed v na\u0161\u00ed pr\u00e1ci,\u201c<\/em> uvedla <strong>Tanit Koch<\/strong>.<\/p>\n","protected":false},"excerpt":{"rendered":"<p>Unik\u00e1tn\u00ed konference, kde odborn\u00edci diskutovali o um\u011bl\u00e9 inteligenci a jej\u00edm dopadu na zpravodajstv\u00ed a m\u00e9dia.<\/p>\n","protected":false},"featured_media":12920,"template":"","meta":{"_acf_changed":false},"news-tag":[],"class_list":["post-28850","news-article","type-news-article","status-publish","has-post-thumbnail","hentry"],"acf":[],"_links":{"self":[{"href":"https:\/\/www.aspeninstitutece.org\/cs\/wp-json\/wp\/v2\/news-article\/28850","targetHints":{"allow":["GET"]}}],"collection":[{"href":"https:\/\/www.aspeninstitutece.org\/cs\/wp-json\/wp\/v2\/news-article"}],"about":[{"href":"https:\/\/www.aspeninstitutece.org\/cs\/wp-json\/wp\/v2\/types\/news-article"}],"wp:featuredmedia":[{"embeddable":true,"href":"https:\/\/www.aspeninstitutece.org\/cs\/wp-json\/wp\/v2\/media\/12920"}],"wp:attachment":[{"href":"https:\/\/www.aspeninstitutece.org\/cs\/wp-json\/wp\/v2\/media?parent=28850"}],"wp:term":[{"taxonomy":"news-tag","embeddable":true,"href":"https:\/\/www.aspeninstitutece.org\/cs\/wp-json\/wp\/v2\/news-tag?post=28850"}],"curies":[{"name":"wp","href":"https:\/\/api.w.org\/{rel}","templated":true}]}}