{"id":28853,"date":"2024-01-24T00:00:00","date_gmt":"2024-01-23T23:00:00","guid":{"rendered":"https:\/\/aspeninstitutece.softmedia.cz\/news-article\/spolecnost-4-0-geopoliticke-vyzvy-21-stoleti\/"},"modified":"2024-01-24T00:00:00","modified_gmt":"2024-01-23T23:00:00","slug":"spolecnost-4-0-geopoliticke-vyzvy-21-stoleti","status":"publish","type":"news-article","link":"https:\/\/www.aspeninstitutece.org\/cs\/news-article\/spolecnost-4-0-geopoliticke-vyzvy-21-stoleti\/","title":{"rendered":"Spole\u010dnost 4.0: Geopolitick\u00e9 v\u00fdzvy 21. stolet\u00ed"},"content":{"rendered":"<p>V diskurzu mezin\u00e1rodn\u00edch vztah\u016f se na p\u0159elomu stolet\u00ed hovo\u0159ilo o konci d\u011bjin, v\u00edt\u011bzstv\u00ed liber\u00e1ln\u00ed demokracie (alespo\u0148 v transatlantick\u00e9m m\u011b\u0159\u00edtku), globalizaci ekonomiky a s\u00edl\u00edc\u00edch nadn\u00e1rodn\u00edch akt\u00e9rech. Do\u0161lo k v\u00fdrazn\u00e9mu omezen\u00ed po\u010dtu ozbrojen\u00fdch konflikt\u016f mezi st\u00e1ty a sv\u011bt se soust\u0159edil na ekonomick\u00fd rozvoj. Posledn\u00ed roky jako by n\u00e1s ale vr\u00e1tily zp\u011bt do sv\u011bta realistick\u00e9 \u0161koly mezin\u00e1rodn\u00edch vztah\u016f, kde n\u00e1rodn\u00ed st\u00e1ty a velmoci bojuj\u00ed o moc, zdroje a \u00fazem\u00ed, a mezin\u00e1rodn\u00ed politika je vn\u00edm\u00e1na jako hra s nulov\u00fdm sou\u010dtem. Bezpe\u010dnostn\u00ed t\u00e9ma se stalo \u00fast\u0159edn\u00edm bodem debaty, kter\u00e9 \u00fazce souviselo i s dal\u0161\u00edmi nem\u00e9n\u011b nal\u00e9hav\u00fdmi v\u00fdzvami 21. stolet\u00ed, jako je klimatick\u00e1 zm\u011bna, technologie a mezigenera\u010dn\u00ed st\u0159ety.<\/p>\n<h2>\u00davodn\u00edho slova se ujali:<\/h2>\n<p> \u00a0<b>Petr Kol\u00e1\u0159,<\/b>\u00a0b\u00fdval\u00fd velvyslanec \u010cR v Rusku a USA<br \/>\n \u00a0<b>Michael Romancov,<\/b>\u00a0politick\u00fd geograf<\/p>\n<p><b>Pozv\u00e1n\u00ed k diskuzi d\u00e1le p\u0159ijali:<\/b><\/p>\n<p> \u00a0<b>Yemi A.D.<\/b>, multidisciplin\u00e1rn\u00ed kreativec a potenci\u00e1ln\u00ed astronaut<br \/>\n \u00a0<b>Otakar Folt\u00fdn<\/b>, d\u016fstojn\u00edk Arm\u00e1dy \u010cR, vojensk\u00e1 kancel\u00e1\u0159 prezidenta republiky<br \/>\n \u00a0<b>Jan Luka\u010devi\u010d<\/b>, v\u011bdec, \u010dlen poradn\u00edho t\u00fdmu gener\u00e1ln\u00edho tajemn\u00edka NATO<br \/>\n \u00a0<b>Tereza St\u00f6ckelov\u00e1<\/b>, sociolo\u017eka a v\u011bdkyn\u011b, Sociologick\u00fd \u00fastav AV \u010cR<\/p>\n<p> \ufe0f Diskuzi moderovala: <b>Marie Bastlov\u00e1<\/b>, moder\u00e1torka port\u00e1lu Seznam Zpr\u00e1vy<\/p>\n<p>Doporu\u010dujeme zhl\u00e9dnout z\u00e1znam z debaty, o jej\u00edm\u017e v\u00fdznamu hovo\u0159\u00ed i pozitivn\u00ed zp\u011btn\u00e1 vazba poslucha\u010d\u016f z pln\u011b obsazen\u00e9ho s\u00e1lu pra\u017esk\u00e9ho Opera.<span class=\"Apple-converted-space\">\u00a0<\/span><\/p>\n<p><iframe loading=\"lazy\" title=\"Spole\u010dnost 4.0: Geopolitick\u00e9 v\u00fdzvy 21. stolet\u00ed\" width=\"500\" height=\"281\" src=\"https:\/\/www.youtube.com\/embed\/qF-jCj0hXSc?feature=oembed\" frameborder=\"0\" allow=\"accelerometer; autoplay; clipboard-write; encrypted-media; gyroscope; picture-in-picture; web-share\" referrerpolicy=\"strict-origin-when-cross-origin\" allowfullscreen><\/iframe><\/p>\n<h2>Co za kl\u00ed\u010dov\u00e9 my\u0161lenky na akci zazn\u011blo?<\/h2>\n<p><b>Michael Romancov<\/b> hovo\u0159il o rozlo\u017een\u00ed mocensk\u00fdch sil. Zem\u011b kolektivn\u00edho z\u00e1padu dosahuj\u00ed minim\u00e1ln\u011b 50% sv\u011btov\u00e9ho hospod\u00e1\u0159sk\u00e9ho v\u00fdkonu a ot\u00e1zka zn\u00ed, zda-li to k zachov\u00e1n\u00ed na\u0161ich \u017eivotn\u00edch standard\u016f sta\u010d\u00ed. Nesta\u010d\u00ed. \u201eS\u00edla \u201enez\u00e1padn\u00edho sv\u011bta\u201c je v sou\u010dasn\u00e9 dob\u011b v\u00fdrazn\u011b v\u011bt\u0161\u00ed ne\u017e byla kdykoliv za posledn\u00edch 450 let\u201c. P\u0159ipomn\u011bl v\u00e1le\u010dnou historii, ze kter\u00e9 lze analyzovat, \u017ee nesta\u010d\u00ed, jak\u00e9 m\u00e1 zem\u011b v p\u0159\u00edpad\u011b vojensk\u00e9ho konfliktu bohatstv\u00ed, ale rozhoduje tzv. mobilizovateln\u00e9 bohatstv\u00ed &#8211; kolik jsme schopni a ochotni mobilizovat ve prosp\u011bch v\u00e1le\u010dn\u00e9ho \u00fasil\u00ed. \u201e\u010c\u00edm d\u0159\u00edve si to p\u0159ipust\u00edme, t\u00edm l\u00e9pe\u201c, apeloval ve sv\u00e9m \u00favodn\u00edm proslovu.<\/p>\n<p>Obavy nad t\u00edm, \u017ee v kontextu aktu\u00e1ln\u00edch hrozeb mobilizujeme nedostate\u010dn\u011b, vyj\u00e1d\u0159il ve sv\u00e9m projevu i <b>Petr Kol\u00e1\u0159<\/b>. Sv\u00e1 tvrzen\u00ed op\u00edral o sv\u00e9 zku\u0161enosti z diplomatick\u00e9 mise v USA a v Rusku a na p\u0159\u00edkladech z d\u011bjin analyzoval rusk\u00e9 vzorce chov\u00e1n\u00ed. K t\u011bm se pozd\u011bji v r\u00e1mci t\u00e9matu mezin\u00e1rodn\u00ed spolupr\u00e1ce vr\u00e1til i geopolitik Michael Romancov, kter\u00fd pouk\u00e1zal na to, \u017ee s Ruskem prokazateln\u011b nejde rozv\u00edjet dialog.<\/p>\n<p><b>Otakar Folt\u00fdn<\/b> p\u0159ipomn\u011bl, \u017ee bojujeme o sv\u00e9 z\u00e1kladn\u00ed hodnoty, na kter\u00fdch stoj\u00ed n\u00e1\u0161 sou\u010dasn\u00fd kvalitn\u00ed a pohodln\u00fd \u017eivot &#8211; svoboda, soucit, spravedlnost, d\u016fstojnost. \u201eHodnoty, kter\u00e9 v Rusku nemaj\u00ed \u017e\u00e1dn\u00fd v\u00fdznam, hodnoty, za kter\u00e9 Ukrajinci plat\u00ed krv\u00ed.\u201c K v\u00e1le\u010dn\u00e9 situaci na Ukrajin\u011b dodal: \u201eKonflikt na Ukrajin\u011b vyhr\u00e1la \u010c\u00edna, bez ohledu na to, jak dopadne\u201c. <span class=\"Apple-converted-space\">\u00a0<\/span><\/p>\n<p><b>Jan Luka\u010devi\u010d<\/b>, kter\u00fd je \u010dlenem poradn\u00edho t\u00fdmu gener\u00e1ln\u00edho tajemn\u00edka NATO, a tak\u00e9 z\u00e1stupce mlad\u0161\u00ed generace v panelu diskutuj\u00edc\u00edch, vnesl do debaty dal\u0161\u00ed nem\u00e9n\u011b t\u00ed\u017eiv\u00e9 t\u00e9ma klimatick\u00e9 zm\u011bny, jeliko\u017e st\u0159edn\u00ed a bl\u00edzk\u00fd v\u00fdchod vysych\u00e1 tempem, kter\u00e9 ji\u017e pravd\u011bpodobn\u011b nebudeme schopni zvr\u00e1tit a d\u016fsledkem bude masivn\u00ed migrace. \u201eI v Severoatlantick\u00e9 alianci berou toto v\u00e1\u017en\u011b a vn\u00edmaj\u00ed zm\u011bnu klimatu jako p\u016fvodce i jako n\u00e1sobi\u010de hrozeb.\u201c Otev\u0159el tak\u00e9 t\u00e9ma st\u00e1rnut\u00ed populace a demografick\u00fdch v\u00fdkyv\u016f a to i s ohledem na schopnost vyu\u017e\u00edv\u00e1n\u00ed modern\u00edch technologi\u00ed. \u201eBude se vytv\u00e1\u0159et v\u011bt\u0161\u00ed propast mezi t\u011bmi, co technologie um\u00ed vyu\u017e\u00edvat a t\u011bmi, co je vyu\u017e\u00edvat neum\u00ed &#8211; t\u011bmi, kter\u00e9 bude mo\u017eno ovliv\u0148ovat nap\u0159\u00edklad n\u00e1stroji generativn\u00ed AI.\u201c K t\u00e9matu technologi\u00ed a dezinformac\u00ed d\u00e1le uvedl: \u201eDostaneme se do situace, kdy nezanedbateln\u00e9 mno\u017estv\u00ed lid\u00ed nebude schopno rozli\u0161it p\u016fvod a pravdivost informac\u00ed, a to i ti vzd\u011blan\u00ed. Z\u00e1sadn\u00ed je si ale uv\u011bdomit, \u017ee velk\u00e1 v\u011bt\u0161ina na\u0161\u00ed populace nechce pravdu, chce, aby sv\u011bt d\u00e1val smysl,\u201c<\/p>\n<p>Sociologick\u00fdm pohledem do debaty p\u0159isp\u011bla <b>Tezera St\u00f6ckelov\u00e1, <\/b>kter\u00e1<span class=\"Apple-converted-space\">\u00a0 <\/span>v r\u00e1mci ozna\u010dov\u00e1n\u00ed \u201edobra a zla\u201c pouk\u00e1zala na nutnost vz\u00e1jemn\u00e9 spolupr\u00e1ce a porozum\u011bn\u00ed \u201eV prvn\u00edm kroku se mus\u00edme sna\u017eit pochopit, ne soudit, z \u010deho kter\u00e9 pozice a postoje vych\u00e1z\u00ed.\u201c Z hlediska sv\u00e9ho zam\u011b\u0159en\u00ed na sociologii v\u011bdy a technologi\u00ed z\u00e1rove\u0148 pova\u017euje za d\u016fle\u017eit\u00e9 si p\u0159ipomenout, \u017ee technologie p\u016fsob\u00ed na spole\u010dnost a formuj\u00ed geopolitiku, ale stejn\u011b tak geopolitika formuje technologick\u00fd v\u00fdvoj.<\/p>\n<p><b>Yemi A.D, <\/b>multidisciplin\u00e1rn\u00ed kreativec, zn\u00e1m\u00fd choreograf a \u00fa\u010dastn\u00edk mise dearMoon, vyj\u00e1d\u0159il sv\u016fj dojem, \u017ee se v m\u011bn\u00edc\u00edm prost\u0159ed\u00ed, m\u011bn\u00ed \u201ehra\u010dky\u201c, se kter\u00fdmi si hrajeme, ale jinak jde po stalet\u00ed o ty sam\u00e9 cykly. V\u011b\u0159\u00ed, \u017ee nejv\u011bt\u0161\u00ed v\u00fdzvy spo\u010d\u00edvaj\u00ed ve form\u011b lidsk\u00e9ho my\u0161len\u00ed s t\u00edm, \u017ee je nutn\u00e9 p\u0159estat \u201el\u00e9\u010dit\u201c symptomy a zam\u011b\u0159it se na p\u0159\u00ed\u010diny. M\u00e1me poznatky, studie, zn\u00e1me pravidla, p\u0159esto se kolob\u011bh st\u00e1le opakuje. \u201eM\u00e1me poprv\u00e9 v historii \u0161anci, se na to pod\u00edvat jinak. M\u00e1me v\u00edce v\u011bdomost\u00ed, m\u00e1me p\u0159\u00edstup k sob\u011b, jsme v\u0161ichni propojen\u00ed a m\u016f\u017eeme se d\u00edvat i na dal\u0161\u00ed mo\u017en\u00e9 sc\u00e9n\u00e1\u0159e, ne\u017e ty s nulov\u00fdm sou\u010dtem\u201c.<span class=\"Apple-converted-space\">\u00a0<\/span><\/p>\n<p>Jak se debata d\u00e1le rozv\u00edjela a \u017ee nechyb\u011bla pat\u0159i\u010dn\u00e1 d\u00e1vka nal\u00e9havosti, ale i smyslu pro humor, se m\u016f\u017eete pod\u00edvat ze z\u00e1znamu debaty. Debata m\u011bla d\u00edky siln\u00fdm osobnostem ve sv\u00fdch oborech jisk\u0159iv\u00fd n\u00e1boj, av\u0161ak \u0159e\u010dn\u00edci se i skrze odli\u0161n\u00e9 pohledy na diskutovan\u00e1 t\u00e9mata potk\u00e1vali ve vn\u00edm\u00e1n\u00ed priorit a hodnot demokratick\u00e9 spole\u010dnosti.<span class=\"Apple-converted-space\">\u00a0<\/span><\/p>\n<p>Z hodnot, kter\u00e9 v pr\u016fb\u011bhu zazn\u00edvaly, v z\u00e1v\u011bru vyp\u00edchl Otakar Folt\u00fdn soucit: \u201ePot\u0159ebujeme instituce, kter\u00e9 umo\u017en\u00ed, abychom soucit pou\u017e\u00edvali, a potom teprve budeme schopni \u0159e\u0161it probl\u00e9my. To znamen\u00e1, \u017ee mus\u00edme porazit re\u017eimy, kter\u00e9 soucit nemaj\u00ed.\u201c<\/p>\n<p>D\u011bkujeme v\u0161em \u00fa\u010dastn\u00edk\u016fm diskuze, kte\u0159\u00ed navzdory t\u011b\u017ek\u00fdm t\u00e9mat\u016fm a nevesel\u00fdm vyhl\u00eddk\u00e1m skrze v\u00e1le\u010dn\u00e9 konflikty, klimatick\u00e9 a technologick\u00e9 v\u00fdzvy a nerovnosti ve spole\u010dnosti, dok\u00e1zali vytvo\u0159it inspirativn\u00ed atmosf\u00e9ru a vyb\u00eddnout ke konkr\u00e9tn\u00edm \u0159e\u0161en\u00edm. D\u011bkujeme tak\u00e9 spoluorganiz\u00e1tor\u016fm <a href=\"https:\/\/www.linkedin.com\/company\/operoprague\/\" rel=\"noopener\"><b>OPERO<\/b><\/a> a <a href=\"https:\/\/www.linkedin.com\/company\/nadaceneuron\/\" rel=\"noopener\"><b>Nadace Neuron na podporu v\u011bdy<\/b><\/a>, na\u0161im podporovatel\u016fm <a href=\"https:\/\/www.linkedin.com\/company\/abra-software-a.s.\/\" rel=\"noopener\"><b>ABRA Software a.s.<\/b><\/a> a <a href=\"https:\/\/www.linkedin.com\/company\/t-mobile-czech-republic-a-s-\/\" rel=\"noopener\"><b>T-Mobile Czech Republic a.s.<\/b><\/a><b> <\/b>a t\u011b\u0161\u00edme se na dal\u0161\u00ed debatu <a href=\"https:\/\/www.aspeninstitutece.org\/cs\/program\/spolecnost-4-0\/\">z cyklu Spole\u010dnost 4.0.<\/a><\/p>\n","protected":false},"excerpt":{"rendered":"<p>Na Socrates semin\u00e1\u0159i, kter\u00fd se tentokr\u00e1t konal v Polsku, jsme p\u0159iv\u00edtali dvacet vedouc\u00edch p\u0159edstavitel\u016f z oblasti byznysu, diplomacie a nevl\u00e1dn\u00edch organizac\u00ed, aby se zam\u011b\u0159ili na nov\u00e9 perspektivy v tomto kl\u00ed\u010dov\u00e9m obdob\u00ed pro evropsk\u00e9 a transatlantick\u00e9 vztahy, kdy strategick\u00e1 konkurence st\u00e1le roste.<\/p>\n","protected":false},"featured_media":12930,"template":"","meta":{"_acf_changed":false},"news-tag":[],"class_list":["post-28853","news-article","type-news-article","status-publish","has-post-thumbnail","hentry"],"acf":[],"_links":{"self":[{"href":"https:\/\/www.aspeninstitutece.org\/cs\/wp-json\/wp\/v2\/news-article\/28853","targetHints":{"allow":["GET"]}}],"collection":[{"href":"https:\/\/www.aspeninstitutece.org\/cs\/wp-json\/wp\/v2\/news-article"}],"about":[{"href":"https:\/\/www.aspeninstitutece.org\/cs\/wp-json\/wp\/v2\/types\/news-article"}],"wp:featuredmedia":[{"embeddable":true,"href":"https:\/\/www.aspeninstitutece.org\/cs\/wp-json\/wp\/v2\/media\/12930"}],"wp:attachment":[{"href":"https:\/\/www.aspeninstitutece.org\/cs\/wp-json\/wp\/v2\/media?parent=28853"}],"wp:term":[{"taxonomy":"news-tag","embeddable":true,"href":"https:\/\/www.aspeninstitutece.org\/cs\/wp-json\/wp\/v2\/news-tag?post=28853"}],"curies":[{"name":"wp","href":"https:\/\/api.w.org\/{rel}","templated":true}]}}