{"id":28854,"date":"2024-01-25T00:00:00","date_gmt":"2024-01-24T23:00:00","guid":{"rendered":"https:\/\/aspeninstitutece.softmedia.cz\/news-article\/gratulujeme-milanu-vasinovi-k-jeho-nove-funkci-vedouciho-kancelare-prezidenta-republiky\/"},"modified":"2024-01-25T00:00:00","modified_gmt":"2024-01-24T23:00:00","slug":"gratulujeme-milanu-vasinovi-k-jeho-nove-funkci-vedouciho-kancelare-prezidenta-republiky","status":"publish","type":"news-article","link":"https:\/\/www.aspeninstitutece.org\/cs\/news-article\/gratulujeme-milanu-vasinovi-k-jeho-nove-funkci-vedouciho-kancelare-prezidenta-republiky\/","title":{"rendered":"Gratulujeme Milanu Va\u0161inovi k jeho nov\u00e9 funkci vedouc\u00edho Kancel\u00e1\u0159e prezidenta republiky!"},"content":{"rendered":"<p><strong>Praha, 25. ledna 2024<\/strong><\/p>\n<p><span style=\"font-weight: 400;\">Dosavadn\u00ed \u0159editel Aspen Institute Central Europe <a href=\"https:\/\/www.aspeninstitutece.org\/cs\/people-profile\/milan-vasina\/\">Milan Va\u0161ina<\/a> se rozhodl p\u0159ijmout novou pracovn\u00ed v\u00fdzvu a stane se vedouc\u00edm Kancel\u00e1\u0159e prezidenta republiky. Milanovi za jeho pr\u00e1ci pro Aspen Institute Central Europe d\u011bkujeme a p\u0159ejeme mu do dal\u0161\u00ed pracovn\u00ed etapy v\u0161e nejlep\u0161\u00ed.\u00a0<\/span><\/p>\n<p>Milan Va\u0161ina se role v\u00fdkonn\u00e9ho \u0159editele Aspen Institute Central Europe ujal v kv\u011btnu 2020. \u201eMoje rozhodnut\u00ed souvis\u00ed s nab\u00eddkou od prezidenta Petra Pavla, kter\u00fd mi nab\u00eddl post vedouc\u00edho Kancel\u00e1\u0159e prezidenta republiky. Je to obrovsk\u00e1 \u010dest a velk\u00fd z\u00e1vazek, kter\u00fd jsem se po pe\u010dliv\u00e9m zv\u00e1\u017een\u00ed s ve\u0161kerou pokorou rozhodl p\u0159ijmout. Posledn\u00ed \u010dty\u0159i roky v Aspen Institute Central Europe byly velmi napl\u0148uj\u00edc\u00ed a obohacuj\u00edc\u00ed, podpora demokratick\u00fdch hodnot a otev\u0159en\u00e9ho dialogu v na\u0161em regionu je d\u016fle\u017eitou mis\u00ed, kterou chci podporovat i nad\u00e1le,\u201c okomentoval svoje rozhodnut\u00ed Milan Va\u0161ina.<\/p>\n<p>Milanovi pogratuloval zakladatel Aspen Institute Central Europe <a href=\"https:\/\/www.aspeninstitutece.org\/cs\/people-profile\/ivan-hodac\/\">Ivan Hod\u00e1\u010d<\/a>: \u201eBlahop\u0159eji Milanovi ke jmenov\u00e1n\u00ed do nov\u00e9 funkce, kter\u00e1 je p\u0159irozen\u00fdm vy\u00fast\u011bn\u00edm jeho dlouholet\u00fdch mana\u017eersk\u00fdch zku\u0161enost\u00ed a vysok\u00e9ho nasazen\u00ed s c\u00edlem podporovat demokratickou spole\u010dnost a d\u016fv\u011bru v n\u00ed. Velmi si v\u00e1\u017e\u00edm toho, jak um\u00ed podpo\u0159it a ocenit pr\u00e1ci sv\u00e9ho t\u00fdmu, a \u017ee rozvinul aktivity Aspen Institute CE na mezin\u00e1rodn\u00ed \u00farovni.\u201d<\/p>\n<p>Sv\u00e9 pod\u011bkov\u00e1n\u00ed a p\u0159\u00e1n\u00ed v\u0161eho dobr\u00e9ho p\u0159idal i p\u0159edseda spr\u00e1vn\u00ed rady <a href=\"https:\/\/www.aspeninstitutece.org\/cs\/people-profile\/pavel-rehak\/\">Pavel \u0158eh\u00e1k<\/a>: \u201eMilan je zku\u0161en\u00fd mana\u017eer a sv\u00e9 veden\u00ed stav\u00ed na hodnot\u00e1ch, jako je up\u0159\u00edmnost, etick\u00e9 jedn\u00e1n\u00ed a respekt. V roli \u0159editele Aspen Institute CE, jeho\u017e kl\u00ed\u010dov\u00fdm programem je hodnotov\u00fd leadership, tak byl nejen jeho p\u0159edstavitelem, ale i nositelem. P\u0159ejeme mu v jeho dal\u0161\u00edch kroc\u00edch hodn\u011b \u00fasp\u011bch\u016f.\u201c<\/p>\n<p>O tom, kdo Milana Va\u0161inu ve funkci \u0159editele Aspen Institute Central Europe nahrad\u00ed, rozhodne spr\u00e1vn\u00ed rada bez zbyte\u010dn\u00e9ho prodlen\u00ed a bezprost\u0159edn\u011b pot\u00e9 v\u00e1s budeme informovat.<\/p>\n<p><br style=\"font-weight: 400;\" \/><br style=\"font-weight: 400;\" \/><br style=\"font-weight: 400;\" \/><br style=\"font-weight: 400;\" \/><\/p>\n","protected":false},"excerpt":{"rendered":"<p>Dosavadn\u00ed \u0159editel Aspen Institute Central Europe Milan Va\u0161ina se rozhodl p\u0159ijmout novou pracovn\u00ed v\u00fdzvu a stane se vedouc\u00edm Kancel\u00e1\u0159e prezidenta republiky.<\/p>\n","protected":false},"featured_media":12949,"template":"","meta":{"_acf_changed":false},"news-tag":[],"class_list":["post-28854","news-article","type-news-article","status-publish","has-post-thumbnail","hentry"],"acf":[],"_links":{"self":[{"href":"https:\/\/www.aspeninstitutece.org\/cs\/wp-json\/wp\/v2\/news-article\/28854","targetHints":{"allow":["GET"]}}],"collection":[{"href":"https:\/\/www.aspeninstitutece.org\/cs\/wp-json\/wp\/v2\/news-article"}],"about":[{"href":"https:\/\/www.aspeninstitutece.org\/cs\/wp-json\/wp\/v2\/types\/news-article"}],"wp:featuredmedia":[{"embeddable":true,"href":"https:\/\/www.aspeninstitutece.org\/cs\/wp-json\/wp\/v2\/media\/12949"}],"wp:attachment":[{"href":"https:\/\/www.aspeninstitutece.org\/cs\/wp-json\/wp\/v2\/media?parent=28854"}],"wp:term":[{"taxonomy":"news-tag","embeddable":true,"href":"https:\/\/www.aspeninstitutece.org\/cs\/wp-json\/wp\/v2\/news-tag?post=28854"}],"curies":[{"name":"wp","href":"https:\/\/api.w.org\/{rel}","templated":true}]}}