{"id":28863,"date":"2024-05-21T00:00:00","date_gmt":"2024-05-20T22:00:00","guid":{"rendered":"https:\/\/aspeninstitutece.softmedia.cz\/news-article\/nato-youth-summit-watch-party\/"},"modified":"2024-05-21T00:00:00","modified_gmt":"2024-05-20T22:00:00","slug":"nato-youth-summit-watch-party","status":"publish","type":"news-article","link":"https:\/\/www.aspeninstitutece.org\/cs\/news-article\/nato-youth-summit-watch-party\/","title":{"rendered":"NATO Youth Summit Watch Party"},"content":{"rendered":"<p>NATO Watch Party se konala ve spolupr\u00e1ci s <strong>Karlovou Univerzitou<\/strong> u p\u0159\u00edle\u017eitosti <a href=\"https:\/\/natoyouthsummit.com\/\" rel=\"noopener\">NATO Youth Summit 2024<\/a>. B\u011bhem akce m\u011bli \u00fa\u010dastn\u00edci mo\u017enost debatovat se z\u00e1stupci St\u00e1l\u00e9 delegace \u010cR p\u0159i NATO a sledovat p\u0159\u00edm\u00fd p\u0159enos s gener\u00e1ln\u00edm tajemn\u00edkem NATO Jensem Stoltenbergem.<\/p>\n<p>V\u011bnovali jsme se r\u016fzn\u00fdm bezpe\u010dnostn\u00edm t\u00e9mat\u016fm, v\u010detn\u011b 75. v\u00fdro\u010d\u00ed od zalo\u017een\u00ed NATO a jeho historii, posl\u00e1n\u00ed a roli. Diskutovali jsme o podpo\u0159e Ukrajiny, rozvoji technologi\u00ed, o zm\u011bn\u011b klimatu a jak\u00e9 hrozby p\u0159edstavuj\u00ed\u00a0dezinformace\u00a0pro kolektivn\u00ed bezpe\u010dnost.<\/p>\n<p><strong>Matti Tet\u0159ev, politick\u00fd diplomat St\u00e1l\u00e9 delegace \u010cesk\u00e9 republiky p\u0159i NATO<\/strong>, n\u00e1s sezn\u00e1mil s aktivitami\u00a0NATO a z\u00e1sadn\u00edmi bezpe\u010dnostn\u00edmi t\u00e9maty, v\u010detn\u011b roz\u0161\u00ed\u0159en\u00ed NATO, kybernetick\u00e9 bezpe\u010dnosti, zm\u011bny klimatu a \u0161\u00ed\u0159en\u00ed dezinformac\u00ed. Zm\u00ednil se tak\u00e9 o st\u00e1\u017e\u00edch, kter\u00e9 jsou skv\u011blou p\u0159\u00edle\u017eitost\u00ed, jak se dozv\u011bd\u011bt o NATO v\u00edce a nasm\u011brovat svou kari\u00e9ru.<\/p>\n<p><strong>\u010cesk\u00fd velvyslanec p\u0159i NATO Jakub Landovsk\u00fd<\/strong> hovo\u0159il o nasazen\u00ed\u00a0NATO v reakci na glob\u00e1ln\u00ed ud\u00e1losti a o v\u00fdznamu Youth Summitu jako platformy pro zapojen\u00ed mlad\u00fdch lid\u00ed do bezpe\u010dnostn\u00edch t\u00e9mat a hodnot, kter\u00e9 reprezentuje.<\/p>\n<p><strong>Gener\u00e1ln\u00ed tajemn\u00edk NATO Jens Stoltenberg<\/strong> nav\u00e1zal na t\u00e9mata\u00a0hrozeb, kter\u00fdm spojenci \u010del\u00ed, a zd\u016fraznil v\u00fdznam jednoty p\u0159i \u010delen\u00ed sou\u010dasn\u00fdm v\u00fdzv\u00e1m. Stoltenberg zhodnotil konflikt na Ukrajin\u011b a jejich podporu v r\u00e1mci p\u0159edch\u00e1zen\u00ed dal\u0161\u00ed eskalace jako jednu z nejd\u016fle\u017eit\u011bj\u0161\u00edch a nejv\u011bt\u0161\u00edch v\u00fdzev aliance.<\/p>\n<p>D\u011bkujeme na\u0161im partner\u016fm za podporu a na\u0161im Aspen Young Leaders Alumni <strong>Marku Bi\u010danovi, Jakubovi Dov\u010d\u00edkovi a Patriku Jur\u00e1nkovi<\/strong> za aktivn\u00ed \u00fa\u010dast na summitu!<\/p>\n","protected":false},"excerpt":{"rendered":"<p>NATO Watch Party se konala ve spolupr\u00e1ci s Karlovou Univerzitou u p\u0159\u00edle\u017eitosti NATO Youth Summit 2024. B\u011bhem akce m\u011bli \u00fa\u010dastn\u00edci mo\u017enost debatovat se z\u00e1stupci St\u00e1l\u00e9 delegace \u010cR p\u0159i NATO.<\/p>\n","protected":false},"featured_media":12974,"template":"","meta":{"_acf_changed":false},"news-tag":[],"class_list":["post-28863","news-article","type-news-article","status-publish","has-post-thumbnail","hentry"],"acf":[],"_links":{"self":[{"href":"https:\/\/www.aspeninstitutece.org\/cs\/wp-json\/wp\/v2\/news-article\/28863","targetHints":{"allow":["GET"]}}],"collection":[{"href":"https:\/\/www.aspeninstitutece.org\/cs\/wp-json\/wp\/v2\/news-article"}],"about":[{"href":"https:\/\/www.aspeninstitutece.org\/cs\/wp-json\/wp\/v2\/types\/news-article"}],"wp:featuredmedia":[{"embeddable":true,"href":"https:\/\/www.aspeninstitutece.org\/cs\/wp-json\/wp\/v2\/media\/12974"}],"wp:attachment":[{"href":"https:\/\/www.aspeninstitutece.org\/cs\/wp-json\/wp\/v2\/media?parent=28863"}],"wp:term":[{"taxonomy":"news-tag","embeddable":true,"href":"https:\/\/www.aspeninstitutece.org\/cs\/wp-json\/wp\/v2\/news-tag?post=28863"}],"curies":[{"name":"wp","href":"https:\/\/api.w.org\/{rel}","templated":true}]}}