{"id":11473,"date":"2020-03-31T00:00:00","date_gmt":"2020-03-30T22:00:00","guid":{"rendered":"https:\/\/aspeninstitutece.softmedia.cz\/press-article\/vedeni-aspen-institute-central-europe-se-ujme-milan-vasina\/"},"modified":"2024-11-25T21:48:06","modified_gmt":"2024-11-25T20:48:06","slug":"vedeni-aspen-institute-central-europe-se-ujme-milan-vasina","status":"publish","type":"press-article","link":"https:\/\/www.aspeninstitutece.org\/cs\/press-article\/vedeni-aspen-institute-central-europe-se-ujme-milan-vasina\/","title":{"rendered":"Veden\u00ed Aspen Institute Central Europe se ujme Milan Va\u0161ina"},"content":{"rendered":"<p><strong>PRAHA (31. b\u0159ezna 2020) \u2013 Nov\u00fdm v\u00fdkonn\u00fdm \u0159editelem Aspen Institute Central Europe (AICE) se stane\u00a0Milan Va\u0161ina\u00a0(51). Od kv\u011btna 2020 se zapoj\u00ed do veden\u00ed institutu a po p\u0159evzet\u00ed v\u0161ech n\u00e1le\u017eitost\u00ed nahrad\u00ed Ji\u0159\u00edho Schneidera, kter\u00fd ve veden\u00ed institutu bude p\u016fsobit do konce \u010dervna. N\u011bkolik n\u00e1sleduj\u00edc\u00edch t\u00fddn\u016f oba spole\u010dn\u011b v\u011bnuj\u00ed p\u0159\u00edprav\u011b podzimn\u00edho programu institutu a jedn\u00e1n\u00edm s\u00a0jeho kl\u00ed\u010dov\u00fdmi odborn\u00fdmi partnery a sponzory.<\/strong><\/p>\n<p>Milan Va\u0161ina p\u0159ich\u00e1z\u00ed do AICE z\u00a0mana\u017eersk\u00e9ho prost\u0159ed\u00ed. Rod\u00e1k z\u00a0P\u0159erova str\u00e1vil v\u011bt\u0161inu sv\u00e9 profesn\u00ed dr\u00e1hy v\u00a0telekomunikac\u00edch. Za\u010d\u00ednal jako \u0161\u00e9f marketingov\u00e9 komunikace Radiomobilu, jen\u017e na \u010desk\u00fd trh p\u0159inesl zna\u010dku mobiln\u00edho oper\u00e1tora Paegas. Sv\u00e9mu zam\u011bstnavateli z\u016fstal v\u011brn\u00fd po dal\u0161\u00edch v\u00edce ne\u017e dvacet let \u2013 postupn\u011b p\u016fsobil jako \u0159editel marketingu a n\u00e1sledn\u011b gener\u00e1ln\u00ed \u0159editel slovensk\u00e9ho mobiln\u00edho oper\u00e1tora T\u2013Mobile, respektive Slovak Telecom. Od roku 2011 byl gener\u00e1ln\u00edm \u0159editelem \u010desk\u00e9ho T-Mobile. Od odchodu z\u00a0vrcholov\u00e9ho managementu v\u00a0roce 2018 p\u016fsob\u00ed jako konzultant a kou\u010d.<\/p>\n<p><i>\u201e<\/i><em>Na spolupr\u00e1ci s\u00a0Milanem se vylo\u017een\u011b t\u011b\u0161\u00edme. Jeho bohat\u00e9 zku\u0161enosti z\u00a0prost\u0159ed\u00ed nadn\u00e1rodn\u00edch korporac\u00ed budou pro jeho roli v\u00a0\u010dele institutu velmi u\u017eite\u010dn\u00e9<\/em>,\u201c komentuje v\u00fdb\u011br p\u0159edseda spr\u00e1vn\u00ed rady institutu Ivan Hod\u00e1\u010d. \u201e<i>O\u010dek\u00e1v\u00e1me od n\u011bj, \u017ee nav\u00e1\u017ee na pr\u00e1ci sv\u00e9ho p\u0159edch\u016fdce a posune aktivity institutu je\u0161t\u011b d\u00e1l sm\u011brem k\u00a0roli nep\u0159ehl\u00e9dnuteln\u00e9 platformy pro praktickou diskusi o spole\u010densk\u00e9m a ekonomick\u00e9m sm\u011b\u0159ov\u00e1n\u00ed na\u0161eho regionu, co\u017e se nyn\u00ed st\u00e1v\u00e1 aktu\u00e1ln\u011bj\u0161\u00ed v\u00edc ne\u017e kdykoli p\u0159edt\u00edm,<\/i>\u201c dod\u00e1v\u00e1 Hod\u00e1\u010d.<\/p>\n<p><i>\u201e<\/i><em>Pr\u00e1ci institutu sleduji u\u017e del\u0161\u00ed dobu a jsem r\u00e1d, \u017ee k\u00a0n\u00ed mohu nyn\u00ed p\u0159isp\u011bt i vlastn\u00ed trochou. Aspen Institute je d\u00edky sv\u00e9mu zalo\u017een\u00ed i dosavadn\u00edm v\u00fdsledk\u016fm perfektn\u011b p\u0159ipraven b\u00fdt d\u011bji\u0161t\u011bm odborn\u00e9 a apolitick\u00e9 debaty o tom, jak zem\u011b na\u0161eho regionu co nejrychleji vyl\u00e9\u010dit ze \u0161kod, kter\u00e9 jim zp\u016fsobil a je\u0161t\u011b zp\u016fsob\u00ed nyn\u011bj\u0161\u00ed celosv\u011btov\u00fd boj s\u00a0virem<\/em>,\u201c \u0159\u00edk\u00e1 Milan Va\u0161ina. <i>\u201eJi\u0159\u00ed Schneider ud\u011blal v\u00a0\u010dele institutu velk\u00fd kus pr\u00e1ce, vn\u00edm\u00e1m to jako z\u00e1vazek pro sebe i cel\u00fd t\u00fdm do budoucna<\/i>,\u201c dod\u00e1v\u00e1 Va\u0161ina.<\/p>\n<p>Milan Va\u0161ina je absolventem Provozn\u011b ekonomick\u00e9 fakulty Mendelovy univerzity v\u00a0Brn\u011b. Je \u010dlenem spr\u00e1vn\u00ed rady nadace Dobr\u00fd and\u011bl a \u010dlenem V\u011bdeck\u00e9 rady Fakulty podnikohospod\u00e1\u0159sk\u00e9 Vysok\u00e9 \u0161koly ekonomick\u00e9 v\u00a0Praze.<\/p>\n<p>&#8211;<\/p>\n<h5><strong><u>O Aspen Institute Central Europe<\/u><\/strong><\/h5>\n<h5>Aspen Institute Central Europe je obecn\u011b prosp\u011b\u0161n\u00e1 spole\u010dnost se s\u00eddlem v Praze, kter\u00e1 je od roku 2012 st\u0159edoevropsk\u00fdm partnerem glob\u00e1ln\u00ed s\u00edt\u011b Aspen Institute. Slou\u017e\u00ed jako neideologick\u00e1 platforma, kde se mohou setk\u00e1vat p\u0159edstavitel\u00e9 politiky, neziskov\u00e9ho sektoru, byznysu a tak\u00e9 osobnosti z oblasti um\u011bn\u00ed, sportu \u010di v\u011bdy. C\u00edlem AICE je rozv\u00edjet mezioborovou spolupr\u00e1ci a podporovat st\u0159edoevropsk\u00e9 l\u00eddry z\u00a0r\u016fzn\u00fdch oblast\u00ed v jejich osobn\u00edm a profesn\u00edm v\u00fdvoji.<\/h5>\n","protected":false},"excerpt":{"rendered":"<p>PRAHA (31. b\u0159ezna 2020) \u2013 Nov\u00fdm v\u00fdkonn\u00fdm \u0159editelem Aspen Institute Central Europe (AICE) se stane\u00a0Milan Va\u0161ina\u00a0(51). Od kv\u011btna 2020 se zapoj\u00ed do veden\u00ed institutu a po p\u0159evzet\u00ed v\u0161ech n\u00e1le\u017eitost\u00ed nahrad\u00ed Ji\u0159\u00edho Schneidera, kter\u00fd ve veden\u00ed institutu bude p\u016fsobit do konce \u010dervna. N\u011bkolik n\u00e1sleduj\u00edc\u00edch t\u00fddn\u016f oba spole\u010dn\u011b v\u011bnuj\u00ed p\u0159\u00edprav\u011b podzimn\u00edho programu institutu a jedn\u00e1n\u00edm s\u00a0jeho kl\u00ed\u010dov\u00fdmi [&hellip;]<\/p>\n","protected":false},"featured_media":11474,"template":"","meta":{"_acf_changed":false},"class_list":["post-11473","press-article","type-press-article","status-publish","has-post-thumbnail","hentry"],"acf":[],"_links":{"self":[{"href":"https:\/\/www.aspeninstitutece.org\/cs\/wp-json\/wp\/v2\/press-article\/11473","targetHints":{"allow":["GET"]}}],"collection":[{"href":"https:\/\/www.aspeninstitutece.org\/cs\/wp-json\/wp\/v2\/press-article"}],"about":[{"href":"https:\/\/www.aspeninstitutece.org\/cs\/wp-json\/wp\/v2\/types\/press-article"}],"wp:featuredmedia":[{"embeddable":true,"href":"https:\/\/www.aspeninstitutece.org\/cs\/wp-json\/wp\/v2\/media\/11474"}],"wp:attachment":[{"href":"https:\/\/www.aspeninstitutece.org\/cs\/wp-json\/wp\/v2\/media?parent=11473"}],"curies":[{"name":"wp","href":"https:\/\/api.w.org\/{rel}","templated":true}]}}