{"id":11488,"date":"2021-01-28T00:00:00","date_gmt":"2021-01-27T23:00:00","guid":{"rendered":"https:\/\/aspeninstitutece.softmedia.cz\/press-article\/ai-v-cesku-lepsi-nez-si-myslite-expertni-diskuse-na-tema-umele-inteligence\/"},"modified":"2024-11-25T17:15:23","modified_gmt":"2024-11-25T16:15:23","slug":"ai-v-cesku-lepsi-nez-si-myslite-expertni-diskuse-na-tema-umele-inteligence","status":"publish","type":"press-article","link":"https:\/\/www.aspeninstitutece.org\/cs\/press-article\/ai-v-cesku-lepsi-nez-si-myslite-expertni-diskuse-na-tema-umele-inteligence\/","title":{"rendered":"AI v \u010cesku. Lep\u0161\u00ed, ne\u017e si mysl\u00edte! Expertn\u00ed diskuse na t\u00e9ma um\u011bl\u00e9 inteligence"},"content":{"rendered":"<p><strong>Ve st\u0159edu 27. ledna 2021 se konala v\u00fdjime\u010dn\u00e1 online debata o um\u011bl\u00e9 inteligenci, kterou Aspen Institute Central Europe uspo\u0159\u00e1dal ve spolupr\u00e1ci s\u00a0den\u00edkem E15. C\u00edlem panelov\u00e9 diskuse, kter\u00e9 se z\u00fa\u010dastnili \u0161pi\u010dkov\u00ed odborn\u00edci na oblast AI, bylo demystifikovat pojem um\u011bl\u00e9 inteligence a roz\u0161\u00ed\u0159it pov\u011bdom\u00ed o jej\u00ed prosp\u011b\u0161nosti pro \u0161irokou ve\u0159ejnost. <\/strong><\/p>\n<p>Jedn\u00edm ze st\u011b\u017eejn\u00edch bod\u016f diskuse byly p\u0159ek\u00e1\u017eky, kter\u00fdm AI v\u00a0\u010cesku \u010del\u00ed. Diskutuj\u00edc\u00ed kladli d\u016fraz na multidisciplin\u00e1rn\u00ed p\u0159\u00edstup k\u00a0AI a nutnost spolupr\u00e1ce mezi st\u00e1tn\u00ed, soukromou a akademickou sf\u00e9rou. Odborn\u00edci se hned v\u00a0\u00favodu shodli, \u017ee \u010cesko m\u00e1 potenci\u00e1l st\u00e1t se sv\u011btovou velmoc\u00ed v\u00a0oblasti um\u011bl\u00e9 inteligence a \u017ee rozhodn\u011b nem\u00e1me nouzi o talenty. Spole\u010dn\u011b se potom sna\u017eili zodpov\u011bd\u011bt ot\u00e1zku, kter\u00e9 kroky je nutn\u00e9 podniknout, abychom byli schopni sv\u00e9 dovednosti prodat a stali se sv\u011btov\u00fdm superhubem um\u011bl\u00e9 inteligence.<\/p>\n<p>Online diskusi zah\u00e1jila moder\u00e1torka <strong>Sara Polak, z\u00e1stupkyn\u011b prg.ai a absolventka Aspen Young Leaders Programu,<\/strong> a o \u00favodn\u00ed slovo se postaral <strong>Milan Va\u0161ina, v\u00fdkonn\u00fd \u0159editel Aspen Institute CE<\/strong>. Zd\u016fraznil p\u0159edev\u0161\u00edm u\u017eite\u010dnost AI nap\u0159\u00ed\u010d odv\u011btv\u00edmi a nutnost zbavit se skepticismu a strachu ve\u0159ejnosti z\u00a0um\u011bl\u00e9 inteligence.<\/p>\n<p><strong>Daria Hv\u00ed\u017e\u010falov\u00e1, partnerka Mainware a JHV Engineering,<\/strong> v\u00a0kostce p\u0159edstavila \u010deskou \u010d\u00e1st srovn\u00e1vac\u00ed studie s n\u00e1zvem Um\u011bl\u00e1 inteligence ve ve\u0159ejn\u00e9m a soukrom\u00e9m sektoru v\u00a0Polsku a \u010cesk\u00e9 republice, kter\u00e1 vznikla ve spolupr\u00e1ci\u00a0Aspen Institute CE s polsk\u00fdm Centrum Stosunk\u00f3w Mi\u0119dzynarodowych. V\u00a0r\u00e1mci prezentace p\u0159edstavila celou \u0159adu zaj\u00edmav\u00fdch p\u0159\u00edklad\u016f vyu\u017eit\u00ed um\u011bl\u00e9 inteligence ve zdravotnictv\u00ed a ve\u0159ejn\u00e9m sektoru, jako je nap\u0159\u00edklad identifikace osob p\u00e1chaj\u00edc\u00edch trestnou \u010dinnost nebo prevence dekubit\u016f.\u00a0 Uvedla i n\u011bkolik doporu\u010den\u00ed plynouc\u00edch z\u00a0v\u00fdsledk\u016f studie pro v\u00fdvoj AI v\u00a0\u010desk\u00e9m prost\u0159ed\u00ed \u2013 dostupnost dat, jejich mno\u017estv\u00ed a kvalita, podpora ve\u0159ejn\u00e9 diskuse a jednotn\u00fd v\u00fdklad pr\u00e1vn\u00ed doktr\u00edny, p\u0159ipravenost na zm\u011bny na trhu pr\u00e1ce a podpora lok\u00e1ln\u00edho know-how.<\/p>\n<p><strong>Jakub Ne\u0161e\u0159il, zakladatel a CEO \u010cesko.digital,<\/strong> pouk\u00e1zal na fakt, \u017ee u\u017e nyn\u00ed pat\u0159\u00ed \u010cesk\u00e1 republika mezi nejlep\u0161\u00ed zem\u011b v\u00a0oblasti um\u011bl\u00e9 inteligence. Prioritou by se podle n\u011bj m\u011bla st\u00e1t podpora \u010desk\u00e9ho digit\u00e1ln\u00edho byznysu a z\u00e1kladn\u00edho v\u00fdzkumu, z\u00a0n\u011bho\u017e by m\u011bly vzej\u00edt produkty s\u00a0p\u0159idanou hodnotou. Ne\u0161et\u0159il v\u011b\u0159\u00ed, \u017ee by se vyu\u017eit\u00ed na\u0161eho technologick\u00e9ho bohatstv\u00ed m\u011blo st\u00e1t celon\u00e1rodn\u00edm z\u00e1jmem.<\/p>\n<p>O sv\u016fj pohled na problematiku AI se pod\u011blil i <strong>Pavel Kord\u00edk, prod\u011bkan pro spolupr\u00e1ci s\u00a0pr\u016fmyslem na \u010cVUT a spoluzakladatel Recombee a UNICO.AI<\/strong>. Podle n\u011bj je jak\u00e1koliv oblast pr\u016fmyslu vhodn\u00e1 k\u00a0zaveden\u00ed AI inovac\u00ed, d\u00edky nim\u017e se m\u016f\u017eeme st\u00e1t konkurenceschopn\u00ed. Schopnost aplikovat um\u011blou inteligenci p\u0159itom bude dle jeho n\u00e1zoru rozhodovat o tom, jak si jako st\u00e1t v\u00a0budoucnu povedeme.<\/p>\n<p><strong>Tom\u00e1\u0161 Mikolov, senior researcher p\u0159i CIIRC \u010cVUT,<\/strong> kter\u00fd s\u00e1m nasb\u00edral dlouholet\u00e9 zku\u0161enosti v\u00a0zahrani\u010d\u00ed, zd\u016fraznil, \u017ee a\u010dkoliv m\u00e1me spoustu mlad\u00fdch talent\u016f, p\u0159ij\u00edm\u00e1n\u00ed um\u011bl\u00e9 inteligence jako sou\u010d\u00e1sti \u017eivota je st\u00e1le slab\u00e9 a je s\u00a0ohledem na budoucnost nutn\u00e9 zapracovat hlavn\u011b na vn\u00edm\u00e1n\u00ed potenci\u00e1lu AI. I proto podle <strong>Marka Rosy, zakladatele, CEO a CTO GoodAI a Keen Software House,<\/strong> mus\u00edme vzbudit v\u00a0mlad\u00fdch talentech odvahu neb\u00e1t se riskovat a d\u00e1vat si u\u017e v\u00a0r\u00e1mci z\u00e1kladn\u00edho v\u00fdzkumu vy\u0161\u0161\u00ed c\u00edle.<\/p>\n<p>Debata se sto\u010dila rovn\u011b\u017e k\u00a0t\u00e9matu odlivu talent\u016f do zahrani\u010d\u00ed. Podle<strong> Michala P\u011bchou\u010dka, CTO spole\u010dnosti Avast a profesora \u010cVUT,<\/strong> se ho ale nen\u00ed t\u0159eba ob\u00e1vat. Naopak v\u011b\u0159\u00ed, \u017ee je nutn\u00e9, aby \u010ce\u0161i posb\u00edrali co nejv\u00edce zahrani\u010dn\u00edch zku\u0161enost\u00ed. St\u011b\u017eejn\u00ed v\u0161ak potom je navazovat a udr\u017eovat vztahy s\u00a0\u010desk\u00fdmi odborn\u00edky p\u016fsob\u00edc\u00edmi v\u00a0cizin\u011b a pracovat na tom, abychom jim mohli nab\u00eddnout dobr\u00e9 podm\u00ednky pro n\u00e1vrat do vlasti.<\/p>\n<p><strong>Pavel Kord\u00edk <\/strong>m\u00e1 za to, \u017ee v\u00a0\u010cesku m\u00e1me celou \u0159adu zaj\u00edmav\u00fdch spole\u010dnost\u00ed, kter\u00e9 nab\u00edz\u00ed odborn\u00edk\u016fm po n\u00e1vratu ze zahrani\u010d\u00ed mo\u017enost vyu\u017e\u00edt nabyt\u00fdch dovednost\u00ed. Jako probl\u00e9m vid\u00ed nedostatek a nedostupnost financ\u00ed pro nad\u0161en\u00e9 a \u0161ikovn\u00e9 studenty, kte\u0159\u00ed nemaj\u00ed jak vytvo\u0159it prototypy sv\u00fdch mnohdy pr\u016fkopnick\u00fdch n\u00e1pad\u016f.<\/p>\n<p>Z\u00a0diskuse tedy vyplynulo, \u017ee \u010cesk\u00e1 republika rozhodn\u011b netrp\u00ed nedostatkem odborn\u00edk\u016f. Probl\u00e9m vid\u00ed experti zejm\u00e9na ve financov\u00e1n\u00ed \u010desk\u00fdch startup\u016f, kter\u00e9 nemaj\u00ed dostate\u010dnou podporu z\u00a0ve\u0159ejn\u00fdch zdroj\u016f a kv\u016fli tomu se nemohou rozr\u016fst do rozm\u011br\u016f technologick\u00fdch gigant\u016f jako jinde ve sv\u011bt\u011b. <strong>Tom\u00e1\u0161 Mikolov<\/strong> uvedl, \u017ee nejv\u011bt\u0161\u00ed rozd\u00edl mezi USA a Evropou vid\u00ed v tom, \u017ee v USA financuj\u00ed i startupy, kter\u00e9 nejsou v\u00fdd\u011ble\u010dn\u00e9 bezprost\u0159edn\u011b. To jim d\u00e1v\u00e1 v\u011bt\u0161\u00ed \u0161anci vyr\u016fst do v\u011bt\u0161\u00edch rozm\u011br\u016f. K\u00a0rovnocenn\u00fdm podm\u00ednk\u00e1m by mohly p\u0159isp\u011bt, krom zalo\u017een\u00ed fondu pro financov\u00e1n\u00ed men\u0161\u00edch projekt\u016f, rovn\u011b\u017e regulace v\u00a0oblasti AI.<\/p>\n<p>V\u00a0z\u00e1v\u011bru panelov\u00e9 debaty do\u0161la \u0159e\u010d i na v\u0161eobecnou obavu o pracovn\u00ed m\u00edsta a nahrazov\u00e1n\u00ed lidsk\u00e9 pr\u00e1ce AI technologiemi. <strong>Pavel Kord\u00edk<\/strong> je pevn\u011b p\u0159esv\u011bd\u010den, \u017ee ztr\u00e1ty pracovn\u00edch m\u00edst se nen\u00ed t\u0159eba ob\u00e1vat. Budeme ale muset b\u00fdt kreativn\u011bj\u0161\u00ed a p\u0159eorientovat se tak, abychom potenci\u00e1l um\u011bl\u00e9 inteligence dok\u00e1zali vyt\u011b\u017eit na maximum a aby um\u011bl\u00e1 inteligence slou\u017eila n\u00e1m a ne naopak.<\/p>\n<p><strong>Sara Polak<\/strong> uzav\u0159ela debatu v\u00fdzvou, aby se \u010ce\u0161i neb\u00e1li m\u00edt zdrav\u00e9 sebev\u011bdom\u00ed nap\u0159\u00ed\u010d odv\u011btv\u00edmi s\u00a0d\u016frazem na oblast um\u011bl\u00e9 inteligence. AI je jen dal\u0161\u00ed technologi\u00ed ve v\u00fdvoji lidstva, kter\u00e1 n\u00e1s m\u016f\u017ee vyv\u00e9st ze sou\u010dasn\u00e9 krize a zabr\u00e1nit i t\u011bm dal\u0161\u00edm.\u00a0 Z\u00e1rove\u0148 m\u016f\u017ee posunout lidstvo do nov\u00e9 evolu\u010dn\u00ed etapy. Sara Polak proto zd\u016fraznila, a\u0165 se neboj\u00edme p\u0159ich\u00e1zej\u00edc\u00edho pokroku a m\u00e1me odvahu b\u00fdt v\u00a0n\u011b\u010dem nejlep\u0161\u00ed na sv\u011bt\u011b.<\/p>\n<p>&#8212;<\/p>\n<h5><strong>O Aspen Institute Central Europe<\/strong><\/h5>\n<h5><strong>Aspen Institute Central Europe je nez\u00e1visl\u00e1 platforma, kde se mohou setk\u00e1vat a jednat p\u0159edstavitel\u00e9 politiky a byznysu, ale tak\u00e9 osobnosti z oblasti um\u011bn\u00ed, sportu \u010di v\u011bdy. C\u00edlem institutu je rozv\u00edjet mezioborovou spolupr\u00e1ci a podporovat mlad\u00e9 st\u0159edoevropsk\u00e9 l\u00eddry z r\u016fzn\u00fdch sektor\u016f v jejich osobn\u00edm i profesn\u00edm rozvoji.<\/strong><\/h5>\n","protected":false},"excerpt":{"rendered":"<p>Ve st\u0159edu 27. ledna 2021 se konala v\u00fdjime\u010dn\u00e1 online debata o um\u011bl\u00e9 inteligenci, kterou Aspen Institute Central Europe uspo\u0159\u00e1dal ve spolupr\u00e1ci s\u00a0den\u00edkem E15. C\u00edlem panelov\u00e9 diskuse, kter\u00e9 se z\u00fa\u010dastnili \u0161pi\u010dkov\u00ed odborn\u00edci na oblast AI, bylo demystifikovat pojem um\u011bl\u00e9 inteligence a roz\u0161\u00ed\u0159it pov\u011bdom\u00ed o jej\u00ed prosp\u011b\u0161nosti pro \u0161irokou ve\u0159ejnost. Jedn\u00edm ze st\u011b\u017eejn\u00edch bod\u016f diskuse byly p\u0159ek\u00e1\u017eky, [&hellip;]<\/p>\n","protected":false},"featured_media":0,"template":"","meta":{"_acf_changed":false},"class_list":["post-11488","press-article","type-press-article","status-publish","hentry"],"acf":[],"_links":{"self":[{"href":"https:\/\/www.aspeninstitutece.org\/cs\/wp-json\/wp\/v2\/press-article\/11488","targetHints":{"allow":["GET"]}}],"collection":[{"href":"https:\/\/www.aspeninstitutece.org\/cs\/wp-json\/wp\/v2\/press-article"}],"about":[{"href":"https:\/\/www.aspeninstitutece.org\/cs\/wp-json\/wp\/v2\/types\/press-article"}],"wp:attachment":[{"href":"https:\/\/www.aspeninstitutece.org\/cs\/wp-json\/wp\/v2\/media?parent=11488"}],"curies":[{"name":"wp","href":"https:\/\/api.w.org\/{rel}","templated":true}]}}