{"id":30219,"date":"2022-12-05T00:00:00","date_gmt":"2022-12-04T23:00:00","guid":{"rendered":"https:\/\/aspeninstitutece.softmedia.cz\/press-article\/aspen-ce-madeleine-k-albright-leadership-award-2\/"},"modified":"2024-11-25T21:41:22","modified_gmt":"2024-11-25T20:41:22","slug":"aspen-ce-madeleine-k-albright-leadership-award-2","status":"publish","type":"press-article","link":"https:\/\/www.aspeninstitutece.org\/cs\/press-article\/aspen-ce-madeleine-k-albright-leadership-award-2\/","title":{"rendered":"Aspen CE Madeleine K. Albright Leadership Award &#8211; CZ"},"content":{"rendered":"<p><b>Aspen Institute CE ocenil mlad\u00e9 za\u010d\u00ednaj\u00edc\u00ed profesion\u00e1lky.\u00a0<\/b><b>Ocen\u011bn\u00ed nov\u011b ponese jm\u00e9no\u00a0 Madeleine K. Albright<\/b><\/p>\n<p><span style=\"font-weight: 400;\">V n\u00e1vaznosti na ud\u00e1losti leto\u0161n\u00edho roku, ozn\u00e1milo veden\u00ed\u00a0<\/span><b>Aspen Institute CE<\/b><span style=\"font-weight: 400;\">\u00a0zm\u011bnu n\u00e1zvu ceny, kterou ud\u011bluje mlad\u00fdm za\u010d\u00ednaj\u00edc\u00edm profesion\u00e1l\u016fm s mimo\u0159\u00e1dn\u00fdmi \u00fasp\u011bchy ji\u017e od roku 2019. Ofici\u00e1ln\u00ed n\u00e1zev ocen\u011bn\u00ed, p\u016fvodn\u011b zn\u00e1m\u00e9 jako Aspen Central Europe Leadership Award, tak nov\u011b ponese n\u00e1zev\u00a0<\/span><b>Aspen CE Madeleine K. Albright Leadership Award<\/b><span style=\"font-weight: 400;\">. Letos cenu z\u00edskaly dv\u011b laure\u00e1tky, cenu p\u0159evzaly z rukou\u00a0<\/span><b>Milo\u0161e Vystr\u010dila<\/b><span style=\"font-weight: 400;\">, p\u0159edsedy Sen\u00e1tu Parlamentu \u010cesk\u00e9 republiky, a\u00a0<\/span><b>Pavla \u0158eh\u00e1ka<\/b><span style=\"font-weight: 400;\">, p\u0159edsedy spr\u00e1vn\u00ed rady Aspen Institute CE.<\/span><\/p>\n<p><span style=\"font-weight: 400;\">\u201e<\/span><i><span style=\"font-weight: 400;\">Velice n\u00e1s t\u011b\u0161\u00ed, \u017ee od leto\u0161n\u00edho roku ponese toto v\u00fdznamn\u00e9 ocen\u011bn\u00ed jm\u00e9no b\u00fdval\u00e9 ministryn\u011b zahrani\u010d\u00ed Spojen\u00fdch st\u00e1t\u016f americk\u00fdch\u00a0<\/span><\/i><b><i>Madeleine K. Albright<\/i><\/b><i><span style=\"font-weight: 400;\">, roda\u010dky z Prahy a velk\u00e9 podporovatelky Aspen CE, a \u017ee touto cenou budeme i nad\u00e1le ct\u00edt jej\u00ed celo\u017eivotn\u00ed posl\u00e1n\u00ed vzd\u011bl\u00e1vat a inspirovat mlad\u00e9 lidi, podporovat hodnotov\u00fd leadership a p\u0159isp\u00edvat k r\u016fstu spole\u010dnosti<\/span><\/i><span style=\"font-weight: 400;\">,\u201c uvedl\u00a0<\/span><b>Milan Va\u0161ina<\/b><span style=\"font-weight: 400;\">, v\u00fdkonn\u00fd \u0159editel Aspen Institute CE.<\/span><\/p>\n<p><span style=\"font-weight: 400;\">Touto cenou ka\u017edoro\u010dn\u011b Aspen Institute CE oce\u0148uje p\u0159edstavitele mlad\u00e9 generace, kte\u0159\u00ed ji\u017e na po\u010d\u00e1tku sv\u00e9 kari\u00e9ry prok\u00e1zali p\u0159\u00edkladn\u00fd leadership, projevili mimo\u0159\u00e1dn\u00fd potenci\u00e1l inspirovat ostatn\u00ed a d\u00e1le pozitivn\u011b ovliv\u0148uj\u00ed st\u0159edoevropskou spole\u010dnost.\u00a0<\/span><\/p>\n<p><span style=\"font-weight: 400;\">T\u00edmto ocen\u011bn\u00edm chce tak\u00e9 Institut podpo\u0159it samotn\u00e9 laure\u00e1ty v jejich dal\u0161\u00ed kari\u00e9\u0159e, aby i nad\u00e1le byli motivovan\u00ed a inspirovan\u00ed k veden\u00ed zalo\u017een\u00e9mu na hodnot\u00e1ch, mor\u00e1lce a odvaze.<\/span><\/p>\n<p><span style=\"font-weight: 400;\">Leto\u0161n\u00ed prvn\u00ed ocen\u011bnou laure\u00e1tkou je\u00a0<\/span><b>Jana Hlav\u00e1\u010dov\u00e1<\/b><span style=\"font-weight: 400;\">, advok\u00e1tka pacientsk\u00fdch pr\u00e1v a spoluzakladatelka agendy pro zapojen\u00ed pacient\u016f na Ministerstvu zdravotnictv\u00ed \u010cR, kter\u00e1 aktivn\u011b prosazuje demokratick\u00e9 principy a inovace ve ve\u0159ejn\u00e9 politice. Pot\u00e9, co j\u00ed byla diagnostikov\u00e1na roztrou\u0161en\u00e1 skler\u00f3za ve v\u011bku 24 let, za\u010dala aktivn\u011b p\u016fsobit jako dobrovolnice pro pacientsk\u00e9 organizace na n\u00e1rodn\u00ed i mezin\u00e1rodn\u00ed \u00farovni. V roce 2016 nastoupila na Ministerstvo zdravotnictv\u00ed \u010cR, aby se v\u011bnovala agend\u011b pacientsk\u00fdch organizac\u00ed a roli pacienta ve zdravotnick\u00e9m syst\u00e9mu.\u00a0 S t\u00fdmem spoluzalo\u017eila novou jednotku, nastavila komplexn\u00ed syst\u00e9m participace pacient\u016f a podpory pacientsk\u00fdch organizac\u00ed, aby zajistila, \u017ee se pacienti budou pod\u00edlet na utv\u00e1\u0159en\u00ed politik zdravotn\u00ed p\u00e9\u010de. B\u011bhem pandemie Covid-19 byla mezi dobrovoln\u00edky na ministerstvu, stala se sou\u010d\u00e1st\u00ed t\u00fdm\u016f nouzov\u00e9 reakce a p\u0159edev\u0161\u00edm pracovala na strategii o\u010dkov\u00e1n\u00ed proti Covid-19. Kr\u00e1tce po rusk\u00e9 invazi na Ukrajinu koordinovala vznik syst\u00e9mu poskytov\u00e1n\u00ed humanit\u00e1rn\u00ed pomoci Ukrajin\u011b s l\u00e9\u010divy. V sou\u010dasn\u00e9 dob\u011b pracuje jako prozatimn\u00ed gener\u00e1ln\u00ed \u0159editelka Evropsk\u00e9 platformy pro roztrou\u0161enou skler\u00f3zu v Bruselu. Aspen Institute CE ocenil Janu Hlav\u00e1\u010dovou jej\u00ed p\u0159\u00edkladn\u00fd hodnotov\u00fd leadership a p\u0159isp\u00edv\u00e1n\u00ed k vytv\u00e1\u0159en\u00ed lep\u0161\u00edho sv\u011bta prost\u0159ednictv\u00edm inovativn\u00edch politik, kter\u00e9 maj\u00ed pozitivn\u00ed soci\u00e1ln\u00ed dopad v l\u00e9ka\u0159sk\u00e9m sektoru, zejm\u00e9na organizac\u00ed zam\u011b\u0159en\u00fdch na pacienty, a svou aktivn\u00ed podporou odpov\u011bdn\u00e9ho ob\u010danstv\u00ed.<\/span><\/p>\n<p><span style=\"font-weight: 400;\">Druhou laure\u00e1tkou je\u00a0<\/span><b>Zuzanna Krz\u0105ta\u0142a<\/b><span style=\"font-weight: 400;\">. Prost\u0159ednictv\u00edm ter\u00e9nn\u00ed pr\u00e1ce s Mezin\u00e1rodn\u00edm z\u00e1chrann\u00fdm v\u00fdborem v Jord\u00e1nsku a na Lesbu se soust\u0159edila na aktivity posiluj\u00edc\u00ed postaven\u00ed uprchl\u00edk\u016f. Jako koordin\u00e1torka projektu v Humanity in Action Poland vede vzd\u011bl\u00e1vac\u00ed mentorsk\u00fd program pro mlad\u00e9 aktivisty z Polska, Ukrajiny, N\u011bmecka a USA. Ve sv\u00e9m podcastu CALL TO ACTION! Zuzanna hovo\u0159\u00ed s aktivisty o tom, jak nejl\u00e9pe vyu\u017e\u00edt jejich zdroje a vyhnout se vyho\u0159en\u00ed. Uprost\u0159ed rusk\u00e9 invaze na Ukrajinu v roce 2022 pom\u00e1h\u00e1 uprchl\u00edk\u016fm v Polsku t\u00edm, \u017ee host\u00ed ukrajinskou rodinu, z\u0159izuje a provozuje centra pro \u017eeny a d\u011bti a pro uprchl\u00edky organizuje dopravu a ubytov\u00e1n\u00ed v zahrani\u010d\u00ed. Zuzanna je tak\u00e9 projektovou mana\u017eerkou udr\u017eiteln\u00e9ho rozvoje ve Vogue Poland, kde je zodpov\u011bdn\u00e1 za ka\u017edoro\u010dn\u00ed Business Fashion Environment Summit ve Var\u0161av\u011b.<\/span><\/p>\n<p><span style=\"font-weight: 400;\">Aspen Institute CE ocenil Zuzannu Krzatalu za jej\u00ed inspirativn\u00ed a na hodnot\u00e1ch zalo\u017een\u00fd leadership, kter\u00fd demonstruje empatick\u00fdm bojem za lidsk\u00e1 pr\u00e1va, svou odvahou a podporou otev\u0159en\u00e9 spole\u010dnosti nejen v Polsku, ale po cel\u00e9m sv\u011bt\u011b.<\/span><\/p>\n<p>Tiskovou zpr\u00e1vu si m\u016f\u017eete st\u00e1hnout\u00a0<a href=\"https:\/\/www.aspeninstitutece.org\/wp-content\/uploads\/aspen-media\/2022\/12\/Aspen-CE-Madeleine-K.-Albright-Leadership-Award-2022.docx.pdf\">zde<\/a><\/p>\n","protected":false},"excerpt":{"rendered":"<p>Aspen Institute CE ocenil mlad\u00e9 za\u010d\u00ednaj\u00edc\u00ed profesion\u00e1lky.\u00a0Ocen\u011bn\u00ed nov\u011b ponese jm\u00e9no\u00a0 Madeleine K. Albright V n\u00e1vaznosti na ud\u00e1losti leto\u0161n\u00edho roku, ozn\u00e1milo veden\u00ed\u00a0Aspen Institute CE\u00a0zm\u011bnu n\u00e1zvu ceny, kterou ud\u011bluje mlad\u00fdm za\u010d\u00ednaj\u00edc\u00edm profesion\u00e1l\u016fm s mimo\u0159\u00e1dn\u00fdmi \u00fasp\u011bchy ji\u017e od roku 2019. Ofici\u00e1ln\u00ed n\u00e1zev ocen\u011bn\u00ed, p\u016fvodn\u011b zn\u00e1m\u00e9 jako Aspen Central Europe Leadership Award, tak nov\u011b ponese n\u00e1zev\u00a0Aspen CE Madeleine K. [&hellip;]<\/p>\n","protected":false},"featured_media":0,"template":"","meta":{"_acf_changed":false},"class_list":["post-30219","press-article","type-press-article","status-publish","hentry"],"acf":[],"_links":{"self":[{"href":"https:\/\/www.aspeninstitutece.org\/cs\/wp-json\/wp\/v2\/press-article\/30219","targetHints":{"allow":["GET"]}}],"collection":[{"href":"https:\/\/www.aspeninstitutece.org\/cs\/wp-json\/wp\/v2\/press-article"}],"about":[{"href":"https:\/\/www.aspeninstitutece.org\/cs\/wp-json\/wp\/v2\/types\/press-article"}],"wp:attachment":[{"href":"https:\/\/www.aspeninstitutece.org\/cs\/wp-json\/wp\/v2\/media?parent=30219"}],"curies":[{"name":"wp","href":"https:\/\/api.w.org\/{rel}","templated":true}]}}