{"id":30224,"date":"2021-12-02T00:00:00","date_gmt":"2021-12-01T23:00:00","guid":{"rendered":"https:\/\/aspeninstitutece.softmedia.cz\/press-article\/mladymi-lidry-stredni-evropy-2021-jsou-lubica-karvasova-jan-mencwel\/"},"modified":"2024-11-25T21:45:42","modified_gmt":"2024-11-25T20:45:42","slug":"mladymi-lidry-stredni-evropy-2021-jsou-lubica-karvasova-jan-mencwel","status":"publish","type":"press-article","link":"https:\/\/www.aspeninstitutece.org\/cs\/press-article\/mladymi-lidry-stredni-evropy-2021-jsou-lubica-karvasova-jan-mencwel\/","title":{"rendered":"Mlad\u00fdmi l\u00eddry st\u0159edn\u00ed Evropy 2021 jsou \u013dubica Karva\u0161ov\u00e1 a Jan Mencwel"},"content":{"rendered":"<p><strong>Praha 2. 12. 2021 <\/strong><\/p>\n<p>Slovensk\u00e1 diplomatka <strong>\u013dubica Karva\u0161ov\u00e1<\/strong> a polsk\u00fd aktivista a odborn\u00edk na nerovnost p\u0159\u00edle\u017eitost\u00ed <strong>Jan Mencwel<\/strong> se stali leto\u0161n\u00edmi laure\u00e1ty cen Aspen Central Europe Leadership Award 2021. Ty ud\u011bluje Aspen Instiute Central Europe ka\u017edoro\u010dn\u011b mlad\u00fdm za\u010d\u00ednaj\u00edc\u00edm l\u00eddr\u016fm za v\u00fdjime\u010dn\u00e9 \u00fasp\u011bchy v oblasti odpov\u011bdn\u00e9ho ob\u010dansk\u00e9ho p\u0159\u00edstupu a hodnotov\u00e9ho leadershipu se spole\u010densk\u00fdm dopadem.<\/p>\n<p><em>\u201eObzvl\u00e1\u0161\u0165 v dne\u0161n\u00ed slo\u017eit\u00e9 dob\u011b je vyhled\u00e1v\u00e1n\u00ed nov\u00fdch l\u00eddr\u016f velice d\u016fle\u017eit\u00e9,\u201c<\/em> ocenil jejich p\u0159\u00ednos <strong>Cordell Carter<\/strong>, v\u00fdkonn\u00fd \u0159editel Socrates Program Aspen Institute. Slavnostn\u00ed ud\u00edlen\u00ed cen bylo sou\u010d\u00e1st\u00ed v\u00fdro\u010dn\u00ed konference Kam kr\u00e1\u010d\u00ed\u0161 \u010cesko\/Evropo, kterou uspo\u0159\u00e1dal Aspen Institute Central Europe dne 2. 12. 2021.<\/p>\n<p><a href=\"https:\/\/www.aspeninstitutece.org\/people-profile\/lubica-karvasova\/\">\u013dubica Karva\u0161ov\u00e1<\/a> p\u016fsob\u00ed jako slovensk\u00e1 diplomatka v\u00edce ne\u017e deset let. V sou\u010dasnosti zast\u00e1v\u00e1 pozici prvn\u00edho \u0161erpy (poradce pro z\u00e1le\u017eitosti EU) na \u00fa\u0159adu p\u0159edsedy vl\u00e1dy, kde zalo\u017eila odbor EU. Je absolventkou Ekonomick\u00e9 univerzity v Bratislav\u011b a Univerzity Sorbonna v Pa\u0159\u00ed\u017ei. B\u011bhem prvn\u00edho slovensk\u00e9ho p\u0159edsednictv\u00ed v EU se stala \u010dlenem St\u00e1l\u00e9ho zastoupen\u00ed p\u0159i EU v Bruselu. Je \u010dlenkou Marshall Memorial Fellow v German Marshall Fund, absolventkou visegr\u00e1dsk\u00fdch program\u016f a program\u016f EU, v\u010detn\u011b programu Aspen Young Leaders Program. Jej\u00edmi hodnotami jsou slu\u017eba zemi, pevn\u00e1 v\u00edra v demokracii, svobodu i spolupr\u00e1ci a snaha o pozitivn\u00ed zm\u011bnu.<\/p>\n<p><em>\u201eOce\u0148ujeme \u013dubicu jako v\u00fdjime\u010dnou l\u00eddryni aktivn\u011b prosazuj\u00edc\u00ed odpov\u011bdn\u00e9 ob\u010danstv\u00ed, kter\u00e1 si zaslou\u017e\u00ed uzn\u00e1n\u00ed za sv\u016fj p\u0159\u00ednos st\u0159edoevropsk\u00e9, konkr\u00e9tn\u011b slovensk\u00e9, politice,\u201c<\/em> uvedl p\u0159edseda p\u0159edstavenstva Aspen CE Ivan Hod\u00e1\u010d.<\/p>\n<p><em>\u201eV\u016fdcovstv\u00ed n\u011bkdy znamen\u00e1, \u017ee opravdu mus\u00edte ud\u011blat v\u0161e, co m\u016f\u017eete, se v\u0161emi dovednostmi, kter\u00e9 m\u00e1te, abyste p\u0159isp\u011bli ke spole\u010dn\u00e9mu blahu,\u201c<\/em> komentovala sv\u00e9 anga\u017em\u00e1 \u013dubica Karva\u0161ov\u00e1.<\/p>\n<p>Druh\u00fdm laure\u00e1tem je\u00a0<a href=\"https:\/\/www.aspeninstitutece.org\/people-profile\/jan-mencwel\/\">Jan Mencwel<\/a>, polsk\u00fd spisovatel, zakladatel a v\u016fdce Miasto Jest Nasze, p\u0159edn\u00ed polsk\u00e9 skupiny aktivist\u016f zab\u00fdvaj\u00edc\u00edch se ekologi\u00ed, rovnost\u00ed a dostupnost\u00ed m\u011bst. Vystudoval kulturn\u00ed v\u011bdy na\u00a0Var\u0161avsk\u00e9 univerzit\u011b, vydal knihu a publikoval mnoho \u010dl\u00e1nk\u016f. Pod\u00edlel se\u00a0tak\u00e9 na r\u016fzn\u00fdch kampan\u00edch, kter\u00e9 se\u00a0zam\u011b\u0159ovaly na dom\u00e1c\u00ed i mezin\u00e1rodn\u00ed probl\u00e9my, zejm\u00e9na na\u00a0\u201eChlebem i Sol\u0105\u201c, kter\u00e1 se pokou\u0161ela pomoci migrant\u016fm, a\u00a0Inicjatywa Wolna Bia\u0142oru\u015b p\u0159i obran\u011b ob\u010dansk\u00e9 spole\u010dnosti v\u00a0B\u011blorusku.<\/p>\n<p><em>\u201eOce\u0148ujeme Janovo ne\u00fanavn\u00e9 \u00fasil\u00ed a mimo\u0159\u00e1dn\u00fd p\u0159\u00edsp\u011bvek k inovativn\u00ed politice s pozitivn\u00edm soci\u00e1ln\u00edm dopadem v\u00a0Polsku<\/em>,\u201c \u0159ekl p\u0159i p\u0159ed\u00e1v\u00e1n\u00ed ceny p\u0159edseda p\u0159edstavenstva Aspen CE Ivan Hod\u00e1\u010d. <em>\u00a0<\/em><\/p>\n<p><em>\u201eSna\u017e\u00edme se d\u011blat zm\u011bny, kter\u00e9 se zdaj\u00ed b\u00fdt nemo\u017en\u00e9<\/em>,\u201c uzav\u0159el slavnostn\u00ed akt Jan Mencwel s\u00a0odkazem na pr\u00e1ci aktivistick\u00e9 skupiny Miasto Jest Nasze.<\/p>\n","protected":false},"excerpt":{"rendered":"<p>Praha 2. 12. 2021 Slovensk\u00e1 diplomatka \u013dubica Karva\u0161ov\u00e1 a polsk\u00fd aktivista a odborn\u00edk na nerovnost p\u0159\u00edle\u017eitost\u00ed Jan Mencwel se stali leto\u0161n\u00edmi laure\u00e1ty cen Aspen Central Europe Leadership Award 2021. Ty ud\u011bluje Aspen Instiute Central Europe ka\u017edoro\u010dn\u011b mlad\u00fdm za\u010d\u00ednaj\u00edc\u00edm l\u00eddr\u016fm za v\u00fdjime\u010dn\u00e9 \u00fasp\u011bchy v oblasti odpov\u011bdn\u00e9ho ob\u010dansk\u00e9ho p\u0159\u00edstupu a hodnotov\u00e9ho leadershipu se spole\u010densk\u00fdm dopadem. \u201eObzvl\u00e1\u0161\u0165 v [&hellip;]<\/p>\n","protected":false},"featured_media":0,"template":"","meta":{"_acf_changed":false},"class_list":["post-30224","press-article","type-press-article","status-publish","hentry"],"acf":[],"_links":{"self":[{"href":"https:\/\/www.aspeninstitutece.org\/cs\/wp-json\/wp\/v2\/press-article\/30224","targetHints":{"allow":["GET"]}}],"collection":[{"href":"https:\/\/www.aspeninstitutece.org\/cs\/wp-json\/wp\/v2\/press-article"}],"about":[{"href":"https:\/\/www.aspeninstitutece.org\/cs\/wp-json\/wp\/v2\/types\/press-article"}],"wp:attachment":[{"href":"https:\/\/www.aspeninstitutece.org\/cs\/wp-json\/wp\/v2\/media?parent=30224"}],"curies":[{"name":"wp","href":"https:\/\/api.w.org\/{rel}","templated":true}]}}