{"id":30225,"date":"2021-09-15T00:00:00","date_gmt":"2021-09-14T22:00:00","guid":{"rendered":"https:\/\/aspeninstitutece.softmedia.cz\/press-article\/zvoleni-novych-clenu-dozorci-rady-aspen-institute-ce\/"},"modified":"2024-11-25T17:33:42","modified_gmt":"2024-11-25T16:33:42","slug":"zvoleni-novych-clenu-dozorci-rady-aspen-institute-ce","status":"publish","type":"press-article","link":"https:\/\/www.aspeninstitutece.org\/cs\/press-article\/zvoleni-novych-clenu-dozorci-rady-aspen-institute-ce\/","title":{"rendered":"Zvolen\u00ed nov\u00fdch \u010dlen\u016f dozor\u010d\u00ed rady Aspen Institute CE"},"content":{"rendered":"<p><b>NOV\u00ddMI \u010cLENY DOZOR\u010c\u00cd RADY ASPEN INSTITUTE CE SE STALI MICHAELA BAKALA A ZDEN\u011aK T\u016eMA\u00a0<\/b><\/p>\n<p><b>Praha, 15. 9. 2021\u00a0<\/b><\/p>\n<p>Do dozor\u010d\u00ed rady platformy Aspen Institute Central Europe byli v z\u00e1\u0159\u00ed zvoleni Michaela Bakala a Zden\u011bk T\u016fma.<\/p>\n<p><i><span style=\"font-weight: 400;\">\u201eR\u00e1d bych v na\u0161ich \u0159ad\u00e1ch p\u0159iv\u00edtal nov\u00e9 \u010dleny dozor\u010d\u00ed rady a z\u00e1rove\u0148 pod\u011bkoval<\/span><\/i> <i><span style=\"font-weight: 400;\">odch\u00e1zej\u00edc\u00edm \u010dlen\u016fm <\/span><\/i><b><i>Pepperovi De Callier, Pavlovi Kysilkovi a Paulu Kayovi<\/i><\/b><i><span style=\"font-weight: 400;\"> za skv\u011blou pr\u00e1ci,\u201d <\/span><\/i><span style=\"font-weight: 400;\">uvedl prezident a spoluzakladatel platformy Ivan Hod\u00e1\u010d.<\/span><\/p>\n<p><b>Michaela Bakala<\/b><span style=\"font-weight: 400;\"> je \u010desk\u00e1 podnikatelka a filantropka. Se sv\u00fdm man\u017eelem Zde\u0148kem Bakalou se pod\u00edlela na zalo\u017een\u00ed st\u0159edoevropsk\u00e9 pobo\u010dky Aspen Institutu, je m\u00edstop\u0159edsedkyn\u00ed spr\u00e1vn\u00ed rady Knihovny V\u00e1clava Havla a je tak\u00e9 patronkou ankety Top \u017eeny \u010ceska. <\/span><i><span style=\"font-weight: 400;\">\u201eNa\u0161e spole\u010dnost dnes, v\u00edc ne\u017e kdy jindy, pot\u0159ebuje l\u00eddry, kte\u0159\u00ed prok\u00e1\u017eou odvahu p\u0159evz\u00edt odpov\u011bdnost, kte\u0159\u00ed maj\u00ed vzd\u011bl\u00e1n\u00ed, odbornost, zku\u0161enost a pevn\u011b ukotven\u00e9 hodnoty jako je respekt a pokora. K rozvoji takov\u00fdch l\u00eddr\u016f Aspen v\u00fdrazn\u011b p\u0159isp\u00edv\u00e1, proto je pro m\u011b ct\u00ed b\u00fdt sou\u010d\u00e1st\u00ed t\u00e9to platformy,\u201c<\/span><\/i><span style=\"font-weight: 400;\"> \u0159ekla Michaela Bakala.<\/span><\/p>\n<p><span style=\"font-weight: 400;\">Ekonom <\/span><b>Zden\u011bk T\u016fma<\/b><span style=\"font-weight: 400;\"> je p\u0159edseda dozor\u010d\u00ed rady \u010cSOB, v letech 2000-2010 byl guvern\u00e9rem \u010cesk\u00e9 n\u00e1rodn\u00ed banky, pot\u00e9 pracoval jako partner poradensk\u00e9 spole\u010dnosti KPMG. <\/span><i><span style=\"font-weight: 400;\">\u201eV\u00e1\u017e\u00edm si platformy jako p\u0159\u00edle\u017eitosti pro osobn\u00ed i profesion\u00e1ln\u00ed r\u016fst. P\u0159in\u00e1\u0161\u00ed nov\u00e9 v\u00fdzvy, kter\u00e9 jsou z\u00e1sadn\u00ed pro budoucnost st\u0159edoevropsk\u00e9ho regionu,\u201c<\/span><\/i><span style=\"font-weight: 400;\"> sd\u011blil Zden\u011bk T\u016fma.<\/span><\/p>\n<p><span style=\"font-weight: 400;\">Aspen Institute Central Europe je partnerem <\/span><a href=\"https:\/\/www.aspeninstitutece.org\/global-network\/\"><span style=\"font-weight: 400;\">glob\u00e1ln\u00ed s\u00edt\u011b Aspen<\/span><\/a><span style=\"font-weight: 400;\">. Slou\u017e\u00ed jako politicky nestrann\u00e1 platforma, kde se mohou setk\u00e1vat a komunikovat politici se z\u00e1stupci podnik\u016f, p\u0159edn\u00edmi um\u011blci, sportovci, v\u011bdci i novin\u00e1\u0159i. Institut usnad\u0148uje mezioborovou a region\u00e1ln\u00ed spolupr\u00e1ci a podporuje mlad\u00e9 st\u0159edoevropsk\u00e9 l\u00eddry v jejich rozvoji.<\/span><\/p>\n<p><span style=\"font-weight: 400;\">Glob\u00e1ln\u00ed Aspen Institute, zalo\u017een\u00fd v roce 1950 ve Washingtonu, pokr\u00fdv\u00e1 Severn\u00ed Ameriku, Evropu a Asii. Institut ve st\u0159edn\u00ed Evrop\u011b vznikl v roce 2012 a p\u016fsob\u00ed po cel\u00e9m regionu \u2013 hlavn\u011b v \u010cesk\u00e9 republice, Ma\u010farsku, Polsku a na Slovensku.<\/span><\/p>\n","protected":false},"excerpt":{"rendered":"<p>NOV\u00ddMI \u010cLENY DOZOR\u010c\u00cd RADY ASPEN INSTITUTE CE SE STALI MICHAELA BAKALA A ZDEN\u011aK T\u016eMA\u00a0 Praha, 15. 9. 2021\u00a0 Do dozor\u010d\u00ed rady platformy Aspen Institute Central Europe byli v z\u00e1\u0159\u00ed zvoleni Michaela Bakala a Zden\u011bk T\u016fma. \u201eR\u00e1d bych v na\u0161ich \u0159ad\u00e1ch p\u0159iv\u00edtal nov\u00e9 \u010dleny dozor\u010d\u00ed rady a z\u00e1rove\u0148 pod\u011bkoval odch\u00e1zej\u00edc\u00edm \u010dlen\u016fm Pepperovi De Callier, Pavlovi Kysilkovi [&hellip;]<\/p>\n","protected":false},"featured_media":0,"template":"","meta":{"_acf_changed":false},"class_list":["post-30225","press-article","type-press-article","status-publish","hentry"],"acf":[],"_links":{"self":[{"href":"https:\/\/www.aspeninstitutece.org\/cs\/wp-json\/wp\/v2\/press-article\/30225","targetHints":{"allow":["GET"]}}],"collection":[{"href":"https:\/\/www.aspeninstitutece.org\/cs\/wp-json\/wp\/v2\/press-article"}],"about":[{"href":"https:\/\/www.aspeninstitutece.org\/cs\/wp-json\/wp\/v2\/types\/press-article"}],"wp:attachment":[{"href":"https:\/\/www.aspeninstitutece.org\/cs\/wp-json\/wp\/v2\/media?parent=30225"}],"curies":[{"name":"wp","href":"https:\/\/api.w.org\/{rel}","templated":true}]}}